{"id":103738,"date":"2025-09-09T16:54:07","date_gmt":"2025-09-09T16:54:07","guid":{"rendered":"https:\/\/www.europesays.com\/es\/103738\/"},"modified":"2025-09-09T16:54:07","modified_gmt":"2025-09-09T16:54:07","slug":"la-seleccion-espanola-junior-viaja-al-mundial-de-ruanda-con-el-sueno-del-arcoiris","status":"publish","type":"post","link":"https:\/\/www.europesays.com\/es\/103738\/","title":{"rendered":"La selecci\u00f3n espa\u00f1ola j\u00fanior viaja al Mundial de Ruanda con el sue\u00f1o del arco\u00edris"},"content":{"rendered":"<p data-mrf-recirculation=\"Links P\u00e1rrafos\" class=\"ue-c-article__paragraph paragraph ue-c-article--first-letter-highlighted\">La selecci\u00f3n espa\u00f1ola j\u00fanior <strong>viajar\u00e1 a Ruanda con la ilusi\u00f3n de ser grandes protagonistas<\/strong> en la batalla por el arco\u00edris despu\u00e9s de que en esta temporada se hayan establecido tanto el bloque femenino como el masculino como grandes referencias de la categor\u00eda. <strong>Paula Ostiz<\/strong>, <strong>vigente subcampeona del mundo<\/strong>, ha ganado en este 2025 el Tour de Flandes, las dos citas del G. P. Valromey y la general del Watersley Ladies Challenge, donde el equipo nacional, en la \u00faltima etapa, firm\u00f3 una inolvidable actuaci\u00f3n situando a Alejandra Neira, Ostiz, Irati Aranguren y Lidia Castro en las cuatro primeras posiciones de la etapa.\u00a0<\/p>\n<p data-mrf-recirculation=\"Links P\u00e1rrafos\" class=\"ue-c-article__paragraph paragraph\"><strong>Benjam\u00edn Noval,<\/strong> por su parte, se ha convertido en <strong>una de las grandes sensaciones de la categor\u00eda<\/strong>, ganando el G.P. F.W.R. BARON de la Copa de las Naciones y arrasando en los Campeonatos de Espa\u00f1a de carretera, tanto en la l\u00ednea como en la CRI, de BTT y de CX, adem\u00e1s de realizar otras fabulosas actuaciones tanto en &#8216;ciclocross&#8217; a principio de a\u00f1o como en carretera.<\/p>\n<p data-mrf-recirculation=\"Links P\u00e1rrafos\" class=\"ue-c-article__paragraph paragraph\">En esta <strong>edici\u00f3n 2025 del Campeonato del Mundo de Carretera<\/strong>, que por primera vez se celebrar\u00e1 en el continente africano, concretamente en Kigali (Ruanda), a m\u00e1s de 1.850 metros de altitud, la seleccionadora nacional Gema Pascual contar\u00e1 con un equipo compuesto por <strong>Paula Ostiz y Alejandra Neira<\/strong>, que disputar\u00e1n tanto la crono como la l\u00ednea, y <strong>Lidia Castro, Irati Aranguren y Leyre Almena<\/strong>, que competir\u00e1n \u00fanicamente en la ruta.<\/p>\n<p data-mrf-recirculation=\"Links P\u00e1rrafos\" class=\"ue-c-article__paragraph paragraph\">Eleuterio Anguita, seleccionador j\u00fanior masculino, ha conformado una escuadra integrada por <strong>Benjam\u00edn Noval y E\u00f1aut Urkaregi<\/strong>, que har\u00e1n l\u00ednea y crono, adem\u00e1s de <strong>Javier Cubillas, Ibai Villate y Mario Cordero<\/strong>, que completar\u00e1n el equipo de cara a la ruta.<\/p>\n<p><img decoding=\"async\" width=\"1170\" height=\"610\" class=\"ue-c-article__image lazyload\" alt=\"La selecci\u00f3n espa\u00f1ola j\u00fanior femenina.\" loading=\"lazy\" src=\"https:\/\/www.europesays.com\/es\/wp-content\/uploads\/2025\/09\/68c029cc937bb.jpeg\"\/><\/p>\n<p>La selecci\u00f3n espa\u00f1ola j\u00fanior femenina.RFEC<\/p>\n<p data-mrf-recirculation=\"Links P\u00e1rrafos\" class=\"ue-c-article__paragraph paragraph\"><strong>La contrarreloj j\u00fanior<\/strong>, tanto masculina como femenina, tendr\u00e1 lugar el <strong>martes 23 de septiembre<\/strong>, mientras que el <strong>viernes 26<\/strong> de septiembre se disputar\u00e1 la prueba en l\u00ednea j\u00fanior<strong> masculina<\/strong> y el <strong>s\u00e1bado 27<\/strong> de septiembre, la ruta j\u00fanior <strong>femenina<\/strong>.<\/p>\n<p data-mrf-recirculation=\"Links P\u00e1rrafos\" class=\"ue-c-article__paragraph paragraph\">La dureza ser\u00e1 la gran se\u00f1a de identidad de este Campeonato del Mundo de <strong>Kigali, un territorio conocido como \u201cla tierra de las mil colinas\u201d<\/strong>, algo de lo que queda constancia en el dise\u00f1o de los recorridos.<\/p>\n<p data-mrf-recirculation=\"Links P\u00e1rrafos\" class=\"ue-c-article__paragraph paragraph\">La <strong>contrarreloj j\u00fanior femenina<\/strong> contar\u00e1 con 18,3 km de recorrido e incluir\u00e1 en su tramo final la <strong>ascensi\u00f3n empedrada a la Cote de Kimihurura,<\/strong> de 1,3 al 6,3% de pendiente media. La<strong> crono j\u00fanior masculina<\/strong> se ir\u00e1 hasta los 22,6 km y contar\u00e1 en el ecuador de su recorrido con la <strong>subida a la Cote de Nyanza<\/strong>, de 2,5 km al 5,8 de pendiente media, adem\u00e1s de con el <strong>muro empedrado de la Cote de Kimihurura.<\/strong><\/p>\n<p data-mrf-recirculation=\"Links P\u00e1rrafos\" class=\"ue-c-article__paragraph paragraph\">La <strong>prueba en l\u00ednea j\u00fanior masculina <\/strong>constar\u00e1 de 119,3 km y 2.435 metros de desnivel, fruto de dar<strong> ocho giros al circuito local de Kigali<\/strong>, que incluye en cada vuelta las ascensiones a la Cote de Kimihurura y a la Cote Kigali Golf, de 800 metros al 8,1% de pendiente media. Las <strong>chicas j\u00fanior,<\/strong> por su parte, tendr\u00e1n que afrontar cinco giros al circuito local para completar un total de <strong>74,6 km y 1.520 metros de desnivel <\/strong>positivo acumulado.<\/p>\n","protected":false},"excerpt":{"rendered":"La selecci\u00f3n espa\u00f1ola j\u00fanior viajar\u00e1 a Ruanda con la ilusi\u00f3n de ser grandes protagonistas en la batalla por&hellip;\n","protected":false},"author":2,"featured_media":103739,"comment_status":"","ping_status":"","sticky":false,"template":"","format":"standard","meta":{"footnotes":""},"categories":[273],"tags":[313,312,168,25,24,23,167],"class_list":{"0":"post-103738","1":"post","2":"type-post","3":"status-publish","4":"format-standard","5":"has-post-thumbnail","7":"category-ciclismo","8":"tag-ciclismo","9":"tag-cycling","10":"tag-deportes","11":"tag-es","12":"tag-espana","13":"tag-spain","14":"tag-sports"},"share_on_mastodon":{"url":"","error":""},"_links":{"self":[{"href":"https:\/\/www.europesays.com\/es\/wp-json\/wp\/v2\/posts\/103738","targetHints":{"allow":["GET"]}}],"collection":[{"href":"https:\/\/www.europesays.com\/es\/wp-json\/wp\/v2\/posts"}],"about":[{"href":"https:\/\/www.europesays.com\/es\/wp-json\/wp\/v2\/types\/post"}],"author":[{"embeddable":true,"href":"https:\/\/www.europesays.com\/es\/wp-json\/wp\/v2\/users\/2"}],"replies":[{"embeddable":true,"href":"https:\/\/www.europesays.com\/es\/wp-json\/wp\/v2\/comments?post=103738"}],"version-history":[{"count":0,"href":"https:\/\/www.europesays.com\/es\/wp-json\/wp\/v2\/posts\/103738\/revisions"}],"wp:featuredmedia":[{"embeddable":true,"href":"https:\/\/www.europesays.com\/es\/wp-json\/wp\/v2\/media\/103739"}],"wp:attachment":[{"href":"https:\/\/www.europesays.com\/es\/wp-json\/wp\/v2\/media?parent=103738"}],"wp:term":[{"taxonomy":"category","embeddable":true,"href":"https:\/\/www.europesays.com\/es\/wp-json\/wp\/v2\/categories?post=103738"},{"taxonomy":"post_tag","embeddable":true,"href":"https:\/\/www.europesays.com\/es\/wp-json\/wp\/v2\/tags?post=103738"}],"curies":[{"name":"wp","href":"https:\/\/api.w.org\/{rel}","templated":true}]}}