{"id":103740,"date":"2025-09-09T16:56:19","date_gmt":"2025-09-09T16:56:19","guid":{"rendered":"https:\/\/www.europesays.com\/es\/103740\/"},"modified":"2025-09-09T16:56:19","modified_gmt":"2025-09-09T16:56:19","slug":"zierbena-ante-una-oportunidad-historica-en-la-concha","status":"publish","type":"post","link":"https:\/\/www.europesays.com\/es\/103740\/","title":{"rendered":"Zierbena, ante una oportunidad hist\u00f3rica en la Concha"},"content":{"rendered":"<p>\n        La trainera de<strong> Zierbena dispone de una oportunidad hist\u00f3rica el pr\u00f3ximo domingo en la segunda jornada de <\/strong><a href=\"https:\/\/www.deia.eus\/tags\/bandera-de-la-concha\/\" title=\"la Concha\" class=\"link copy\" rel=\"nofollow noopener\" target=\"_blank\">la Concha<\/a>. Y es que l<strong>os pupilos de Dani P\u00e9rez pueden lograr la primera victoria de la escuadra galipa en los 130 a\u00f1os de historia de la Bandera de Donosti<\/strong>a. La escuadra vizcaina <a href=\"https:\/\/www.deia.eus\/deportes\/remo\/2025\/09\/07\/zierbena-aprovecha-sancion-orio-dominar-bandera-la-concha-10054713.html\" title=\"dispone de una exigua renta de una d\u00e9cima de segundo sobre su m\u00e1s directo rival, Orio\" class=\"link copy\" rel=\"nofollow noopener\" target=\"_blank\">dispone de una exigua renta de una d\u00e9cima de segundo sobre su m\u00e1s directo rival, Orio<\/a>, en tanto que la Bou Bizkaia de Bermeo acumula una desventaja de 6 segundos y mantiene vivas sus opciones de bandera.\n<\/p>\n<p class=\"article-body__text \">\n        <strong>En 2018, s\u00f3lo 90 cent\u00e9simas separaron al equipo dirigido entonces por Juan Zunzunegi de inaugurar su casillero de victorias en la Concha. Zierbena se impuso a Hondarribia en la primera jornada por apenas 46 cent\u00e9simas y la Ama Guadalupekoa remont\u00f3 el segundo domingo.<\/strong> Con posterioridad, la entidad galipa ha finalizado segunda en tres ocasiones, en las ediciones de 2020 \u2013por detr\u00e1s de Hondarribia\u2013, 2023 y 2024, superada por Bermeo-Urdaibai. No obstante,<strong> salvo en la mencionada edici\u00f3n de 2018, nunca Zierbena hab\u00eda estado tan cerca de imponerse en la <\/strong><a href=\"https:\/\/www.deia.eus\/tags\/bandera-de-la-concha\/\" title=\"Bandera de la Concha\" class=\"link copy\" rel=\"nofollow noopener\" target=\"_blank\"><strong>Bandera de la Concha<\/strong><\/a><strong>.<\/strong>\n<\/p>\n<p class=\"article-body__text \">\n        <strong>Dani P\u00e9rez, entrenador de Zierbena<\/strong>, considera que el hecho de disfrutar de la oportunidad de ganar la Concha por primera vez en la historia no debe suponer una presi\u00f3n a\u00f1adida para su equipo. <strong>\u201cNo debemos verlo como presi\u00f3n. Si cambiamos la perspectiva y lo convertimos en una obsesi\u00f3n, ser\u00eda nuestro primer error antes de salir al agua. Tenemos que seguir siendo el mismo Zierbena humilde de toda la temporada, que hace bien las cosas y presenta pelea. No hemos ganado nada, pero tampoco lo hemos perdido.<\/strong> Hay que estar al 100% sin pensar en la historia ni en lo que no nos corresponde\u201d.\n<\/p>\n<p>            <a href=\"https:\/\/www.deia.eus\/deportes\/remo\/2025\/09\/08\/bandera-concha-rampa-puerto-donostia-aficionados-10057098.html\" title=\"La rampa del puerto, objeto de controversia en la Bandera de La Concha\" class=\"new__media\" rel=\"nofollow noopener\" target=\"_blank\"><\/p>\n<p>                <img alt=\"La rampa del puerto, objeto de controversia en la Bandera de La Concha\" data-src=\"https:\/\/www.europesays.com\/es\/wp-content\/uploads\/2025\/09\/16226464-ae11-41ae-a104-1a322eaa58cd_16-9-aspect-ratio_default_0.jpg\" class=\"lozad\"\/><\/p>\n<p>        <\/a><\/p>\n<p>        <a href=\"https:\/\/www.deia.eus\/deportes\/remo\/2025\/09\/08\/bandera-concha-rampa-puerto-donostia-aficionados-10057098.html\" title=\"La rampa del puerto, objeto de controversia en la Bandera de La Concha\" class=\"new__headline\" rel=\"nofollow noopener\" target=\"_blank\"><br \/>\n            La rampa del puerto, objeto de controversia en la Bandera de La Concha<br \/>\n        <\/a><\/p>\n<p class=\"article-body__text \">\n        Con una ventaja de 10 cent\u00e9simas sobre Orio para la segunda jornada, el t\u00e9cnico galipo tiene clara la estrategia a seguir. \u201c<strong>No hay otra estrategia posible que ser lo m\u00e1s r\u00e1pidos desde el minuto uno hasta el 20. No puedes reservarte ni planificar ataques porque Orio, Bermeo o Donostiarra tienen calidad para hacerte da\u00f1o. Debemos remar lineales al 100% todo el tiempo, leer bien la regata, responder a los ataques y aprovechar nuestros buenos momentos\u201d.<\/strong>\n<\/p>\n<p>  <strong>Regata sobresaliente<\/strong><\/p>\n<p class=\"article-body__text \">\n        <strong>La valoraci\u00f3n de la regata realizada por Zierbena en la primera jornada, es de sobresaliente, a juicio de su preparador. \u201cSalimos a hacer la regata m\u00e1s completa posible y creo que lo conseguimos. Las peque\u00f1as diferencias que hubo, tanto a favor como en contra, ten\u00edan m\u00e1s que ver con las calles que con fallos nuestros. El equipo estuvo muy grande<\/strong>\u201d. \u201cSab\u00edamos que ten\u00edamos que aprovechar mucho el largo de ida \u2013prosigue\u2013, porque luego ellos iban a tener el abrigo de la isla. Y as\u00ed fue. <strong>Entramos en la isla con esa desventaja de tres segundos y se mantuvo. Fue una regata superigualada con Orio, marcada m\u00e1s por la diferencia de calles que por otra cosa\u201d.<\/strong>\n<\/p>\n<p class=\"article-body__text \">\n        En cualquier caso, <strong>Dani P\u00e9rez considera que su escuadra debe seguir mejorando. \u201cHay que ayudar a los chavales a que lo hagan todav\u00eda mejor el fin de semana que viene. Las condiciones estaban para marcar ese tiempo, pero hab\u00eda que hacerlo, y el equipo estuvo muy fino. En competici\u00f3n, ha sido el mejor Zierbena visto hasta ahora<\/strong>. En el d\u00eda a d\u00eda ya lo ven\u00eda disfrutando porque es un equipo que entrena muy bien. Ayer se vio en el agua lo que yo veo en casa cada semana\u201d, confiesa el t\u00e9cnico gallego.\n<\/p>\n<p class=\"article-body__text \">\n        Orio logr\u00f3 una ventaja de tres segundos sobre Zierbena en el \u00faltimo cuarto de la primera jornada.<strong> P\u00e9rez, sin embargo, no considera que la regata se le hiciera larga a su equipo<\/strong>. \u201cMe parecer\u00eda muy injusto hacer esa lectura cuando el equipo estuvo entero. Compiti\u00f3 a menos frecuencia que los rivales, remando muy completo. <strong>En la \u00faltima parte, donde las calles de fuera ten\u00edan ventaja por el abrigo del viento lateral, el equipo supo mantenerse fr\u00edo. No fue una debilidad de Zierbena. Los \u00faltimos tres minutos dentro de puntas demostraron que no se increment\u00f3 la desventaja<\/strong>\u201d.\n<\/p>\n<p class=\"article-body__text \">\n        A pesar de finalizar la primera jornada de la Concha en lo m\u00e1s alto de la clasificaci\u00f3n y afrontar la segunda regata por delante de Orio, <strong>Dani P\u00e9rez, contin\u00faa se\u00f1alando al equipo amarillo como m\u00e1ximo favorito para llevarse la bandera. \u201cOrio sigue siendo favorito con claridad si lo analizamos desde la probabilidad estad\u00edstica. Otra cosa es que tanto Zierbena como Bermeo estemos recortando diferencias respecto a lo visto a mitad de temporada.<\/strong> Si repetimos el nivel del domingo, el desenlace de la regata depender\u00e1 mucho de las calles\u201d, advierte el entrenador de Zierbena, quien tampoco descarta a Bermeo en la lucha por la Bandera de Donostia. \u201c<strong>Me preocupa Bermeo y me preocupa Donostiarra. Son equipos con mucha calidad que, si hacen una buena regata, pueden influir psicol\u00f3gicamente en Orio o en Zierbena. No digo que estorben, sino que condicionen la pelea. Bermeo, con ese nivel, es un rival a tener muy en cuenta\u201d.<\/strong>\n<\/p>\n<p class=\"article-body__text \">\n        Dani P\u00e9rez<strong> considera \u201cinjusta y desproporcionada\u201d la sanci\u00f3n de tres segundos impuesta a Orio en la primera jornada. \u201cMe parece una animalada. Es muy injusto que haya sanciones deportivas por algo log\u00edstico, como lo de la zodiac. Pero las normas est\u00e1n claras y las conocemos desde hace varias temporada<\/strong>s. Aun as\u00ed, interfiere mucho en nuestro trabajo como entrenadores, porque tenemos que cambiar rutinas y salir con m\u00e1s antelaci\u00f3n al agua. Que eso tenga reflejo en el resultado deportivo es superinjusto\u201d, asegura el t\u00e9cnico galipo.<\/p>\n","protected":false},"excerpt":{"rendered":"La trainera de Zierbena dispone de una oportunidad hist\u00f3rica el pr\u00f3ximo domingo en la segunda jornada de la&hellip;\n","protected":false},"author":2,"featured_media":103741,"comment_status":"","ping_status":"","sticky":false,"template":"","format":"standard","meta":{"footnotes":""},"categories":[269],"tags":[299,298,18810,168,25,24,5229,2082,23,167,1997],"class_list":{"0":"post-103740","1":"post","2":"type-post","3":"status-publish","4":"format-standard","5":"has-post-thumbnail","7":"category-baloncesto","8":"tag-baloncesto","9":"tag-basketball","10":"tag-concha","11":"tag-deportes","12":"tag-es","13":"tag-espana","14":"tag-historica","15":"tag-oportunidad","16":"tag-spain","17":"tag-sports","18":"tag-zierbena"},"share_on_mastodon":{"url":"","error":""},"_links":{"self":[{"href":"https:\/\/www.europesays.com\/es\/wp-json\/wp\/v2\/posts\/103740","targetHints":{"allow":["GET"]}}],"collection":[{"href":"https:\/\/www.europesays.com\/es\/wp-json\/wp\/v2\/posts"}],"about":[{"href":"https:\/\/www.europesays.com\/es\/wp-json\/wp\/v2\/types\/post"}],"author":[{"embeddable":true,"href":"https:\/\/www.europesays.com\/es\/wp-json\/wp\/v2\/users\/2"}],"replies":[{"embeddable":true,"href":"https:\/\/www.europesays.com\/es\/wp-json\/wp\/v2\/comments?post=103740"}],"version-history":[{"count":0,"href":"https:\/\/www.europesays.com\/es\/wp-json\/wp\/v2\/posts\/103740\/revisions"}],"wp:featuredmedia":[{"embeddable":true,"href":"https:\/\/www.europesays.com\/es\/wp-json\/wp\/v2\/media\/103741"}],"wp:attachment":[{"href":"https:\/\/www.europesays.com\/es\/wp-json\/wp\/v2\/media?parent=103740"}],"wp:term":[{"taxonomy":"category","embeddable":true,"href":"https:\/\/www.europesays.com\/es\/wp-json\/wp\/v2\/categories?post=103740"},{"taxonomy":"post_tag","embeddable":true,"href":"https:\/\/www.europesays.com\/es\/wp-json\/wp\/v2\/tags?post=103740"}],"curies":[{"name":"wp","href":"https:\/\/api.w.org\/{rel}","templated":true}]}}