{"id":103810,"date":"2025-09-09T17:44:08","date_gmt":"2025-09-09T17:44:08","guid":{"rendered":"https:\/\/www.europesays.com\/es\/103810\/"},"modified":"2025-09-09T17:44:08","modified_gmt":"2025-09-09T17:44:08","slug":"rafa-nadal-sera-investido-doctor-honoris-causa-el-proximo-3-de-octubre","status":"publish","type":"post","link":"https:\/\/www.europesays.com\/es\/103810\/","title":{"rendered":"Rafa Nadal ser\u00e1 investido doctor honoris causa el pr\u00f3ximo 3 de octubre"},"content":{"rendered":"<p><img fetchpriority=\"high\" class=\"v-a-img\" src=\"https:\/\/www.europesays.com\/es\/wp-content\/uploads\/2025\/09\/nadal-RiAKOR99KyP1pkZrjGhEr9J-1200x840@Gaceta Salamanca.jpg\" loading=\"eager\" decoding=\"async\" alt=\"Imagen de Rafael Nadal.\"  width=\"1200\" height=\"840\"\/><\/p>\n<p>Imagen de Rafael Nadal.                  <\/p>\n<p>Emmanuele Charpentier, Premio Nobel de Qu\u00edmica, ser\u00e1 investida con el m\u00e1ximo reconocimiento el 24 de septiembre<\/p>\n<p><a class=\"v-mdl-ath__fig-a\" href=\"https:\/\/www.lagacetadesalamanca.es\/autor\/angel-benito-6033.html\" title=\"\u00c1ngel Benito\" rel=\"nofollow noopener\" target=\"_blank\"><br \/>\n<img decoding=\"async\" class=\"v-mdl-ath__img\" src=\"https:\/\/s2.ppllstatics.com\/comun\/img\/2014\/autor\/autor-6033-foto-1.png\" alt=\"\u00c1ngel Benito\"\/><br \/>\n<\/a><\/p>\n<p class=\"v-mdl-ath__p v-mdl-ath__p--6\">\nMartes, 9 de septiembre 2025, 18:58<\/p>\n<p>| Actualizado 19:15h.<\/p>\n<p class=\"v-p\"><strong>Rafael Nadal Parera<\/strong>, uno de los deportistas espa\u00f1oles m\u00e1s laureados de todos los tiempos ser\u00e1 reconocido como doctor honoris causa de la<strong> Universidad de Salamanca<\/strong> el pr\u00f3ximo<strong> 3 de octubre<\/strong>. Tras la aprobaci\u00f3n de la propuesta por parte del Consejo de Gobierno y el Claustro de Doctores, restaba poner las agendas en com\u00fan de la instituci\u00f3n salmantina y del tenista para que, finalmente, se haya elegido la fecha definitiva para que el tenista reciba la m\u00e1xima distinci\u00f3n del Estudio salmantino. <\/p>\n<p class=\"v-p\">El tenista tiene prevista su llegada al aeropuerto de Matac\u00e1n un d\u00eda antes,<strong> en torno a las 14 horas.<\/strong> El acto est\u00e1 previsto que sea a las<strong> 12 horas en el Paraninfo<\/strong> de la Universidad, el lugar m\u00e1s emblem\u00e1tico del Estudio salmantino. Tras recibir la m\u00e1xima distinci\u00f3n, se prev\u00e9 que se vaya de la capital del Tormes. <\/p>\n<p class=\"v-p\">En la justificaci\u00f3n de la iniciativa, la Universidad destaca su<strong> \u00abejemplo en todo el mundo de valores como la disciplina y el trabajo en equipo, la humildad y la sencillez, la perseverancia y el esp\u00edritu de superaci\u00f3n y el compromiso con la excelencia\u00bb.<\/strong> El manacor\u00ed cuenta con una dilatada trayectoria de reconocimientos que se ha ido ampliando tras su retirada. Entre ellos, destaca el Premio Pr\u00edncipe de Asturias del Deporte, que recibi\u00f3 en el a\u00f1o 2008. <\/p>\n<p class=\"v-p\">El encargado de su defensa, el decano de Educaci\u00f3n, Ricardo Canal, destac\u00f3 su <strong>\u00abtrayectoria profesional\u00bb<\/strong> como uno de los mejores deportistas de todos los tiempos. <\/p>\n<p class=\"v-p\">La Universidad tambi\u00e9n ha fijado la fecha para la entrega del honoris causa a <strong>Emmanuele Charpentier,<\/strong> Premio Nobel de Qu\u00edmica en el a\u00f1o 2020. Ser\u00e1 el <strong>24 de septiembre,<\/strong> tambi\u00e9n en el Paraninfo. <\/p>\n<p class=\"v-p\">Esta propuesta parti\u00f3 del Centro de Investigaci\u00f3n del C\u00e1ncer defendida por el profesor Alberto Mart\u00edn Pend\u00e1s como un transformador del mundo de la ciencia b\u00e1sica y aplicada a trav\u00e9s de sus contribuciones pioneras en el desarrollo de la t\u00e9cnica de edici\u00f3n gen\u00e9tica CRISPR-Cas9. <\/p>\n<p>Comenta<\/p>\n<p>Reporta un error<\/p>\n","protected":false},"excerpt":{"rendered":"Imagen de Rafael Nadal. Emmanuele Charpentier, Premio Nobel de Qu\u00edmica, ser\u00e1 investida con el m\u00e1ximo reconocimiento el 24&hellip;\n","protected":false},"author":2,"featured_media":103811,"comment_status":"","ping_status":"","sticky":false,"template":"","format":"standard","meta":{"footnotes":""},"categories":[274],"tags":[11072,168,6289,25,24,36247,36246,3489,9072,3444,12527,23,167,327,326],"class_list":{"0":"post-103810","1":"post","2":"type-post","3":"status-publish","4":"format-standard","5":"has-post-thumbnail","7":"category-tenis","8":"tag-causa","9":"tag-deportes","10":"tag-doctor","11":"tag-es","12":"tag-espana","13":"tag-honoris","14":"tag-investido","15":"tag-nadal","16":"tag-octubre","17":"tag-proximo","18":"tag-rafael","19":"tag-spain","20":"tag-sports","21":"tag-tenis","22":"tag-tennis"},"share_on_mastodon":{"url":"","error":""},"_links":{"self":[{"href":"https:\/\/www.europesays.com\/es\/wp-json\/wp\/v2\/posts\/103810","targetHints":{"allow":["GET"]}}],"collection":[{"href":"https:\/\/www.europesays.com\/es\/wp-json\/wp\/v2\/posts"}],"about":[{"href":"https:\/\/www.europesays.com\/es\/wp-json\/wp\/v2\/types\/post"}],"author":[{"embeddable":true,"href":"https:\/\/www.europesays.com\/es\/wp-json\/wp\/v2\/users\/2"}],"replies":[{"embeddable":true,"href":"https:\/\/www.europesays.com\/es\/wp-json\/wp\/v2\/comments?post=103810"}],"version-history":[{"count":0,"href":"https:\/\/www.europesays.com\/es\/wp-json\/wp\/v2\/posts\/103810\/revisions"}],"wp:featuredmedia":[{"embeddable":true,"href":"https:\/\/www.europesays.com\/es\/wp-json\/wp\/v2\/media\/103811"}],"wp:attachment":[{"href":"https:\/\/www.europesays.com\/es\/wp-json\/wp\/v2\/media?parent=103810"}],"wp:term":[{"taxonomy":"category","embeddable":true,"href":"https:\/\/www.europesays.com\/es\/wp-json\/wp\/v2\/categories?post=103810"},{"taxonomy":"post_tag","embeddable":true,"href":"https:\/\/www.europesays.com\/es\/wp-json\/wp\/v2\/tags?post=103810"}],"curies":[{"name":"wp","href":"https:\/\/api.w.org\/{rel}","templated":true}]}}