{"id":103826,"date":"2025-09-09T17:53:12","date_gmt":"2025-09-09T17:53:12","guid":{"rendered":"https:\/\/www.europesays.com\/es\/103826\/"},"modified":"2025-09-09T17:53:12","modified_gmt":"2025-09-09T17:53:12","slug":"antes-del-concierto-en-barcelona-este-sabado-13-septiembre-hablamos-con-alberto-rionda","status":"publish","type":"post","link":"https:\/\/www.europesays.com\/es\/103826\/","title":{"rendered":"Antes del concierto en Barcelona, este S\u00e1bado 13 Septiembre, hablamos con Alberto Rionda"},"content":{"rendered":"<p>\u00a0<\/p>\n<p><img loading=\"lazy\" decoding=\"async\" src=\"https:\/\/www.europesays.com\/es\/wp-content\/uploads\/2025\/09\/logo2019_350.png\" alt=\"AVALANCH\" width=\"350\" height=\"129\"\/><\/p>\n<p>\u00a0<\/p>\n<p><strong>Antes del concierto en Barcelona, este S\u00e1bado 13 Septiembre, hablamos con Alberto Rionda<\/strong><\/p>\n<p><strong>\u2013 Hola Alberto. \u00bfQu\u00e9 tal? Imagino que estar\u00e1s atareado de cara al concierto de <a href=\"https:\/\/avalanchoficial.com\/\" target=\"_blank\" rel=\"noopener nofollow\">AVALANCH<\/a> en Barcelona. \u00bfEst\u00e1is preparando de forma especial el show<\/strong><\/p>\n<p><strong>Rionda.- <\/strong>Hola Rafa, encantado como siempre.<\/p>\n<p>La verdad es que s\u00ed, estamos muy atareados. Un concierto en Barcelona siempre es especial y queremos que cada detalle est\u00e9 cuidado al m\u00e1ximo. Es una ciudad clave en la historia de <strong><a href=\"https:\/\/avalanchoficial.com\/\" target=\"_blank\" rel=\"noopener nofollow\">AVALANCH<\/a><\/strong> y el p\u00fablico merece lo mejor de nosotros.<\/p>\n<p><strong>\u2013 Imagino que estar\u00e1 basado en las actuaciones que est\u00e1is realizando en esta gira, con Ram\u00f3n y Pardial como vocalistas\u2026<\/strong><\/p>\n<p><strong>Rionda.- <\/strong> Respecto al show, s\u00ed, est\u00e1 basado en la gira actual, pero hemos querido darle matices propios para cada ciudad. Con Ram\u00f3n y Pardial en las voces la energ\u00eda es incre\u00edble, y eso nos permite jugar mucho con las din\u00e1micas y con el repertorio.<\/p>\n<p><strong>\u2013 Esta gira es m\u00e1gica, celebra el regreso de Ram\u00f3n y algunas emblem\u00e1ticas canciones. Del repertorio, \u00bfcon cuales te quedas y por qu\u00e9? <\/strong><\/p>\n<p><strong>Rionda.- <\/strong> El repertorio\u2026 uff, dif\u00edcil elegir. Pero siempre me quedo con las canciones que tienen una carga emocional especial. Hay cl\u00e1sicos que no pueden faltar porque forman parte de la vida de la gente, y luego hay otros temas que, aunque quiz\u00e1s no son tan \u201cobligatorios\u201d, me siguen emocionando como el primer d\u00eda. Seria injusto elegir una sola canci\u00f3n.<\/p>\n<p><img fetchpriority=\"high\" decoding=\"async\" src=\"https:\/\/www.europesays.com\/es\/wp-content\/uploads\/2025\/09\/1757440390_623_4.jpg\" alt=\"AVALANCH\" width=\"500\" height=\"333\"\/><\/p>\n<p><strong>\u2013 \u00bfCu\u00e1l es el instante m\u00e1s especial para ti en el show? <\/strong><\/p>\n<p><strong>Rionda.- <\/strong> El instante m\u00e1s especial del show para m\u00ed suele ser cuando escucho al p\u00fablico cantar a pleno pulm\u00f3n. Ese momento en que ya no importa qui\u00e9n est\u00e1 en el escenario porque todos formamos parte de lo mismo. Esa comuni\u00f3n es impagable. Concretamente en Alborada se genera un ambiente magico con Ramon y mi guitarra, y lo mismo ocurre en Vientos del Sur con Pardial y Manuel.<\/p>\n<p><strong>\u2013 La compenetraci\u00f3n entre Pardial y Ram\u00f3n a estas alturas es total, supongo\u2026<\/strong><\/p>\n<p><strong>Rionda.- <\/strong> La compenetraci\u00f3n entre Ram\u00f3n y Pardial es fant\u00e1stica. Es un lujo trabajar con dos voces tan potentes y tan diferentes, que lejos de pisarse se complementan. Eso nos da una versatilidad brutal y una puesta en escena muy rica.<\/p>\n<p><strong>\u2013 Volv\u00e9is a Barcelona, una vez m\u00e1s. \u00bfC\u00f3mo es para <a href=\"https:\/\/avalanchoficial.com\/\" target=\"_blank\" rel=\"noopener nofollow\">AVALANCH<\/a> tocar en esa ciudad tan importante? <\/strong><\/p>\n<p><strong>Rionda.- <\/strong> Volver a Barcelona es un regalo. Es una ciudad que siempre nos ha apoyado much\u00edsimo. Hay un v\u00ednculo especial, y cada vez que tocamos all\u00ed sentimos que estamos en casa.<\/p>\n<p><strong>\u2013 Vais a realizar conciertos en Latino Am\u00e9rica, \u00bfverdad? La magia en esos pa\u00edses es \u00fanica. El p\u00fablico se entrega en cuerpo y alma. Es emocionante estar a miles de kil\u00f3metros de casa y sentir que los fans cantan las canciones como si fueran suyas\u2026<\/strong><\/p>\n<p><strong>Rionda.- <\/strong> S\u00ed, tambi\u00e9n vamos a Latinoam\u00e9rica en Diciembre, Enero y Febrero. Lo de all\u00ed es otra dimensi\u00f3n: la pasi\u00f3n, la entrega, la emoci\u00f3n\u2026 Es dif\u00edcil explicarlo con palabras. Estar tan lejos de casa y sentir que los fans hacen las canciones suyas es una experiencia que te marca de por vida.<\/p>\n<p><strong>\u2013 Se que eres una persona que una de tus virtudes es la creatividad. Supongo que desde la anterior vez que hablamos, tendr\u00e1s compuestas muchas canciones, tendr\u00e1s m\u00faltiples melod\u00edas\u2026<\/strong><\/p>\n<p><strong>Rionda.- <\/strong> En cuanto a la creatividad, s\u00ed, sigo componiendo constantemente. Tengo muchas ideas, melod\u00edas y canciones en el caj\u00f3n. La inspiraci\u00f3n no se detiene, y creo que parte de mi labor es mantener siempre viva esa chispa.<\/p>\n<p><img loading=\"lazy\" decoding=\"async\" src=\"https:\/\/www.europesays.com\/es\/wp-content\/uploads\/2025\/09\/11.jpg\" alt=\"Rionda\" width=\"333\" height=\"500\"\/><\/p>\n<p><strong>\u2013 \u00bfY cuando termine esta gira, el futuro ser\u00e1 con Ram\u00f3n, con Pardial, con ambos\u2026?<\/strong><\/p>\n<p><strong>Rionda.- <\/strong> Sobre el futuro, lo m\u00e1s importante es que\u00a0 <strong><a href=\"https:\/\/avalanchoficial.com\/\" target=\"_blank\" rel=\"noopener nofollow\">AVALANCH<\/a> \u00a0<\/strong>sigue vivo y en plena forma. Pardial es nuestro vocalista, y quien debe forjar en adelante el camino que creemos. Ramon siempre ser\u00e1 parte de\u00a0 <strong><a href=\"https:\/\/avalanchoficial.com\/\" target=\"_blank\" rel=\"noopener nofollow\">AVALANCH<\/a> <\/strong>, eso est\u00e1 claro. De momento estamos disfrutando de esta gira y viviendo cada instante como se merece.<\/p>\n<p><strong>\u2013 \u00bfLa puerta est\u00e1 abierta?<\/strong><\/p>\n<p><strong>Rionda.- <\/strong> Creo que realmente no hay puertas. Fluiremos con lo que venga.<\/p>\n<p><strong>\u2013 Despide esta corta entrevista como quieras, Alberto<\/strong><\/p>\n<p><strong>Rionda.- <\/strong> Y para despedirme, simplemente gracias. Gracias a todos los fans, a la gente que nos sigue apoyando despu\u00e9s de tantos a\u00f1os, y gracias a ti, Rafa, por dar siempre voz al rock y al metal. Nos vemos en Barcelona para disfrutar juntos de una noche inolvidable.<\/p>\n<p>Un abrazo fuerte,<br \/>Alberto<\/p>\n<p><strong>Rafa Basa<\/strong><\/p>\n<p>\u00a0<\/p>\n<p><img loading=\"lazy\" decoding=\"async\" src=\"https:\/\/www.europesays.com\/es\/wp-content\/uploads\/2025\/09\/barcelona_sept25.jpg\" alt=\"AVALANCH \" width=\"500\" height=\"628\"\/><\/p>\n<p>\u00a0<\/p>\n<p>\u00a0<\/p>\n<p>\u00a0<\/p>\n<p>\u00a0<\/p>\n<p>\u00a0<\/p>\n<p>\u00a0<\/p>\n","protected":false},"excerpt":{"rendered":"\u00a0 \u00a0 Antes del concierto en Barcelona, este S\u00e1bado 13 Septiembre, hablamos con Alberto Rionda \u2013 Hola Alberto.&hellip;\n","protected":false},"author":2,"featured_media":103827,"comment_status":"","ping_status":"","sticky":false,"template":"","format":"standard","meta":{"footnotes":""},"categories":[170],"tags":[34326,146,147,25,24,184,185,23],"class_list":{"0":"post-103826","1":"post","2":"type-post","3":"status-publish","4":"format-standard","5":"has-post-thumbnail","7":"category-musica","8":"tag-avalanch","9":"tag-entertainment","10":"tag-entretenimiento","11":"tag-es","12":"tag-espana","13":"tag-music","14":"tag-musica","15":"tag-spain"},"share_on_mastodon":{"url":"","error":""},"_links":{"self":[{"href":"https:\/\/www.europesays.com\/es\/wp-json\/wp\/v2\/posts\/103826","targetHints":{"allow":["GET"]}}],"collection":[{"href":"https:\/\/www.europesays.com\/es\/wp-json\/wp\/v2\/posts"}],"about":[{"href":"https:\/\/www.europesays.com\/es\/wp-json\/wp\/v2\/types\/post"}],"author":[{"embeddable":true,"href":"https:\/\/www.europesays.com\/es\/wp-json\/wp\/v2\/users\/2"}],"replies":[{"embeddable":true,"href":"https:\/\/www.europesays.com\/es\/wp-json\/wp\/v2\/comments?post=103826"}],"version-history":[{"count":0,"href":"https:\/\/www.europesays.com\/es\/wp-json\/wp\/v2\/posts\/103826\/revisions"}],"wp:featuredmedia":[{"embeddable":true,"href":"https:\/\/www.europesays.com\/es\/wp-json\/wp\/v2\/media\/103827"}],"wp:attachment":[{"href":"https:\/\/www.europesays.com\/es\/wp-json\/wp\/v2\/media?parent=103826"}],"wp:term":[{"taxonomy":"category","embeddable":true,"href":"https:\/\/www.europesays.com\/es\/wp-json\/wp\/v2\/categories?post=103826"},{"taxonomy":"post_tag","embeddable":true,"href":"https:\/\/www.europesays.com\/es\/wp-json\/wp\/v2\/tags?post=103826"}],"curies":[{"name":"wp","href":"https:\/\/api.w.org\/{rel}","templated":true}]}}