{"id":103844,"date":"2025-09-09T18:05:08","date_gmt":"2025-09-09T18:05:08","guid":{"rendered":"https:\/\/www.europesays.com\/es\/103844\/"},"modified":"2025-09-09T18:05:08","modified_gmt":"2025-09-09T18:05:08","slug":"jean-silva-la-estrella-de-ufc-que-dice-seguir-los-pasos-de-ilia-topuria","status":"publish","type":"post","link":"https:\/\/www.europesays.com\/es\/103844\/","title":{"rendered":"Jean Silva, la estrella de UFC que dice seguir los pasos de Ilia Topuria"},"content":{"rendered":"<p>A pesar de los recientes tropiezos del equipo de los Fighting Nerds en Par\u00eds, el nombre de <strong>Jean Silva<\/strong> sigue en boca de todos. El luchador brasile\u00f1o, apodado &#8216;Lord&#8217;, se perfila como la \u00faltima esperanza de su equipo y est\u00e1 a un paso de consolidar su ascenso en la \u00e9lite de las <strong>artes marciales mixtas<\/strong>. En la antesala de su crucial combate contra <strong>Diego Lopes<\/strong> en el evento <strong>Noche <a href=\"https:\/\/www.diariohuarpe.com\/tags\/ufc\" rel=\"nofollow noopener\" class=\"link-amp\" target=\"_blank\">UFC<\/a><\/strong>, el peleador revivi\u00f3 una entrevista donde reafirm\u00f3 su ambici\u00f3n y su convicci\u00f3n de ser el futuro campe\u00f3n de su divisi\u00f3n.<\/p>\n<p>En la entrevista, realizada hace meses, Silva mostr\u00f3 una confianza inquebrantable. \u201cYo no espero nada, yo lo hago realidad\u201d, afirm\u00f3 con convicci\u00f3n. A pesar de llevar poco tiempo en la <strong>UFC<\/strong>, el peleador insiste en que su mete\u00f3rico ascenso es el resultado de a\u00f1os de dedicaci\u00f3n. \u201cA los ojos del mundo puede parecer poco tiempo, pero para m\u00ed llevo mucho en el camino, y tard\u00e9 en llegar hasta aqu\u00ed\u201d, agreg\u00f3. Silva se mostr\u00f3 seguro de su destino, declarando: \u201cSoy el pr\u00f3ximo campe\u00f3n de mi divisi\u00f3n y solo habr\u00e1 otro cuando yo me retire\u201d.<\/p>\n<p>El estilo de combate de <strong>Jean Silva<\/strong>, caracterizado por su agresividad, le ha ganado el favor del p\u00fablico. \u00c9l atribuye su \u00e9xito a la coherencia entre sus palabras y sus acciones, citando a Conor McGregor: \u201cHay un dicho, creo que Conor McGregor lo trajo para nosotros: hablar y hacer. Y es algo que siempre hice en mi vida\u201d. Para Silva, su grandeza no es una novedad, sino el resultado natural de una mentalidad forjada a lo largo de su trayectoria. \u201cPara m\u00ed es natural ser grande, ser gigante. Mi familia viene de esas cosas, entonces ser grande es normal\u201d, sentenci\u00f3.<\/p>\n<p>Jean Silva se luce en el oct\u00e1gono de UFC<\/p>\n<p>Cuando se le pregunt\u00f3 sobre qu\u00e9 se necesita para ser un campe\u00f3n, Silva sorprendi\u00f3 al desestimar el talento. \u201cNunca tuve talento. Lo que tuve siempre fue ganas de vencer en la vida\u201d, sostuvo. Para \u00e9l, la verdadera clave para un campe\u00f3n es el \u201camor\u201d, un sentimiento que, seg\u00fan su filosof\u00eda, debe estar presente en cada aspecto de la vida de un peleador: el amor por lo que se hace, por las personas que lo rodean y por la fe. \u00abHay que tener amor por encima de todo. Eso es lo que debe tener un campe\u00f3n\u00bb, afirm\u00f3.<\/p>\n<p>El brasile\u00f1o tambi\u00e9n habl\u00f3 abiertamente sobre la figura de<strong> <a href=\"https:\/\/www.instagram.com\/iliatopuria\/?hl=es-la\" rel=\"nofollow noopener\" class=\"link-amp\" target=\"_blank\">Ilia Topuria<\/a><\/strong>, a quien considera un modelo a seguir. Silva manifest\u00f3 que admira su trayectoria y busca \u00abimitarlo\u00bb en ciertos aspectos, pero con la intenci\u00f3n de superarlo. \u201c\u00c9l tard\u00f3 cuatro a\u00f1os en disputar el cintur\u00f3n; yo no llevo ni dos y ya voy a pelear por \u00e9l\u201d, se\u00f1al\u00f3, destacando que su crecimiento es mucho m\u00e1s acelerado. Aunque no descarta un futuro encuentro con Topuria si este vuelve a su divisi\u00f3n, Silva dej\u00f3 claro que no tiene planes de subir de categor\u00eda, ya que siente que su cuerpo est\u00e1 hecho para las 145 libras, aunque s\u00ed tiene el sue\u00f1o de pelear por el cintur\u00f3n BMF en una divisi\u00f3n superior.<\/p>\n<p><script async src=\"\/\/www.instagram.com\/embed.js\"><\/script><\/p>\n","protected":false},"excerpt":{"rendered":"A pesar de los recientes tropiezos del equipo de los Fighting Nerds en Par\u00eds, el nombre de Jean&hellip;\n","protected":false},"author":2,"featured_media":103845,"comment_status":"","ping_status":"","sticky":false,"template":"","format":"standard","meta":{"footnotes":""},"categories":[276],"tags":[168,25,24,23,167,343],"class_list":{"0":"post-103844","1":"post","2":"type-post","3":"status-publish","4":"format-standard","5":"has-post-thumbnail","7":"category-ufc","8":"tag-deportes","9":"tag-es","10":"tag-espana","11":"tag-spain","12":"tag-sports","13":"tag-ufc"},"share_on_mastodon":{"url":"","error":""},"_links":{"self":[{"href":"https:\/\/www.europesays.com\/es\/wp-json\/wp\/v2\/posts\/103844","targetHints":{"allow":["GET"]}}],"collection":[{"href":"https:\/\/www.europesays.com\/es\/wp-json\/wp\/v2\/posts"}],"about":[{"href":"https:\/\/www.europesays.com\/es\/wp-json\/wp\/v2\/types\/post"}],"author":[{"embeddable":true,"href":"https:\/\/www.europesays.com\/es\/wp-json\/wp\/v2\/users\/2"}],"replies":[{"embeddable":true,"href":"https:\/\/www.europesays.com\/es\/wp-json\/wp\/v2\/comments?post=103844"}],"version-history":[{"count":0,"href":"https:\/\/www.europesays.com\/es\/wp-json\/wp\/v2\/posts\/103844\/revisions"}],"wp:featuredmedia":[{"embeddable":true,"href":"https:\/\/www.europesays.com\/es\/wp-json\/wp\/v2\/media\/103845"}],"wp:attachment":[{"href":"https:\/\/www.europesays.com\/es\/wp-json\/wp\/v2\/media?parent=103844"}],"wp:term":[{"taxonomy":"category","embeddable":true,"href":"https:\/\/www.europesays.com\/es\/wp-json\/wp\/v2\/categories?post=103844"},{"taxonomy":"post_tag","embeddable":true,"href":"https:\/\/www.europesays.com\/es\/wp-json\/wp\/v2\/tags?post=103844"}],"curies":[{"name":"wp","href":"https:\/\/api.w.org\/{rel}","templated":true}]}}