{"id":103850,"date":"2025-09-09T18:08:08","date_gmt":"2025-09-09T18:08:08","guid":{"rendered":"https:\/\/www.europesays.com\/es\/103850\/"},"modified":"2025-09-09T18:08:08","modified_gmt":"2025-09-09T18:08:08","slug":"1-200-ciclistas-recorreran-el-pulmon-verde-del-parque-natural-en-la-v-gran-fondo-sierra-de-cazorla-segura-y-las-villas","status":"publish","type":"post","link":"https:\/\/www.europesays.com\/es\/103850\/","title":{"rendered":"1.200 ciclistas recorrer\u00e1n el pulm\u00f3n verde del Parque Natural en la V Gran Fondo Sierra de Cazorla, Segura y las Villas"},"content":{"rendered":"<p data-mrf-recirculation=\"Links P\u00e1rrafos\" class=\"ue-c-article__paragraph paragraph ue-c-article--first-letter-highlighted\">La <strong>Gran Fondo Sierra de Cazorla, Segura y Las Villas<\/strong>, una de las citas ciclistas m\u00e1s destacadas del a\u00f1o, confirma su celebraci\u00f3n<strong> el pr\u00f3ximo 27 de septiembre<\/strong>, invitando a ciclistas de carretera a descubrir el mayor espacio natural protegido de Espa\u00f1a en un entorno de belleza incomparable y con un ambiente festivo tras la carrera.<\/p>\n<p data-mrf-recirculation=\"Links P\u00e1rrafos\" class=\"ue-c-article__paragraph paragraph\">Los participantes afrontar\u00e1n <strong>una aventura ciclista de 144 kil\u00f3metros <\/strong>con un desnivel acumulado de 2.075 metros, atravesando parajes espectaculares dentro del Parque Natural de Cazorla, Segura y Las Villas, el segundo m\u00e1s extenso de Europa. El recorrido, <strong>con salida y llegada en el municipio de Cazorla<\/strong>, ofrece un desaf\u00edo accesible para ciclistas con buena preparaci\u00f3n y gusto por el paisaje.<\/p>\n<p data-mrf-recirculation=\"Links P\u00e1rrafos\" class=\"ue-c-article__paragraph paragraph\">El director de la prueba Pedro Fern\u00e1ndez ha subrayado que \u201cqueremos que cada participante sienta que <strong>no s\u00f3lo est\u00e1 en una marcha ciclista, sino en una experiencia \u00fanica <\/strong>que une deporte, naturaleza y convivencia\u201d. En esta l\u00ednea, ha a\u00f1adido que \u201cla Sierra de Cazorla, Segura y las Villas es un escenario inigualable, y nuestro objetivo es <strong>que cada ciclista se lleve un recuerdo imborrable<\/strong>, tanto del esfuerzo como del entorno que nos rodea\u201d.<\/p>\n<p data-mrf-recirculation=\"Links P\u00e1rrafos\" class=\"ue-c-article__paragraph paragraph\">Fern\u00e1ndez, ha a\u00f1adido que \u201c<strong>llevamos meses trabajando en cada detalle, desde la seguridad en el recorrido<\/strong> hasta los servicios al ciclista, ya que queremos ofrecer est\u00e1ndares de calidad similares a los de las grandes marchas internacionales, porque Cazorla y su gente merecen estar en el mapa del ciclismo mundial\u201d. Al hilo, ha se\u00f1alado que esta Gran Fondo \u201cno es s\u00f3lo un reto deportivo; es tambi\u00e9n una oportunidad para que ciclistas y acompa\u00f1antes <strong>descubran la riqueza cultural, gastron\u00f3mica y patrimonial de nuestra tierra<\/strong>, y as\u00ed contribuir a que Cazorla se convierta en un destino de referencia para el cicloturismo durante todo el a\u00f1o\u201d.<\/p>\n<p data-mrf-recirculation=\"Links P\u00e1rrafos\" class=\"ue-c-article__paragraph paragraph\">El director de la prueba, ha animado a ciclistas de todos los niveles a \u201cunirse, ya que aqu\u00ed <strong>no s\u00f3lo importa el cron\u00f3metro, importa disfruta<\/strong>r, compartir y vivir una jornada inolvidable y participar en esta celebraci\u00f3n del deporte y el ciclismo en la naturaleza\u201d.<\/p>\n<p>Inscripciones:<\/p>\n<p data-mrf-recirculation=\"Links P\u00e1rrafos\" class=\"ue-c-article__paragraph paragraph\">Al formalizar la inscripci\u00f3n, <strong>cada participante recibir\u00e1 un maillot oficial de la marca Gobik<\/strong>, especialmente dise\u00f1ado para esta Gran Fondo. Adem\u00e1s, tendr\u00e1n la opci\u00f3n de adquirir el culotte a juego, a precio de f\u00e1brica.\u00a0Los ciclistas con carnet ciclista pueden beneficiarse de un descuento de 5 euros gestionado a trav\u00e9s de su Federaci\u00f3n Auton\u00f3mica.<\/p>\n<p data-mrf-recirculation=\"Links P\u00e1rrafos\" class=\"ue-c-article__paragraph paragraph\"><strong>La marcha ha sido incluida en el calendario oficial de la UCI<\/strong> (Uni\u00f3n Ciclista Internacional), lo que refuerza su vinculaci\u00f3n con el panorama global del ciclismo y resalta su calidad organizativa.\u00a0La carrera cuenta con el apoyo y el patrocinio de la Diputaci\u00f3n Provincial de Ja\u00e9n, la Junta de Andaluc\u00eda y Caja Rural, as\u00ed como a los ayuntamientos y empresas colaboradoras en este evento deportivo que se est\u00e1 haciendo hueco como carrera ciclista en Espa\u00f1a.<\/p>\n","protected":false},"excerpt":{"rendered":"La Gran Fondo Sierra de Cazorla, Segura y Las Villas, una de las citas ciclistas m\u00e1s destacadas del&hellip;\n","protected":false},"author":2,"featured_media":103851,"comment_status":"","ping_status":"","sticky":false,"template":"","format":"standard","meta":{"footnotes":""},"categories":[273],"tags":[313,312,168,25,24,23,167],"class_list":{"0":"post-103850","1":"post","2":"type-post","3":"status-publish","4":"format-standard","5":"has-post-thumbnail","7":"category-ciclismo","8":"tag-ciclismo","9":"tag-cycling","10":"tag-deportes","11":"tag-es","12":"tag-espana","13":"tag-spain","14":"tag-sports"},"share_on_mastodon":{"url":"","error":""},"_links":{"self":[{"href":"https:\/\/www.europesays.com\/es\/wp-json\/wp\/v2\/posts\/103850","targetHints":{"allow":["GET"]}}],"collection":[{"href":"https:\/\/www.europesays.com\/es\/wp-json\/wp\/v2\/posts"}],"about":[{"href":"https:\/\/www.europesays.com\/es\/wp-json\/wp\/v2\/types\/post"}],"author":[{"embeddable":true,"href":"https:\/\/www.europesays.com\/es\/wp-json\/wp\/v2\/users\/2"}],"replies":[{"embeddable":true,"href":"https:\/\/www.europesays.com\/es\/wp-json\/wp\/v2\/comments?post=103850"}],"version-history":[{"count":0,"href":"https:\/\/www.europesays.com\/es\/wp-json\/wp\/v2\/posts\/103850\/revisions"}],"wp:featuredmedia":[{"embeddable":true,"href":"https:\/\/www.europesays.com\/es\/wp-json\/wp\/v2\/media\/103851"}],"wp:attachment":[{"href":"https:\/\/www.europesays.com\/es\/wp-json\/wp\/v2\/media?parent=103850"}],"wp:term":[{"taxonomy":"category","embeddable":true,"href":"https:\/\/www.europesays.com\/es\/wp-json\/wp\/v2\/categories?post=103850"},{"taxonomy":"post_tag","embeddable":true,"href":"https:\/\/www.europesays.com\/es\/wp-json\/wp\/v2\/tags?post=103850"}],"curies":[{"name":"wp","href":"https:\/\/api.w.org\/{rel}","templated":true}]}}