{"id":103856,"date":"2025-09-09T18:13:09","date_gmt":"2025-09-09T18:13:09","guid":{"rendered":"https:\/\/www.europesays.com\/es\/103856\/"},"modified":"2025-09-09T18:13:09","modified_gmt":"2025-09-09T18:13:09","slug":"la-arquitectura-del-futuro-para-tierras-altas-en-una-exposicion-en-soria","status":"publish","type":"post","link":"https:\/\/www.europesays.com\/es\/103856\/","title":{"rendered":"La arquitectura del futuro para Tierras Altas en una exposici\u00f3n en Soria"},"content":{"rendered":"<p class=\"prip\">La comarca soriana de Tierras Altas se convierte en el lienzo sobre el que un grupo de futuros arquitectos ha proyectado sus ideas m\u00e1s innovadoras. El <strong>Colegio Oficial de Arquitectos de Soria (COACYLE)<\/strong> se prepara para acoger la exposici\u00f3n &#8216;MEMORIAS DEL FUTURO. Sue\u00f1os de arquitectura para la comarca de Tierras Altas&#8217;, una iniciativa que explora nuevas posibilidades para uno de los territorios m\u00e1s emblem\u00e1ticos y afectados por la despoblaci\u00f3n en la provincia.<\/p>\n<p>La muestra es el resultado del trabajo acad\u00e9mico de los <strong>alumnos de cuarto curso<\/strong> de la Escuela de Arquitectura de la Universidad Europea de Madrid. A trav\u00e9s de una serie de proyectos de car\u00e1cter ut\u00f3pico, los estudiantes ofrecen una visi\u00f3n fresca y creativa, planteando soluciones arquitect\u00f3nicas que buscan dialogar con el paisaje, la historia y las necesidades futuras de la comarca.<\/p>\n<p>Seg\u00fan la informaci\u00f3n facilitada a este peri\u00f3dico por Luis \u00c1lvarez Alfaro, arquitecto y profesor de la citada universidad, la exposici\u00f3n no solo busca mostrar el talento de las nuevas generaciones, sino tambi\u00e9n abrir un debate sobre el <strong>potencial de la arquitectura<\/strong> como herramienta de transformaci\u00f3n y revitalizaci\u00f3n en el medio rural.<\/p>\n<p>\u00bfEn qu\u00e9 consiste la exposici\u00f3n &#8216;Memorias del Futuro&#8217;?<\/p>\n<p>La exposici\u00f3n re\u00fane una selecci\u00f3n de proyectos desarrollados por los estudiantes bajo la direcci\u00f3n de los profesores <strong>N\u00e9stor Montenegro Mateos y Luis \u00c1ngel \u00c1lvarez Alfaro<\/strong>. Cada propuesta representa un &#8216;sue\u00f1o&#8217; o una visi\u00f3n conceptual para Tierras Altas, abordando desde la vivienda hasta los espacios p\u00fablicos y las infraestructuras, siempre desde una perspectiva innovadora y, en ocasiones, disruptiva.<\/p>\n<p>El objetivo es estimular la imaginaci\u00f3n y reflexionar sobre c\u00f3mo la arquitectura puede contribuir a generar <strong>nuevas din\u00e1micas sociales y econ\u00f3micas<\/strong> en comarcas con baja densidad de poblaci\u00f3n. Se trata de un ejercicio acad\u00e9mico que trasciende las aulas para conectar directamente con los retos de un territorio real como el soriano.<\/p>\n<p>Inauguraci\u00f3n, conferencias y mesa redonda<\/p>\n<p>El acto de inauguraci\u00f3n de &#8216;Memorias del Futuro&#8217; est\u00e1 programado para el pr\u00f3ximo <strong>s\u00e1bado 20 de septiembre a las 12:00 horas<\/strong> en la sede del Colegio de Arquitectos de Soria. Este evento inicial no se limitar\u00e1 a la apertura de la muestra, sino que contar\u00e1 tambi\u00e9n con una serie de conferencias y una mesa redonda, enriqueciendo la propuesta con un espacio para el di\u00e1logo y el an\u00e1lisis.<\/p>\n<p>La participaci\u00f3n en este acto inaugural, al igual que la visita a la exposici\u00f3n durante todo el periodo, ser\u00e1 de <strong>entrada libre hasta completar el aforo<\/strong> disponible, ofreciendo a todos los sorianos la oportunidad de conocer de primera mano estas propuestas arquitect\u00f3nicas.<\/p>\n<p>Informaci\u00f3n pr\u00e1ctica para visitar la muestra<\/p>\n<p>Todos los interesados en explorar estas visiones de futuro para la comarca de Tierras Altas pueden visitar la exposici\u00f3n de forma gratuita. A continuaci\u00f3n, se detallan los datos clave:<\/p>\n<ul>\n<li><strong>Lugar:<\/strong> Sede del Colegio de Arquitectos de Soria (COACYLE), ubicada en la calle Caballeros, n\u00famero 23.<\/li>\n<p>&#13;<\/p>\n<li><strong>Fechas de la exposici\u00f3n:<\/strong> Del 20 de septiembre al 10 de octubre de 2025.<\/li>\n<p>&#13;<\/p>\n<li><strong>Acto de inauguraci\u00f3n:<\/strong> S\u00e1bado, 20 de septiembre de 2025, a las 12:00 horas.<\/li>\n<p>&#13;<\/p>\n<li><strong>Precio:<\/strong> Entrada libre y gratuita.<\/li>\n<p>&#13;\n<\/ul>\n","protected":false},"excerpt":{"rendered":"La comarca soriana de Tierras Altas se convierte en el lienzo sobre el que un grupo de futuros&hellip;\n","protected":false},"author":2,"featured_media":103857,"comment_status":"","ping_status":"","sticky":false,"template":"","format":"standard","meta":{"footnotes":""},"categories":[173],"tags":[11281,3739,229,233,231,230,4068,232,234,146,147,25,24,36253,36252,795,23,36254],"class_list":{"0":"post-103856","1":"post","2":"type-post","3":"status-publish","4":"format-standard","5":"has-post-thumbnail","7":"category-arte-y-diseno","8":"tag-altas","9":"tag-arquitectos","10":"tag-arte","11":"tag-arte-y-diseno","12":"tag-arts","13":"tag-arts-and-design","14":"tag-comarca","15":"tag-design","16":"tag-diseno","17":"tag-entertainment","18":"tag-entretenimiento","19":"tag-es","20":"tag-espana","21":"tag-futuros","22":"tag-imaginan","23":"tag-nueva","24":"tag-spain","25":"tag-tierras"},"share_on_mastodon":{"url":"","error":""},"_links":{"self":[{"href":"https:\/\/www.europesays.com\/es\/wp-json\/wp\/v2\/posts\/103856","targetHints":{"allow":["GET"]}}],"collection":[{"href":"https:\/\/www.europesays.com\/es\/wp-json\/wp\/v2\/posts"}],"about":[{"href":"https:\/\/www.europesays.com\/es\/wp-json\/wp\/v2\/types\/post"}],"author":[{"embeddable":true,"href":"https:\/\/www.europesays.com\/es\/wp-json\/wp\/v2\/users\/2"}],"replies":[{"embeddable":true,"href":"https:\/\/www.europesays.com\/es\/wp-json\/wp\/v2\/comments?post=103856"}],"version-history":[{"count":0,"href":"https:\/\/www.europesays.com\/es\/wp-json\/wp\/v2\/posts\/103856\/revisions"}],"wp:featuredmedia":[{"embeddable":true,"href":"https:\/\/www.europesays.com\/es\/wp-json\/wp\/v2\/media\/103857"}],"wp:attachment":[{"href":"https:\/\/www.europesays.com\/es\/wp-json\/wp\/v2\/media?parent=103856"}],"wp:term":[{"taxonomy":"category","embeddable":true,"href":"https:\/\/www.europesays.com\/es\/wp-json\/wp\/v2\/categories?post=103856"},{"taxonomy":"post_tag","embeddable":true,"href":"https:\/\/www.europesays.com\/es\/wp-json\/wp\/v2\/tags?post=103856"}],"curies":[{"name":"wp","href":"https:\/\/api.w.org\/{rel}","templated":true}]}}