{"id":103860,"date":"2025-09-09T18:16:11","date_gmt":"2025-09-09T18:16:11","guid":{"rendered":"https:\/\/www.europesays.com\/es\/103860\/"},"modified":"2025-09-09T18:16:11","modified_gmt":"2025-09-09T18:16:11","slug":"la-fundacion-grammy-entrega-la-beca-legado-paco-de-lucia-en-la-previa-del-evento-musical-en-el-cartuja-center","status":"publish","type":"post","link":"https:\/\/www.europesays.com\/es\/103860\/","title":{"rendered":"La Fundaci\u00f3n Grammy entrega la beca legado Paco de Luc\u00eda en la previa del evento musical en el Cartuja Center"},"content":{"rendered":"<p><img decoding=\"async\" class=\"voc-author__img\" src=\"https:\/\/www.europesays.com\/es\/wp-content\/uploads\/2025\/09\/autor-4168-foto-3.jpeg\" alt=\"Roc\u00edo V\u00e1zquez\"\/><\/p>\n<p>09\/09\/2025<br \/>\n<br \/><strong><br \/>\nActualizado a las 18:14h.<br \/>\n<\/strong><\/p>\n<p class=\"voc-p\" style=\"\">Vuelve el brillo de los<strong> Grammy Latinos <\/strong>a Sevilla dos a\u00f1os despu\u00e9s de que la ciudad hiciera historia con la celebraci\u00f3n -por primera y \u00fanica vez fuera de los EEUU- en Fibes de la gala de entrega de premios de la Academia Latina de Grabaci\u00f3n, precedida por toda una semana de eventos en torno al reconocimiento de la industria musical en espa\u00f1ol. Regresan las estrellas de ambos lados del charco, en un espect\u00e1culo de varias horas, en una nueva oportunidad para la capital andaluza para demostrar su capacidad organizativa.<\/p>\n<p class=\"voc-p\" style=\"\">Pero este martes, (el concierto ser\u00e1 ma\u00f1ana mi\u00e9rcoles en el <strong>Cartuja Center<\/strong>) ha habido una previa, un acto emocionante que ha servido para reconocer el talento andaluz y tambi\u00e9n para festejar la buena relaci\u00f3n de las dos instituciones que han hecho que durante los \u00faltimos tres a\u00f1os Andaluc\u00eda est\u00e9 en el mapa del mundo con m\u00e1s fuerza. La propia academia y la Junta de Andaluc\u00eda. <\/p>\n<p class=\"voc-p\" style=\"\">Esta ma\u00f1ana se ha hecho entrega de la <strong>primera beca Legado Paco de Luc\u00eda<\/strong> que otorga la <strong>Fundaci\u00f3n Cultural Latin Grammy<\/strong> junto a la <strong>Fundaci\u00f3n Paco de Luc\u00eda<\/strong>, cuyos representantes han estado presente en un acto que ha contado adem\u00e1s con la participaci\u00f3n de los artistas <strong>Arc\u00e1ngel<\/strong> y <strong>Pastora Soler<\/strong>, que han actuado de padrinos del protagonista del d\u00eda: el joven jerezano <strong>Marcos Gago Pino<\/strong>. <\/p>\n<p class=\"voc-p\" style=\"\">El chico, que dej\u00f3 el bal\u00f3n de f\u00fatbol por una guitarra con 9 a\u00f1os, y ya van diez que no la suelta, es el merecedor de este reconocimiento con un <strong>valor de 120.000 d\u00f3lares<\/strong>, y cubre la matr\u00edcula, instrumento, clases y experiencias complementarias de formaci\u00f3n y servicios integrales otorgados por la Fundaci\u00f3n Cultural Latin Grammy para que un estudiante asista a la instituci\u00f3n musical de su preferencia. <\/p>\n<p class=\"voc-p\" style=\"\">Marcos, que ha estado acompa\u00f1ado por sus padres y dos de sus hermanas, estudiar\u00e1 la carrera de Guitarra en el <strong>Conservatorio P\u00fablico de C\u00f3rdoba<\/strong> y seguir\u00e1 esforz\u00e1ndose por llevar su carrera a lo m\u00e1s alto.<\/p>\n<p class=\"voc-p\" style=\"\">Las personas que han intervenido en este encuentro no han escatimado en halagos al chico, que ha dado muestra de su talento con las seis cuerdas en un peque\u00f1o recital con gui\u00f1os al genio de Algeciras. <strong>Luis Cobos<\/strong>, presidente del Consejo Directivo de la Fundaci\u00f3n Cultural Latin Grammy, y <strong>Raquel &#8216;Rocky&#8217; Egusquiza<\/strong>, la directora ejecutiva de la Fundaci\u00f3n, han desgranado los programas de ayudas que llevan a cabo, 477 becas y una inversi\u00f3n de 14 millones de d\u00f3lares en subvenciones, programas educativos y mentor\u00edas a lo largo de la \u00faltima d\u00e9cada. \u00abOportunidades \u00fanicas e hist\u00f3ricas\u00bb, ha abundado el famoso director de orquesta espa\u00f1ol.<\/p>\n<p class=\"voc-p\" style=\"\">La cita tambi\u00e9n ha contado con la intervenci\u00f3n de <strong>Manuel Abud<\/strong>, CEO de la Academia Latina de la Grabaci\u00f3n, y <strong>Arturo Bernal<\/strong>, consejero de Turismo y Andaluc\u00eda Exterior de la Junta de Andaluc\u00eda. Ambos, en el cierre, se han felicitado por la fruct\u00edfera colaboraci\u00f3n durante un trienio que est\u00e1 alcanzando su fin. Adem\u00e1s del s\u00faper espect\u00e1culo de este mi\u00e9rcoles titulado <strong>&#8216;Latin Grammy Celebra: La m\u00fasica de Andaluc\u00eda&#8217;<\/strong>, donde pasar\u00e1n artistas como Aitana, Alejandro Sanz, David Bisbal, Manuel Carrasco, Ni\u00f1a Pastori, Vanesa Mart\u00edn, Arde Bogot\u00e1, Miguel R\u00edos, Rozal\u00e9n e India Mart\u00ednez, entre otros muchos, a la comunidad le falta a\u00fan poner una pica en Am\u00e9rica. La Junta de Andaluc\u00eda ser\u00e1 <strong>patrocinadora oficial<\/strong> de la gala de los Grammy Latinos de este 2025. Asimismo, uno de sus cantantes m\u00e1s internacionales, el linarense <strong>Raphael<\/strong>, ha sido nombrado <strong>Persona del A\u00f1o<\/strong> por la Academia Latina de Grabaci\u00f3n, as\u00ed que ser\u00e1 uno de los grandes protagonistas durante la Semana del Latin Grammy que se celebra en noviembre en Las Vegas. <\/p>\n<p class=\"voc-p\" style=\"\">\u00abSomos una ventana abierta a la creatividad, la elegr\u00eda y el talento, representados hoy en Marcos\u00bb, ha dicho el consejero en su intervenci\u00f3n, al tiempo que ha agradecido a la Academia haber \u00abconfiado\u00bb en Andaluc\u00eda para realizar una serie de actividades que de impacto econ\u00f3mico directo, s\u00f3lo la gala en Fibes de 2023, fue de <strong>190 millones de euros<\/strong>. En similares t\u00e9rminos se ha pronunciado Abud, \u00abagradecido\u00bb por la alianza. <\/p>\n<p class=\"voc-p\" style=\"\">De parte de la Fundaci\u00f3n Paco de Luc\u00eda, la otra gran art\u00edfice de esta beca que permitir\u00e1 a Marcos cumplir su sue\u00f1o, han acudido su director, <strong>Crist\u00f3bal S\u00e1nchez Blesa<\/strong>, y una de las hijas del maestro de la guitarra, <strong>Luc\u00eda S\u00e1nchez Varela<\/strong>. \u00abMarcos es una persona disciplinada, trabajadora y viene de una familia con valores, algo que sintoniza muy bien con lo que encarnaba Paco de Luc\u00eda\u00bb, ha contado el director. S\u00e1nchez Blesa ha incidido en las tres l\u00edneas que sigue la entidad que dirige: \u00abLa responsabilidad de cuidar el legado de Paco, proyectar el flamenco y atender al impacto social que el flamenco tiene en el tejidos social. El <strong>flamenco est\u00e1 pegado a las cosas de las sociedad<\/strong>, en su sustancia, hoy d\u00eda est\u00e1 en la modernidad y en la familia\u00bb.<\/p>\n<p>Reportar un error<\/p>\n","protected":false},"excerpt":{"rendered":"09\/09\/2025 Actualizado a las 18:14h. Vuelve el brillo de los Grammy Latinos a Sevilla dos a\u00f1os despu\u00e9s de&hellip;\n","protected":false},"author":2,"featured_media":103861,"comment_status":"","ping_status":"","sticky":false,"template":"","format":"standard","meta":{"footnotes":""},"categories":[170],"tags":[22782,5587,6283,146,36,147,25,24,933,2881,2791,363,14231,184,185,12212,1047,22611,23],"class_list":{"0":"post-103860","1":"post","2":"type-post","3":"status-publish","4":"format-standard","5":"has-post-thumbnail","7":"category-musica","8":"tag-beca","9":"tag-cartuja","10":"tag-center","11":"tag-entertainment","12":"tag-entrega","13":"tag-entretenimiento","14":"tag-es","15":"tag-espana","16":"tag-evento","17":"tag-fundacion","18":"tag-grammy","19":"tag-legado","20":"tag-lucia","21":"tag-music","22":"tag-musica","23":"tag-musical","24":"tag-paco","25":"tag-previa","26":"tag-spain"},"share_on_mastodon":{"url":"","error":""},"_links":{"self":[{"href":"https:\/\/www.europesays.com\/es\/wp-json\/wp\/v2\/posts\/103860","targetHints":{"allow":["GET"]}}],"collection":[{"href":"https:\/\/www.europesays.com\/es\/wp-json\/wp\/v2\/posts"}],"about":[{"href":"https:\/\/www.europesays.com\/es\/wp-json\/wp\/v2\/types\/post"}],"author":[{"embeddable":true,"href":"https:\/\/www.europesays.com\/es\/wp-json\/wp\/v2\/users\/2"}],"replies":[{"embeddable":true,"href":"https:\/\/www.europesays.com\/es\/wp-json\/wp\/v2\/comments?post=103860"}],"version-history":[{"count":0,"href":"https:\/\/www.europesays.com\/es\/wp-json\/wp\/v2\/posts\/103860\/revisions"}],"wp:featuredmedia":[{"embeddable":true,"href":"https:\/\/www.europesays.com\/es\/wp-json\/wp\/v2\/media\/103861"}],"wp:attachment":[{"href":"https:\/\/www.europesays.com\/es\/wp-json\/wp\/v2\/media?parent=103860"}],"wp:term":[{"taxonomy":"category","embeddable":true,"href":"https:\/\/www.europesays.com\/es\/wp-json\/wp\/v2\/categories?post=103860"},{"taxonomy":"post_tag","embeddable":true,"href":"https:\/\/www.europesays.com\/es\/wp-json\/wp\/v2\/tags?post=103860"}],"curies":[{"name":"wp","href":"https:\/\/api.w.org\/{rel}","templated":true}]}}