{"id":103884,"date":"2025-09-09T18:31:09","date_gmt":"2025-09-09T18:31:09","guid":{"rendered":"https:\/\/www.europesays.com\/es\/103884\/"},"modified":"2025-09-09T18:31:09","modified_gmt":"2025-09-09T18:31:09","slug":"etapa-16-de-la-vuelta-a-espana-2025-asi-queda-la-clasificacion-general-hoy","status":"publish","type":"post","link":"https:\/\/www.europesays.com\/es\/103884\/","title":{"rendered":"Etapa 16 de la Vuelta a Espa\u00f1a 2025: as\u00ed queda la clasificaci\u00f3n general hoy"},"content":{"rendered":"<p class=\"\"><b>Egan Bernal<\/b> (Ineos) se ha hecho con la victoria este martes en una <a href=\"https:\/\/as.com\/ciclismo\/vuelta_espana\/vuelta-a-espana-2025-hoy-en-directo-etapa-16-poio-mos-castro-de-herville-en-vivo-online-n\/\" target=\"_self\" rel=\"nofollow noopener\" title=\"https:\/\/as.com\/ciclismo\/vuelta_espana\/vuelta-a-espana-2025-hoy-en-directo-etapa-16-poio-mos-castro-de-herville-en-vivo-online-n\/\">16\u00aa etapa de La Vuelta a Espa\u00f1a<\/a> <b>que tuvo que finalizar a ocho kil\u00f3metros de la l\u00ednea de meta oficial<\/b>, ubicada en Mos Castro de Herville, <b>debido a unas protestas pro-Palestina<\/b>. <\/p>\n<p class=\"\">El colombiano logr\u00f3 su primer triunfo en una gran vuelta cuatro a\u00f1os despu\u00e9s tras batir a Landa en un sprint final descafeinado. <b>No hay cambios en la general<\/b>; <b>Vingegaard<\/b> mantiene el rojo con la misma ventaja sobre <b>Almeida<\/b>: 48 segundos.<\/p>\n<p><a title=\"Resultados de la 16\u00aa etapa\" href=\"https:\/\/as.com\/resultados\/ciclismo\/vuelta_espana\/2025\/clasificacion\/regular_a_16\/\" rel=\"nofollow noopener\" target=\"_blank\">Resultados de la 16\u00aa etapa<\/a><\/p>\n<p>1\u00ba Egan Bernal (Ineos) &#8211; 3h 35:10<\/p>\n<p>2\u00ba Mikel Landa (Soudal Quick-Step) &#8211; m.t.<\/p>\n<p>3\u00ba Brieuc Rolland (Groupama-FDJ) &#8211; a 7<\/p>\n<p>4\u00ba Nico Denz (Red Bull-Bora) &#8211; 1:02<\/p>\n<p>5\u00ba Clement Braz (Groupama-FDJ) &#8211; m.t.<\/p>\n<p><a title=\"General de La Vuelta 2025\" href=\"https:\/\/as.com\/resultados\/ciclismo\/vuelta_espana\/2025\/clasificacion\/regular_a_16\/\" rel=\"nofollow noopener\" target=\"_blank\">General de La Vuelta 2025<\/a><\/p>\n<p>1\u00ba Jonas Vingegaard (Visma) &#8211; 61h 16:35<\/p>\n<p>2\u00ba Joao Almeida (UAE) &#8211; a 48<\/p>\n<p>3\u00ba Tom Pidcock (Q36.5) &#8211; 2:38<\/p>\n<p>4\u00ba Jai Hindley (Red Bull-Bora) &#8211; 3:10<\/p>\n<p>5\u00ba Giulio Pellizzari (Red Bull-Bora) &#8211; 4:21<\/p>\n<p>Noticias relacionadas<a href=\"https:\/\/as.com\/ciclismo\/vuelta_espana\/vuelta-a-espana-2025-hoy-en-directo-etapa-16-poio-mos-castro-de-herville-en-vivo-online-n\/\" class=\"s_m_w\" title=\"El colombiano gana a 8 km de meta, donde se tomaron los tiempos por nuevas protestas pro-Palestina, ante un Landa que dio vida a la escapada.\" data-tb-link=\"\" rel=\"nofollow noopener\" target=\"_blank\"><img decoding=\"async\" src=\"https:\/\/www.europesays.com\/es\/wp-content\/uploads\/2025\/09\/FWKPHAP5BVNW5HURS74INNY4GU.jpg\" alt=\"Resumen de la Vuelta a Espa\u00f1a 2025: resultados y ganador de la etapa 16\" class=\"\" height=\"1\" width=\"1\"   loading=\"lazy\" data-tb-thumbnail=\"\"\/><\/a><a href=\"https:\/\/as.com\/ciclismo\/vuelta_espana\/las-protestas-dejan-la-vuelta-sin-un-nuevo-final-carretera-bloqueada-n\/\" class=\"s_m_w\" title=\"La 16\u00aa etapa termina a falta de 8 km al no poder llegar a la meta de Mos por los manifestantes que bloquearon la carretera. Agrio triunfo de Bernal. \" data-tb-link=\"\" rel=\"nofollow noopener\" target=\"_blank\"><img decoding=\"async\" src=\"https:\/\/www.europesays.com\/es\/wp-content\/uploads\/2025\/09\/1757442669_285_ENE5D6PM7FF5DCZOPP5CULMGTY.jpeg\" alt=\"Las protestas dejan La Vuelta sin otro final: carretera bloqueada\" class=\"\" height=\"1\" width=\"1\"   loading=\"lazy\" data-tb-thumbnail=\"\"\/><\/a><\/p>\n<p class=\"\"><b>\u00a1Tus opiniones importan!<\/b> Comenta en los art\u00edculos y suscr\u00edbete gratis a nuestra <a href=\"https:\/\/asfan.as.com\/newsletters\/\" rel=\"nofollow noopener\" title=\"https:\/\/asfan.as.com\/newsletters\/\" target=\"_blank\">newsletter<\/a> y a las alertas informativas en la <a href=\"https:\/\/as.com\/aplicacion-de-as-n\/\" rel=\"nofollow noopener\" title=\"https:\/\/as.com\/aplicacion-de-as-n\/\" target=\"_blank\">App<\/a> o el canal de <a href=\"https:\/\/www.whatsapp.com\/channel\/0029VaAasdA7j6g745nz9M10\" rel=\"nofollow noopener\" title=\"https:\/\/www.whatsapp.com\/channel\/0029VaAasdA7j6g745nz9M10\" target=\"_blank\">WhatsApp<\/a>.<\/p>\n<p class=\"\">\u00bfBuscas licenciar contenido? Haz clic <a href=\"https:\/\/profesional.elpais.com\/soluciones-sindicacion?utm_medium=interno&amp;utm_source=crosslinking&amp;utm_campaign=sindicacion_as_pie_articulos\" rel=\"nofollow noopener\" title=\"https:\/\/profesional.elpais.com\/soluciones-sindicacion?utm_medium=interno&amp;utm_source=crosslinking&amp;utm_campaign=sindicacion_as_pie_articulos\" target=\"_blank\">aqu\u00ed<\/a><\/p>\n","protected":false},"excerpt":{"rendered":"Egan Bernal (Ineos) se ha hecho con la victoria este martes en una 16\u00aa etapa de La Vuelta&hellip;\n","protected":false},"author":2,"featured_media":103885,"comment_status":"","ping_status":"","sticky":false,"template":"","format":"standard","meta":{"footnotes":""},"categories":[273],"tags":[313,312,168,25,24,23,167],"class_list":{"0":"post-103884","1":"post","2":"type-post","3":"status-publish","4":"format-standard","5":"has-post-thumbnail","7":"category-ciclismo","8":"tag-ciclismo","9":"tag-cycling","10":"tag-deportes","11":"tag-es","12":"tag-espana","13":"tag-spain","14":"tag-sports"},"share_on_mastodon":{"url":"","error":""},"_links":{"self":[{"href":"https:\/\/www.europesays.com\/es\/wp-json\/wp\/v2\/posts\/103884","targetHints":{"allow":["GET"]}}],"collection":[{"href":"https:\/\/www.europesays.com\/es\/wp-json\/wp\/v2\/posts"}],"about":[{"href":"https:\/\/www.europesays.com\/es\/wp-json\/wp\/v2\/types\/post"}],"author":[{"embeddable":true,"href":"https:\/\/www.europesays.com\/es\/wp-json\/wp\/v2\/users\/2"}],"replies":[{"embeddable":true,"href":"https:\/\/www.europesays.com\/es\/wp-json\/wp\/v2\/comments?post=103884"}],"version-history":[{"count":0,"href":"https:\/\/www.europesays.com\/es\/wp-json\/wp\/v2\/posts\/103884\/revisions"}],"wp:featuredmedia":[{"embeddable":true,"href":"https:\/\/www.europesays.com\/es\/wp-json\/wp\/v2\/media\/103885"}],"wp:attachment":[{"href":"https:\/\/www.europesays.com\/es\/wp-json\/wp\/v2\/media?parent=103884"}],"wp:term":[{"taxonomy":"category","embeddable":true,"href":"https:\/\/www.europesays.com\/es\/wp-json\/wp\/v2\/categories?post=103884"},{"taxonomy":"post_tag","embeddable":true,"href":"https:\/\/www.europesays.com\/es\/wp-json\/wp\/v2\/tags?post=103884"}],"curies":[{"name":"wp","href":"https:\/\/api.w.org\/{rel}","templated":true}]}}