{"id":103888,"date":"2025-09-09T18:33:12","date_gmt":"2025-09-09T18:33:12","guid":{"rendered":"https:\/\/www.europesays.com\/es\/103888\/"},"modified":"2025-09-09T18:33:12","modified_gmt":"2025-09-09T18:33:12","slug":"el-paseo-ramon-acin-y-sus-pajaritas-protagonistas-de-la-nueva-equipacion-del-cb-penas","status":"publish","type":"post","link":"https:\/\/www.europesays.com\/es\/103888\/","title":{"rendered":"El paseo Ram\u00f3n Ac\u00edn y sus pajaritas, protagonistas de la nueva equipaci\u00f3n del CB Pe\u00f1as"},"content":{"rendered":"<p class=\"paragraph\"><b>El Club Baloncesto Pe\u00f1as ha desvelado esta martes su nueva primera equipaci\u00f3n<\/b> para la temporada 2025\/2026 en Segunda FEB en un entorno cargado de simbolismo: <b>el paseo Ram\u00f3n Ac\u00edn del Parque Miguel Servet. Una localizaci\u00f3n elegida con intenci\u00f3n,<\/b> ya que este curso se convierte junto a sus <b>Pajaritas<\/b> en el gran protagonista del nuevo dise\u00f1o, que rinde tributo a algunos de los rincones m\u00e1s ic\u00f3nicos de la ciudad de Huesca.<\/p>\n<p class=\"paragraph\">El acto de presentaci\u00f3n ha sido conducido por<b> Javier Gella,<\/b> portavoz del club oscense, quien ha explicado los detalles t\u00e9cnicos y conceptuales de una camiseta que busca generar un v\u00ednculo emocional con la ciudad, sus s\u00edmbolos y sus gentes.<\/p>\n<p class=\"paragraph\">La equipaci\u00f3n <b>mantiene el caracter\u00edstico verde laurentino, emblema indiscutible de Huesca <\/b>y color ya inseparable de la historia del CB Pe\u00f1as. Pero este a\u00f1o, el dise\u00f1o incorpora nuevas referencias visuales. La novedad m\u00e1s llamativa se encuentra en la parte frontal de la camiseta: u<b>na franja central vertical que representa el Paseo Ram\u00f3n Ac\u00edn, uno de los espacios m\u00e1s reconocibles del Parque Miguel Servet. La banda finaliza justo bajo el cuello con la silueta de Las Pajaritas<\/b>, las ic\u00f3nicas esculturas que rinden homenaje al artista oscense Ram\u00f3n Ac\u00edn, y que dan nombre popular a este paseo.\u00a0<\/p>\n<p class=\"paragraph\">Por otra parte, cuenta con <b>una franja lateral en color mostaza<\/b> que recorre ambos lados de la camiseta. Este tono, menos habitual, ha sido introducido como gui\u00f1o al escudo del CB Pe\u00f1as, donde este color tambi\u00e9n est\u00e1 presente. La intenci\u00f3n, seg\u00fan el propio club, es aportar <b>\u201cm\u00e1s alegr\u00eda y dinamismo visual\u201d<\/b> al conjunto.<\/p>\n<p>        <img decoding=\"async\" loading=\"lazy\" width=\"640\" alt=\"\u00c1lex Rub\u00edn de Celis.\" height=\"853\" src=\"https:\/\/imagenes.diariodelaltoaragon.es\/files\/image_640_auto\/uploads\/imagenes\/2025\/09\/09\/alex-rubin-de-celis.jpeg\" data-full-src=\"https:\/\/www.europesays.com\/es\/wp-content\/uploads\/2025\/09\/alex-rubin-de-celis.jpeg\"\/><\/p>\n<p>    \u00c1lex Rub\u00edn de Celis.J. G.<\/p>\n<p class=\"paragraph\">El dise\u00f1o vuelve a llevar <b>la firma de Lorenzo Caudevilla. \u00abLe damos las gracias un a\u00f1o m\u00e1s<\/b>, porque sabemos que sus dise\u00f1os siempre gustan a la gente\u00bb, valor\u00f3 Gella.<\/p>\n<p class=\"paragraph\">En el apartado t\u00e9cnico, la camiseta de esta temporada da un paso adelante en calidad. Javier Gella ha querido destacar que el club contin\u00faa confiando en una empresa de casa: <b>\u201cNos gustar\u00eda destacar que otro a\u00f1o m\u00e1s seguimos con una empresa de casa como Barri.<\/b> Este a\u00f1o adem\u00e1s contamos con un tejido m\u00e1s suave y t\u00e9cnico que esperamos siga gustando a los jugadores\u201d.<\/p>\n<p class=\"paragraph\"><b>Uno de los objetivos del nuevo dise\u00f1o es seguir atrayendo a las nuevas generaciones de aficionados<\/b> que en los \u00faltimos a\u00f1os se han sumado al proyecto del Lobe Huesca La Magia. Para ello, se ha optado por un estilo visual m\u00e1s moderno, con una <b>tipograf\u00eda actual<\/b>, de inspiraci\u00f3n universitaria.<\/p>\n<p class=\"paragraph\">\u201cEs una camiseta m\u00e1s moderna que <b>pretende tambi\u00e9n seguir enganchando a aquellos j\u00f3venes que se est\u00e1n sumando <\/b>al Pe\u00f1as y al Lobe Huesca La Magia\u201d, ha comentado Gella, se\u00f1alando que el club quiere seguir creciendo con el apoyo de una afici\u00f3n cada vez m\u00e1s diversa y entregada.<\/p>\n<p class=\"paragraph\">Adem\u00e1s, en la parte posterior de la camiseta contin\u00faa presente otro de los s\u00edmbolos identitarios del club: <b>la parrilla de San Lorenzo<\/b>, patr\u00f3n de la ciudad.<\/p>\n<p class=\"paragraph\">Otro de los anuncios destacados de la jornada ha sido la promesa del club de ampliar la gama de productos oficiales disponibles para los aficionados.<\/p>\n<p class=\"paragraph\"><b>\u201cEste a\u00f1o habr\u00e1 mucho m\u00e1s producto del Pe\u00f1as<\/b> para que los aficionados sigan acudiendo al Palacio con nuestros colores y animar a nuestro equipo\u201d, ha asegurado.<\/p>\n<p>Un n\u00famero especial para Guillem V\u00e1zquez<\/p>\n<p class=\"paragraph\">Por otro lado, este a\u00f1o <b>el n\u00famero que se comercializar\u00e1 ser\u00e1 el 77, el cual porta Guillem V\u00e1zquez<\/b> desde hace a\u00f1os en honor a un gran amigo suyo: \u00abLlevo el n\u00famero 77 desde que formaba parte de la cantera del Joventut. Supone mucho para m\u00ed, <b>lo porto al igual que hizo un gran amigo que compet\u00eda en MotoGP y que falleci\u00f3 (Andreas P\u00e9rez)<\/b>. Tambi\u00e9n es un n\u00famero que ha llevado mucho Luka Doncic \u00faltimamente, as\u00ed que simboliza mucho para m\u00ed\u00bb.<\/p>\n<p class=\"paragraph\">El precio de la camiseta es el mismo que el de la temporada pasada. <b>Costar\u00e1 39,90 euros.<\/b><\/p>\n","protected":false},"excerpt":{"rendered":"El Club Baloncesto Pe\u00f1as ha desvelado esta martes su nueva primera equipaci\u00f3n para la temporada 2025\/2026 en Segunda&hellip;\n","protected":false},"author":2,"featured_media":103889,"comment_status":"","ping_status":"","sticky":false,"template":"","format":"standard","meta":{"footnotes":""},"categories":[269],"tags":[299,298,168,15820,25,24,795,36255,2445,6874,23,167],"class_list":{"0":"post-103888","1":"post","2":"type-post","3":"status-publish","4":"format-standard","5":"has-post-thumbnail","7":"category-baloncesto","8":"tag-baloncesto","9":"tag-basketball","10":"tag-deportes","11":"tag-equipacion","12":"tag-es","13":"tag-espana","14":"tag-nueva","15":"tag-pajaritas","16":"tag-penas","17":"tag-protagonistas","18":"tag-spain","19":"tag-sports"},"share_on_mastodon":{"url":"","error":""},"_links":{"self":[{"href":"https:\/\/www.europesays.com\/es\/wp-json\/wp\/v2\/posts\/103888","targetHints":{"allow":["GET"]}}],"collection":[{"href":"https:\/\/www.europesays.com\/es\/wp-json\/wp\/v2\/posts"}],"about":[{"href":"https:\/\/www.europesays.com\/es\/wp-json\/wp\/v2\/types\/post"}],"author":[{"embeddable":true,"href":"https:\/\/www.europesays.com\/es\/wp-json\/wp\/v2\/users\/2"}],"replies":[{"embeddable":true,"href":"https:\/\/www.europesays.com\/es\/wp-json\/wp\/v2\/comments?post=103888"}],"version-history":[{"count":0,"href":"https:\/\/www.europesays.com\/es\/wp-json\/wp\/v2\/posts\/103888\/revisions"}],"wp:featuredmedia":[{"embeddable":true,"href":"https:\/\/www.europesays.com\/es\/wp-json\/wp\/v2\/media\/103889"}],"wp:attachment":[{"href":"https:\/\/www.europesays.com\/es\/wp-json\/wp\/v2\/media?parent=103888"}],"wp:term":[{"taxonomy":"category","embeddable":true,"href":"https:\/\/www.europesays.com\/es\/wp-json\/wp\/v2\/categories?post=103888"},{"taxonomy":"post_tag","embeddable":true,"href":"https:\/\/www.europesays.com\/es\/wp-json\/wp\/v2\/tags?post=103888"}],"curies":[{"name":"wp","href":"https:\/\/api.w.org\/{rel}","templated":true}]}}