{"id":103894,"date":"2025-09-09T18:36:05","date_gmt":"2025-09-09T18:36:05","guid":{"rendered":"https:\/\/www.europesays.com\/es\/103894\/"},"modified":"2025-09-09T18:36:05","modified_gmt":"2025-09-09T18:36:05","slug":"maria-lopez-fanjul-nueva-directora-del-museo-de-bellas-artes-de-asturias","status":"publish","type":"post","link":"https:\/\/www.europesays.com\/es\/103894\/","title":{"rendered":"Mar\u00eda L\u00f3pez-Fanjul, nueva directora del Museo de Bellas Artes de Asturias"},"content":{"rendered":"<p class=\"v-mdl-ath__p v-mdl-ath__p--6\">\nMartes, 9 de septiembre 2025, 18:16<\/p>\n<p class=\"v-p\">El Muse de Bellas Artes ha aprobado la propuesta de la comisi\u00f3n de expertos para nombrar directora-gerente de la pinacoteca a Mar\u00eda L\u00f3pez-Fanjul y D\u00edez del Corral, licenciada en Historia del Arte por la Universidad Complutense de Madrid y la Universidad de Florencia con m\u00e1ster en Gesti\u00f3n de Museos y Galer\u00edas por la City University of London. Se doctor\u00f3 en el prestigioso Courtauld Institute of Art de la Universidad de Londres con una investigaci\u00f3n centrada en el coleccionismo y las pr\u00e1cticas curatoriales.<\/p>\n<p class=\"v-p\">La elecci\u00f3n de la nueva direcci\u00f3n se enmarca en un proceso de selecci\u00f3n caracterizado por la transparencia y la excelencia, en el que una comisi\u00f3n de personas expertas de reconocido prestigio en el \u00e1mbito muse\u00edstico y acad\u00e9mico ha evaluado las candidaturas presentadas.<\/p>\n<p class=\"v-p\">Este comit\u00e9, presidido por Leopoldo Tol\u00edvar Alas, ha estado integrado por Miguel Falomir, director del Museo del Prado y por Javier Bar\u00f3n, jefe de la colecci\u00f3n de pintura del siglo XIX de la citada pinacoteca nacional, junto con la historiadora del arte Mar\u00eda Bola\u00f1os, exdirectora del Museo Nacional de Escultura; la catedr\u00e1tica de Historia del Arte de la Universidad de Oviedo Soledad \u00c1lvarez y Mar\u00eda Auxiliadora Llamas, presidenta del Comit\u00e9 Espa\u00f1ol del Consejo Internacional de Museos (ICOM). La comisi\u00f3n se complet\u00f3 con la vocal de la junta de gobierno del Museo de Bellas Artes, Elisa Collado. Como secretario ejerci\u00f3 Jaime Hidalgo, secretario general t\u00e9cnico de la consejer\u00eda.<\/p>\n<p class=\"v-p\">La carrera profesional de L\u00f3pez-Fanjul se ha desarrollado en instituciones de primer nivel: inici\u00f3 su andadura en el Museo Reina Sof\u00eda y en el Victoria and Albert Museum de Londres, trabaj\u00f3 en la Fundaci\u00f3n La Caixa y en el Museo del Prado, y desde 2012 forma parte de los Museos Estatales de Berl\u00edn, donde ha sido jefa de conservaci\u00f3n en el Bode-Museum, responsable de las colecciones de arte italiano posterior a 1500 y de la colecci\u00f3n espa\u00f1ola.<\/p>\n<p class=\"v-p\">A lo largo de su trayectoria, la nueva directora ha comisariado exposiciones de gran repercusi\u00f3n internacional, entre ellas El Siglo de Oro. Die \u00c4ra Vel\u00e1zquez (2016\u20132017), la serie Der zweite Blick (2019 y 2021), Klartext: zur Geschichte des Bode-Museums (2020) y Spanische Dialoge. Picasso aus dem Museum Berggruen (2023). Tambi\u00e9n ha sido la directora art\u00edstica de la Spanish Gallery en Bishop Auckland, Inglaterra.<\/p>\n<p class=\"v-p\">Su perfil combina una s\u00f3lida formaci\u00f3n acad\u00e9mica con una experiencia internacional de primer nivel, lo que la convierte en una figura id\u00f3nea para impulsar una nueva etapa en el Museo de Bellas Artes de Asturias.<\/p>\n<p>Comenta<\/p>\n<p>Reporta un error<\/p>\n","protected":false},"excerpt":{"rendered":"Martes, 9 de septiembre 2025, 18:16 El Muse de Bellas Artes ha aprobado la propuesta de la comisi\u00f3n&hellip;\n","protected":false},"author":2,"featured_media":103895,"comment_status":"","ping_status":"","sticky":false,"template":"","format":"standard","meta":{"footnotes":""},"categories":[173],"tags":[229,233,1968,231,230,1770,1967,232,8365,234,146,147,25,24,36256,1932,470,795,23],"class_list":{"0":"post-103894","1":"post","2":"type-post","3":"status-publish","4":"format-standard","5":"has-post-thumbnail","7":"category-arte-y-diseno","8":"tag-arte","9":"tag-arte-y-diseno","10":"tag-artes","11":"tag-arts","12":"tag-arts-and-design","13":"tag-asturias","14":"tag-bellas","15":"tag-design","16":"tag-directora","17":"tag-diseno","18":"tag-entertainment","19":"tag-entretenimiento","20":"tag-es","21":"tag-espana","22":"tag-lopezfanjul","23":"tag-maria","24":"tag-museo","25":"tag-nueva","26":"tag-spain"},"share_on_mastodon":{"url":"","error":""},"_links":{"self":[{"href":"https:\/\/www.europesays.com\/es\/wp-json\/wp\/v2\/posts\/103894","targetHints":{"allow":["GET"]}}],"collection":[{"href":"https:\/\/www.europesays.com\/es\/wp-json\/wp\/v2\/posts"}],"about":[{"href":"https:\/\/www.europesays.com\/es\/wp-json\/wp\/v2\/types\/post"}],"author":[{"embeddable":true,"href":"https:\/\/www.europesays.com\/es\/wp-json\/wp\/v2\/users\/2"}],"replies":[{"embeddable":true,"href":"https:\/\/www.europesays.com\/es\/wp-json\/wp\/v2\/comments?post=103894"}],"version-history":[{"count":0,"href":"https:\/\/www.europesays.com\/es\/wp-json\/wp\/v2\/posts\/103894\/revisions"}],"wp:featuredmedia":[{"embeddable":true,"href":"https:\/\/www.europesays.com\/es\/wp-json\/wp\/v2\/media\/103895"}],"wp:attachment":[{"href":"https:\/\/www.europesays.com\/es\/wp-json\/wp\/v2\/media?parent=103894"}],"wp:term":[{"taxonomy":"category","embeddable":true,"href":"https:\/\/www.europesays.com\/es\/wp-json\/wp\/v2\/categories?post=103894"},{"taxonomy":"post_tag","embeddable":true,"href":"https:\/\/www.europesays.com\/es\/wp-json\/wp\/v2\/tags?post=103894"}],"curies":[{"name":"wp","href":"https:\/\/api.w.org\/{rel}","templated":true}]}}