{"id":103907,"date":"2025-09-09T18:44:03","date_gmt":"2025-09-09T18:44:03","guid":{"rendered":"https:\/\/www.europesays.com\/es\/103907\/"},"modified":"2025-09-09T18:44:03","modified_gmt":"2025-09-09T18:44:03","slug":"precio-colores-modelos-cuando-sale-en-espana-y-novedades-de-apple","status":"publish","type":"post","link":"https:\/\/www.europesays.com\/es\/103907\/","title":{"rendered":"precio, colores, modelos, cu\u00e1ndo sale en Espa\u00f1a y novedades de Apple"},"content":{"rendered":"<p style=\"\">As\u00ed vivimos en directo la presentaci\u00f3n del nuevo iPhone 17, con la fecha de salida de venta en Espa\u00f1a, precios por modelo, los nuevos Apple Watch, los colores disponibles y todas las novedades relacionadas con el nuevo smartphone de Apple.<\/p>\n<p>20:25<\/p>\n<p>Qu\u00e9 es lo que se ha presentado en este evento de Apple 2025<\/p>\n<p class=\"voc-p\">En cuanto a <strong>tel\u00e9fonos m\u00f3viles, cuatro modelos<\/strong>.<\/p>\n<ul class=\"voc-d-c-list__list\">\n<li class=\"voc-d-c-list__item\">\n<p class=\"voc-d-c-list__paragraph\">\niPhone 17.<\/p>\n<\/li>\n<li class=\"voc-d-c-list__item\">\n<p class=\"voc-d-c-list__paragraph\">\niPhone 17 Pro.<\/p>\n<\/li>\n<li class=\"voc-d-c-list__item\">\n<p class=\"voc-d-c-list__paragraph\">\niPhone 17 Pro Max.<\/p>\n<\/li>\n<li class=\"voc-d-c-list__item\">\n<p class=\"voc-d-c-list__paragraph\">\niPhone Air.<\/p>\n<\/li>\n<\/ul>\n<p class=\"voc-p\"><strong>Tres relojes<\/strong>:<\/p>\n<ul class=\"voc-d-c-list__list\">\n<li class=\"voc-d-c-list__item\">\n<p class=\"voc-d-c-list__paragraph\">\nApple Watch Series 11.<\/p>\n<\/li>\n<li class=\"voc-d-c-list__item\">\n<p class=\"voc-d-c-list__paragraph\">\nApple Watch SE 3.<\/p>\n<\/li>\n<li class=\"voc-d-c-list__item\">\n<p class=\"voc-d-c-list__paragraph\">\nApple Watch Ultra 3.<\/p>\n<\/li>\n<\/ul>\n<p class=\"voc-p\">Un modelo de <strong>auriculares<\/strong>:<\/p>\n<p>20:14<\/p>\n<p>Concluye el evento de Apple<\/p>\n<p class=\"voc-p\">Tim Cook, CEO de Apple, se despide desde Apple Park, en Cupertino (California). Concluye as\u00ed el evento de presentaci\u00f3n de los nuevos dispositivos de Apple.<\/p>\n<p>20:12<\/p>\n<p>Precios de los iPhone y fecha de lanzamiento<\/p>\n<p class=\"voc-p\">Apple anuncia cu\u00e1ndo saldr\u00e1 a la venta y por qu\u00e9 precio.<\/p>\n<p class=\"voc-p\">La fecha, el 19 de septiembre de 2025.<\/p>\n<p>20:11<\/p>\n<p>Qu\u00e9 tiene el iPhone 17 Pro<\/p>\n<p class=\"voc-p\">Aqu\u00ed un resumen de sus caracter\u00edsticas, con especial atenci\u00f3n para las propiedades de su c\u00e1mara, pensada como herramienta profesional al mostrar un v\u00eddeo donde se utiliza este iPhone 17 Pro para anuncios comerciales.<\/p>\n<p>20:08<\/p>\n<p>Y as\u00ed ser\u00e1 la c\u00e1mara del iPhone 17 Pro<\/p>\n<p class=\"voc-p\">El iPhone 17 Pro estrena telefoto 48 megap\u00edxeles.<\/p>\n<p>20:05<\/p>\n<p>Bater\u00eda del iPhone 17 Pro<\/p>\n<p class=\"voc-p\">Apple anuncia que el iPhone 17 Pro tendr\u00e1 hasta 39 horas de autonom\u00eda. Y, como en el iPhone Air, no existe ranura para las tarjetas SIM f\u00edsicas, as\u00ed que funcionar\u00e1 con la eSIM.<\/p>\n<p>20:02<\/p>\n<p>Nuevo sistema de refrigeraci\u00f3n<\/p>\n<p class=\"voc-p\">Apple confirma que el iPhone 17 Pro contar\u00e1 con un nuevo sistema de refrigeraci\u00f3n para evitar que el tel\u00e9fono se caliente.<\/p>\n<p>20:00<\/p>\n<p>Los colores del iPhone 17 Pro<\/p>\n<p class=\"voc-p\">Pues las filtraciones se confirman. Hay iPhone 17 Pro naranja. Luce bien, eh.<\/p>\n<p class=\"voc-p\">Estos son todos los colores: <strong>azul, plateado y naranja<\/strong>.<\/p>\n<p>19:58<\/p>\n<p>Turno para el iPhone 17 Pro<\/p>\n<p class=\"voc-p\">Vamos a conocer el iPhone 17 Pro, el tercer modelo de Apple para m\u00f3viles<\/p>\n<p>19:57<\/p>\n<p>Qu\u00e9 tiene el iPhone Air<\/p>\n<p class=\"voc-p\">Aqu\u00ed una imagen a modo de resumen sobre las caracter\u00edsticas de la nueva apuesta de la marca de la manzana.<\/p>\n<p>19:56<\/p>\n<p>Adi\u00f3s a la tarjeta SIM f\u00edsica<\/p>\n<p class=\"voc-p\">El iPhone Air <strong>solo estar\u00e1 disponible con eSIM en todo el mundo<\/strong>, como anuncia Apple. Se acab\u00f3 el tener que lidiar con las tarjetas SIM f\u00edsicas.<\/p>\n<p>19:54<\/p>\n<p>Qu\u00e9 tiene la c\u00e1mara del iPhone Air<\/p>\n<p class=\"voc-p\">El iPhone Air incorpora el nuevo Dual Capture, que graba v\u00eddeos con la c\u00e1mara frontal y trasera al mismo tiempo.<\/p>\n<p>19:50<\/p>\n<p>El iPhone Air, de titanio grado 5<\/p>\n<p class=\"voc-p\">Apple asegura que este iPhone Air <strong>combina resistencia con ligereza<\/strong> al estar fabricado en titanio de grado 5. Y tanto que es ligero&#8230; \u00a1<strong>Solo 5,6 mm. de grosor<\/strong>!<\/p>\n<p>19:47<\/p>\n<p>Los colores del iPhone Air<\/p>\n<p class=\"voc-p\">Estos ser\u00e1n los colores del nuevo iPhone Air: azul, negro, dorado y blanco.<\/p>\n<p>19:43<\/p>\n<p>\u00a1La gran novedad!<\/p>\n<p class=\"voc-p\">Tim Cook da paso al v\u00eddeo que presenta la gran novedad de Apple: el ultradelgado <strong>iPhone Air<\/strong>.<\/p>\n<p class=\"voc-p\">S\u00ed, eso de la foto es el m\u00f3vil.<\/p>\n<p>19:42<\/p>\n<p>Qu\u00e9 tiene el iPhone 17<\/p>\n<p class=\"voc-p\">A modo de resumen, esto incluye el iPhone 17.<\/p>\n<p>19:41<\/p>\n<p>Bater\u00eda del iPhone 17<\/p>\n<p class=\"voc-p\">Gracias a ProMotion, Apple garantiza que con 10 minutos de carga te dan&#8230; \u00a18 horas de reproducci\u00f3n de video! Adem\u00e1s, permite cargar el 50% en solo 20 minutos.<\/p>\n<p>19:38<\/p>\n<p>Qu\u00e9 tiene la c\u00e1mara del iPhone 17<\/p>\n<p class=\"voc-p\">Posee una c\u00e1mara ultra gran angular de 48 megap\u00edxeles.<\/p>\n<p>19:36<\/p>\n<p>Caracter\u00edsticas del iPhone 17<\/p>\n<p class=\"voc-p\">El iPhone 17 est\u00e1ndar tendr\u00e1 una pantalla de 6,3 pulgadas con tecnolog\u00eda ProMotion, tasa de refresco din\u00e1mica de hasta 120 Hz y un brillo m\u00e1ximo de 3.000 nits.<\/p>\n<p>19:34<\/p>\n<p>Ya conocemos los colores del iPhone 17 est\u00e1ndar<\/p>\n<p class=\"voc-p\">Hay cinco: lavanda, azul niebla, negro, blanco y salvia.<\/p>\n<p>19:32<\/p>\n<p>\u00a1Turno para los iPhone!<\/p>\n<p class=\"voc-p\">Vamos con la presentaci\u00f3n de los iPhone 17.<\/p>\n<p>19:32<\/p>\n<p>Precios de los relojes<\/p>\n<p class=\"voc-p\">Apunta.<\/p>\n<p class=\"voc-p\">Apple Watch Series 11: 399 d\u00f3lares.<\/p>\n<p class=\"voc-p\">Apple Watch SE 3: 249 d\u00f3lares.<\/p>\n<p class=\"voc-p\">Apple Watch Ultra 3: 799 d\u00f3lares.<\/p>\n<p>19:30<\/p>\n<p>Caracter\u00edsticas Apple Watch Ultra 3<\/p>\n<ul class=\"voc-d-c-list__list\">\n<li class=\"voc-d-c-list__item\">\n<p class=\"voc-d-c-list__paragraph\">\nPantalla m\u00e1s brillante y bordes m\u00e1s finos.<\/p>\n<\/li>\n<li class=\"voc-d-c-list__item\">\n<p class=\"voc-d-c-list__paragraph\">\nNueva esfera Waypoint.<\/p>\n<\/li>\n<li class=\"voc-d-c-list__item\">\n<p class=\"voc-d-c-list__paragraph\">\nConexi\u00f3n m\u00f3vil 5G.<\/p>\n<\/li>\n<li class=\"voc-d-c-list__item\">\n<p class=\"voc-d-c-list__paragraph\">\nConectividad por sat\u00e9lite.<\/p>\n<\/li>\n<li class=\"voc-d-c-list__item\">\n<p class=\"voc-d-c-list__paragraph\">\nColor negro y titanio natural.<\/p>\n<\/li>\n<li class=\"voc-d-c-list__item\">\n<p class=\"voc-d-c-list__paragraph\">\nNuevos colores de correa.<\/p>\n<\/li>\n<li class=\"voc-d-c-list__item\">\n<p class=\"voc-d-c-list__paragraph\">\n42 horas de bater\u00eda.<\/p>\n<\/li>\n<\/ul>\n<p>19:29<\/p>\n<p>Por \u00faltimo, el Apple Watch Ultra 3<\/p>\n<p class=\"voc-p\">Apple desvela el \u00faltimo de sus tres relojes en su nueva apuesta para este a\u00f1o. \u00a1Hablan de 42 horas de bater\u00eda!<\/p>\n<p>19:26<\/p>\n<p>Qu\u00e9 tiene el Apple Watch SE 3<\/p>\n<p class=\"voc-p\">Tambi\u00e9n conocemos las caracter\u00edsticas de otro reloj, el Apple Watch SE 3<\/p>\n<ul class=\"voc-d-c-list__list\">\n<li class=\"voc-d-c-list__item\">\n<p class=\"voc-d-c-list__paragraph\">\nChip m\u00e1s r\u00e1pido para funciones como los gestos de doble toque o movimiento de mu\u00f1eca.<\/p>\n<\/li>\n<li class=\"voc-d-c-list__item\">\n<p class=\"voc-d-c-list__paragraph\">\nNotificaciones de apnea del sue\u00f1o y puntuaci\u00f3n del sue\u00f1o.<\/p>\n<\/li>\n<li class=\"voc-d-c-list__item\">\n<p class=\"voc-d-c-list__paragraph\">\nCarga hasta dos veces m\u00e1s r\u00e1pida.<\/p>\n<\/li>\n<\/ul>\n<p>19:22<\/p>\n<p>Novedades del Apple Watch Series 11<\/p>\n<ul class=\"voc-d-c-list__list\">\n<li class=\"voc-d-c-list__item\">\n<p class=\"voc-d-c-list__paragraph\">\nDos veces m\u00e1s resistente a los ara\u00f1azos que el S10.<\/p>\n<\/li>\n<li class=\"voc-d-c-list__item\">\n<p class=\"voc-d-c-list__paragraph\">\nAhora incluye 5G.<\/p>\n<\/li>\n<li class=\"voc-d-c-list__item\">\n<p class=\"voc-d-c-list__paragraph\">\nCapacidad para advertirte sobre la presi\u00f3n arterial alta y la hipertensi\u00f3n.<\/p>\n<\/li>\n<li class=\"voc-d-c-list__item\">\n<p class=\"voc-d-c-list__paragraph\">\nValora el sue\u00f1o atribuyendo una puntuaci\u00f3n.<\/p>\n<\/li>\n<li class=\"voc-d-c-list__item\">\n<p class=\"voc-d-c-list__paragraph\">\n24 horas de bater\u00eda.<\/p>\n<\/li>\n<\/ul>\n<p>19:19<\/p>\n<p>En primer lugar, el Apple Watch Series 11<\/p>\n<p class=\"voc-p\">Tim Cook da paso a la explicaci\u00f3n del Apple Watch Series 11 que, seg\u00fan anuncia Apple, es dos veces m\u00e1s resistente ante ara\u00f1azos.<\/p>\n<p>19:15<\/p>\n<p>Vamos con los relojes<\/p>\n<p class=\"voc-p\">De momento, un v\u00eddeo introductorio con c\u00f3mo estos relojes de Apple ayudan a las personas a cuidar mejor de su salud.<\/p>\n<p>19:14<\/p>\n<p>Precio y fecha de lanzamiento de los AirPods Pro 3<\/p>\n<p class=\"voc-p\">Toma nota: 19 de septiembre de 2025 y <strong>249 euros<\/strong>.<\/p>\n<p>19:13<\/p>\n<p>Un resumen de lo que incluyen los AirPods Pro 3<\/p>\n<ul class=\"voc-d-c-list__list\">\n<li class=\"voc-d-c-list__item\">\n<p class=\"voc-d-c-list__paragraph\">\n4 veces m\u00e1s cancelaci\u00f3n del ruido.<\/p>\n<\/li>\n<li class=\"voc-d-c-list__item\">\n<p class=\"voc-d-c-list__paragraph\">\nTraducci\u00f3n instant\u00e1nea en directo: traduce cualquier idioma directamente a tu o\u00eddo<\/p>\n<\/li>\n<li class=\"voc-d-c-list__item\">\n<p class=\"voc-d-c-list__paragraph\">\nUn mejor ajuste en el o\u00eddo<\/p>\n<\/li>\n<li class=\"voc-d-c-list__item\">\n<p class=\"voc-d-c-list__paragraph\">\nResistente al sudor y al agua<\/p>\n<\/li>\n<\/ul>\n<p>19:11<\/p>\n<p>Y resistentes al sudor<\/p>\n<p class=\"voc-p\">Y una cosa para nada balad\u00ed, \u00abresistentes al sudor y al agua\u00bb, dice Apple sobre estos AirPods Pro 3. Se acaban las excusas para no hacer ejercicio&#8230;<\/p>\n<p>19:09<\/p>\n<p>\u00a1Ojo!<\/p>\n<p class=\"voc-p\">Apple anuncia que los AirPods Pro 3 incorporan <strong>traducci\u00f3n en directo con tecnolog\u00eda Apple Intelligence<\/strong>.<\/p>\n<p>19:07<\/p>\n<p>M\u00e1s detalles de los Airpods Pro 3<\/p>\n<p class=\"voc-p\">Apple presenta los Airpods Pro 3 y los compara con los 2. Son similares, pero tienen mejoras significativas, como una mejor cancelaci\u00f3n del ruido y un mejor sonido, anuncian.<\/p>\n<p>19:05<\/p>\n<p>Los AirPods<\/p>\n<p class=\"voc-p\">En primer lugar, Tim Cook presenta los Airpods Pro 3.<\/p>\n<p>19:03<\/p>\n<p>Toma la palabra Tim Cook<\/p>\n<p class=\"voc-p\">\u201cEl dise\u00f1o no es solo lo que parece y se siente. El dise\u00f1o es c\u00f3mo funciona.\u00bb, dice el CEO de Apple, cogiendo el testigo de las palabras de Steve Jobs.<\/p>\n<p>19:02<\/p>\n<p>Abriendo boca<\/p>\n<p class=\"voc-p\">De momento, Apple luce m\u00fasculo y hace gala de sus productos en un v\u00eddeo introductorio<\/p>\n<p>18:59<\/p>\n<p>\u00a1Empieza Awe Dropping!<\/p>\n<p class=\"voc-p\">Es el nombre oficial que recibe el evento. Awe (asombro) es lo que precisamente pretende causar Apple con la presentaci\u00f3n de sus dispositivos.<\/p>\n<p>18:54<\/p>\n<p>Cuenta atr\u00e1s&#8230;<\/p>\n<p class=\"voc-p\">Cinco minutos para que Apple conecte con el <strong>Apple Park<\/strong>, en Cupertino (California), donde el CEO de Apple, Tim Cook, liderar\u00e1 el evento donde la marca de la manzana revelar\u00e1 su nueva apuesta para el pr\u00f3ximo a\u00f1o.<\/p>\n<p>18:46<\/p>\n<p>La gran pregunta&#8230; \u00bfcu\u00e1les ser\u00e1n los precios?<\/p>\n<p class=\"voc-p\">Pues, a falta de lo que informe Apple, se prev\u00e9 que los terminales lleguen a Espa\u00f1a con un precio <strong>nunca inferior a los 1.000 euros<\/strong>. Esa cantidad corresponder\u00eda, aproximadamente, al iPhone 17 est\u00e1ndar.<\/p>\n<p class=\"voc-p\">Por encima, el iPhone 17 Air (se estima que alrededor de los 1.200 euros) y <strong>m\u00e1s caros, como siempre, los Pro<\/strong>, en una horquilla de 1.400 a los 2.000 euros en funci\u00f3n del almacenamiento.<\/p>\n<p>18:40<\/p>\n<p>Relojes y auriculares<\/p>\n<p class=\"voc-p\">No solo ser\u00e1 el d\u00eda para el iPhone 17 y sus distintos modelos, sino tambi\u00e9n, como siempre, para los relojes y los auriculares de Apple.<\/p>\n<p class=\"voc-p\">Se espera que la marca de la manzana anuncie en este evento <strong>tres nuevos relojes: el Watch Series 11, el SE 3 y el Ultra 3<\/strong>. En cuanto a <strong>auriculares<\/strong>, ser\u00e1 el turno para los <strong>AirPods Pro 3<\/strong>.<\/p>\n<p>18:35<\/p>\n<p>Qu\u00e9 se va a presentar<\/p>\n<p class=\"voc-p\">Apple va a presentar el iPhone 17, pero el dispositivo que promete acaparar todos los focos este martes es el <strong>iPhone 17 Air<\/strong>, un nuevo modelo que, de acuerdo con las filtraciones, ser\u00e1 el m\u00e1s delgado en la historia de la empresa de la manzana con sus 5,5 mil\u00edmetros de grosor.<\/p>\n<p class=\"voc-p\">M\u00e1s informaci\u00f3n,                                             <a href=\"https:\/\/www.abc.es\/tecnologia\/llega-iphone-espera-nueva-joya-apple-20250909175319-nt.html\" data-voc-vtm-id=\"in-text-traffic\" target=\"_blank\" rel=\"nofollow noopener\"><br \/>\naqu\u00ed<\/a>.<\/p>\n<p>18:30<\/p>\n<p>\u00bfA qu\u00e9 hora comienza el evento de Apple?<\/p>\n<p class=\"voc-p\">Faltan exactamente 30 minutos para que se inicie la transmisi\u00f3n oficial de Apple. Ser\u00e1 a partir de las <strong>19:00<\/strong> (hora espa\u00f1ola) cuando d\u00e9 inicio el evento desde California.<\/p>\n<p>18:25<\/p>\n<p>Se\u00f1al en directo del evento de Apple<\/p>\n<p>18:20<\/p>\n<p>\u00a1Hola!<\/p>\n<p class=\"voc-p\">Buenas tardes y bienvenidos a la cobertura en directo de ABC sobre el gran evento de Apple. Este lunes, como cada mes de septiembre, asistiremos a la presentaci\u00f3n del nuevo iPhone 17.<\/p>\n","protected":false},"excerpt":{"rendered":"As\u00ed vivimos en directo la presentaci\u00f3n del nuevo iPhone 17, con la fecha de salida de venta en&hellip;\n","protected":false},"author":2,"featured_media":103908,"comment_status":"","ping_status":"","sticky":false,"template":"","format":"standard","meta":{"footnotes":""},"categories":[81],"tags":[2823,119,123,124,8045,2125,25,24,2824,2822,3383,13368,5285,3282,2436,5150,117,121,122,23,118,120],"class_list":{"0":"post-103907","1":"post","2":"type-post","3":"status-publish","4":"format-standard","5":"has-post-thumbnail","7":"category-ciencia-y-tecnologia","8":"tag-apple","9":"tag-ciencia","10":"tag-ciencia-y-tecnologia","11":"tag-cienciaytecnologia","12":"tag-colores","13":"tag-directo","14":"tag-es","15":"tag-espana","16":"tag-ios","17":"tag-iphone","18":"tag-modelos","19":"tag-moviles","20":"tag-novedades","21":"tag-precio","22":"tag-presentacion","23":"tag-sale","24":"tag-science","25":"tag-science-and-technology","26":"tag-scienceandtechnology","27":"tag-spain","28":"tag-technology","29":"tag-tecnologia"},"share_on_mastodon":{"url":"","error":""},"_links":{"self":[{"href":"https:\/\/www.europesays.com\/es\/wp-json\/wp\/v2\/posts\/103907","targetHints":{"allow":["GET"]}}],"collection":[{"href":"https:\/\/www.europesays.com\/es\/wp-json\/wp\/v2\/posts"}],"about":[{"href":"https:\/\/www.europesays.com\/es\/wp-json\/wp\/v2\/types\/post"}],"author":[{"embeddable":true,"href":"https:\/\/www.europesays.com\/es\/wp-json\/wp\/v2\/users\/2"}],"replies":[{"embeddable":true,"href":"https:\/\/www.europesays.com\/es\/wp-json\/wp\/v2\/comments?post=103907"}],"version-history":[{"count":0,"href":"https:\/\/www.europesays.com\/es\/wp-json\/wp\/v2\/posts\/103907\/revisions"}],"wp:featuredmedia":[{"embeddable":true,"href":"https:\/\/www.europesays.com\/es\/wp-json\/wp\/v2\/media\/103908"}],"wp:attachment":[{"href":"https:\/\/www.europesays.com\/es\/wp-json\/wp\/v2\/media?parent=103907"}],"wp:term":[{"taxonomy":"category","embeddable":true,"href":"https:\/\/www.europesays.com\/es\/wp-json\/wp\/v2\/categories?post=103907"},{"taxonomy":"post_tag","embeddable":true,"href":"https:\/\/www.europesays.com\/es\/wp-json\/wp\/v2\/tags?post=103907"}],"curies":[{"name":"wp","href":"https:\/\/api.w.org\/{rel}","templated":true}]}}