{"id":103910,"date":"2025-09-09T18:46:03","date_gmt":"2025-09-09T18:46:03","guid":{"rendered":"https:\/\/www.europesays.com\/es\/103910\/"},"modified":"2025-09-09T18:46:03","modified_gmt":"2025-09-09T18:46:03","slug":"papa-recibe-a-192-obispos-recien-nombrados-que-realizan-curso-en-el-vaticano","status":"publish","type":"post","link":"https:\/\/www.europesays.com\/es\/103910\/","title":{"rendered":"Papa recibe a 192 obispos recien nombrados que realizan curso en el Vaticano"},"content":{"rendered":"<p>La audiencia con el Pont\u00edfice se celebrar\u00e1 el jueves 11 en el Aula del S\u00ednodo. El curso de formaci\u00f3n del Dicasterio para la Evangelizaci\u00f3n comenz\u00f3 el 4 de septiembre y cont\u00f3 con la asistencia de 78 prelados reci\u00e9n nombrados. El curso organizado por el Dicasterio de los Obispos comenz\u00f3 el 3 de septiembre y cont\u00f3 con la asistencia de 114 personas. Los participantes cruzaron juntos la Puerta Santa el 6 de septiembre.<\/p>\n<p><b>Vatican News<\/b><\/p>\n<p>En la ma\u00f1ana del jueves 11 de septiembre, en el Aula del S\u00ednodo, Le\u00f3n XIV recibir\u00e1 en el Vaticano a ciento noventa y dos obispos procedentes de los cinco continentes que, desde el 3 de septiembre, participan en cursos de formaci\u00f3n promovidos por el Dicasterio para la Evangelizaci\u00f3n (Secci\u00f3n para la Primera Evangelizaci\u00f3n y Nuevas Iglesias Particulares) y el Dicasterio para los Obispos.<\/p>\n<p>Formaci\u00f3n para la actividad pastoral <\/p>\n<p>El curso organizado por el Dicasterio para los Obispos, titulado\u00a0\u00abTestigos y Heraldos de la Esperanza Fundada en Cristo\u00bb,\u00a0comenz\u00f3 el 3 de septiembre y concluir\u00e1 el jueves 11. La formaci\u00f3n se imparte en el Aula del S\u00ednodo del Vaticano y est\u00e1 dirigida a obispos nombrados durante el \u00faltimo a\u00f1o. Consiste en una serie de reuniones sobre temas \u00fatiles para la actividad pastoral y administrativa, as\u00ed como para la reflexi\u00f3n personal y comunitaria en sus respectivas di\u00f3cesis. Los cursos son impartidos por superiores de la Curia Romana y personalidades eclesi\u00e1sticas y no eclesi\u00e1sticas expertas en sus respectivas \u00e1reas de especializaci\u00f3n.<\/p>\n<p>Enfoque en la interculturalidad <\/p>\n<p>El curso de formaci\u00f3n para nuevos obispos, organizado por el Dicasterio para la Evangelizaci\u00f3n (Secci\u00f3n de Primera Evangelizaci\u00f3n y Nuevas Iglesias Particulares), comenz\u00f3 la ma\u00f1ana del jueves 4 de septiembre. El viernes 5 de septiembre, la atenci\u00f3n se centr\u00f3 en las urgentes necesidades de inculturaci\u00f3n, mientras que el s\u00e1bado 6 de septiembre, los prelados cruzaron la Puerta Santa, participaron en la Misa Jubilar y veneraron las reliquias del Ap\u00f3stol en la Bas\u00edlica de San Pedro. El domingo, todos los prelados participaron en la solemne Misa de Canonizaci\u00f3n de los Beatos Pier Giorgio Frassati y Carlo Acutis.<\/p>\n<p>D\u00edas compartidos <\/p>\n<p>Los participantes de ambos cursos compartieron varios d\u00edas. El primero tuvo lugar el 6 de septiembre, con el paso por la Puerta Santa de la Bas\u00edlica de San Pedro. El segundo, los d\u00edas 8 y 9 de septiembre, tuvo lugar en la Pontificia Universidad Urbaniana, y concluir\u00e1 con una reflexi\u00f3n del cardenal secretario de Estado, Pietro Parolin, sobre \u00abLa labor de la Santa Sede en un mundo globalizado a favor de la esperanza y la paz\u00bb. Este formato se propone como un espacio de colegialidad, comprensi\u00f3n mutua y la posibilidad de forjar v\u00ednculos entre las diferentes Iglesias locales.<\/p>\n<p>Una oportunidad para conocer y aprender m\u00e1s <\/p>\n<p>En concreto, 78 obispos est\u00e1n inscritos en el curso del Dicasterio para la Evangelizaci\u00f3n, mientras que 114 participan en el curso organizado por el Dicasterio de los Obispos. Entre estos \u00faltimos se encuentran cinco obispos de Iglesias Cat\u00f3licas Orientales y cinco obispos reci\u00e9n ordenados que ocupan cargos en la Curia Romana. Los cursos de formaci\u00f3n para obispos reci\u00e9n nombrados se han convertido en una parte habitual del programa de septiembre de la Curia Romana.<\/p>\n","protected":false},"excerpt":{"rendered":"La audiencia con el Pont\u00edfice se celebrar\u00e1 el jueves 11 en el Aula del S\u00ednodo. El curso de&hellip;\n","protected":false},"author":2,"featured_media":103911,"comment_status":"","ping_status":"","sticky":false,"template":"","format":"standard","meta":{"footnotes":""},"categories":[42],"tags":[2509,17,18,13,14,11,36261,61,62,63,64,19,20,9,10,15,16,18386,400,7243,36260,12,21,22,65,66,67],"class_list":{"0":"post-103910","1":"post","2":"type-post","3":"status-publish","4":"format-standard","5":"has-post-thumbnail","7":"category-internacional","8":"tag-audiencias","9":"tag-breaking-news","10":"tag-breakingnews","11":"tag-featured-news","12":"tag-featurednews","13":"tag-headlines","14":"tag-iglesias-orientales","15":"tag-internacional","16":"tag-international","17":"tag-international-news","18":"tag-internationalnews","19":"tag-latest-news","20":"tag-latestnews","21":"tag-news","22":"tag-noticias","23":"tag-noticias-destacadas","24":"tag-noticiasdestacadas","25":"tag-obispos","26":"tag-papa-leon-xiv","27":"tag-pietro-parolin","28":"tag-sinodo","29":"tag-titulares","30":"tag-ultimas-noticias","31":"tag-ultimasnoticias","32":"tag-world","33":"tag-world-news","34":"tag-worldnews"},"share_on_mastodon":{"url":"","error":""},"_links":{"self":[{"href":"https:\/\/www.europesays.com\/es\/wp-json\/wp\/v2\/posts\/103910","targetHints":{"allow":["GET"]}}],"collection":[{"href":"https:\/\/www.europesays.com\/es\/wp-json\/wp\/v2\/posts"}],"about":[{"href":"https:\/\/www.europesays.com\/es\/wp-json\/wp\/v2\/types\/post"}],"author":[{"embeddable":true,"href":"https:\/\/www.europesays.com\/es\/wp-json\/wp\/v2\/users\/2"}],"replies":[{"embeddable":true,"href":"https:\/\/www.europesays.com\/es\/wp-json\/wp\/v2\/comments?post=103910"}],"version-history":[{"count":0,"href":"https:\/\/www.europesays.com\/es\/wp-json\/wp\/v2\/posts\/103910\/revisions"}],"wp:featuredmedia":[{"embeddable":true,"href":"https:\/\/www.europesays.com\/es\/wp-json\/wp\/v2\/media\/103911"}],"wp:attachment":[{"href":"https:\/\/www.europesays.com\/es\/wp-json\/wp\/v2\/media?parent=103910"}],"wp:term":[{"taxonomy":"category","embeddable":true,"href":"https:\/\/www.europesays.com\/es\/wp-json\/wp\/v2\/categories?post=103910"},{"taxonomy":"post_tag","embeddable":true,"href":"https:\/\/www.europesays.com\/es\/wp-json\/wp\/v2\/tags?post=103910"}],"curies":[{"name":"wp","href":"https:\/\/api.w.org\/{rel}","templated":true}]}}