{"id":103921,"date":"2025-09-09T19:01:04","date_gmt":"2025-09-09T19:01:04","guid":{"rendered":"https:\/\/www.europesays.com\/es\/103921\/"},"modified":"2025-09-09T19:01:04","modified_gmt":"2025-09-09T19:01:04","slug":"el-madrid-quiere-a-jordan-loyd","status":"publish","type":"post","link":"https:\/\/www.europesays.com\/es\/103921\/","title":{"rendered":"El Madrid quiere a Jordan Loyd"},"content":{"rendered":"<p class=\"ft-text\"><a class=\"ft-link ft-link--decoration\" href=\"https:\/\/www.sport.es\/es\/noticias\/baloncesto\/scariolo-cambia-chip-manda-madrid-121402023\" rel=\"nofollow noopener\" target=\"_blank\">El nuevo Real Madrid de Sergio Scariolo se est\u00e1 preparando para ir con todo<\/a>. Con la pretemporada empezada y tras ganar a <strong>Alba Berl\u00edn (90-65) y Unicaja M\u00e1laga (82-89)<\/strong> en sus primeros amistosos, el conjunto blanco quiere completar una plantilla que ya de por s\u00ed es muy completa en todas las posiciones con <strong>dos jugadores diferenciales<\/strong>. El primero es el NBA <strong>Trey Lyles<\/strong>, cuyo nombre avanz\u00f3 &#8216;Encestando&#8217; la semana pasada, y ahora el Madrid quiere completar el juego exterior con <strong>Jordan Loyd<\/strong>, tal y como ha contado &#8216;Marca&#8217;.<\/p>\n<p class=\"ft-text\">El Madrid quiere volver a reinar todas las competiciones que dispute. Cuando pr\u00e1cticamente todos los equipos ya dan las plantillas por cerradas, en las oficinas de la Ciudad Deportiva de Valdebebas <a class=\"ft-link ft-link--decoration\" href=\"https:\/\/www.sport.es\/es\/noticias\/baloncesto\/sergio-rodriguez-scariolo-aportara-cosas-121369480\" rel=\"nofollow noopener\" target=\"_blank\"><strong>el director deportivo Sergio Rodr\u00edguez<\/strong><\/a><strong> sigue trabajando para alimentar a una plantilla que actualmente cuenta con 14 efectivos<\/strong>. A priori, ya deber\u00eda ser una plantilla lo suficientemente larga para afrontar todas las competiciones, pero Scariolo quiere <strong>otro interior y un escolta puro<\/strong>. Por dentro, el ala-p\u00edvot canadiense <strong>Trey Lyles<\/strong> es el hombre elegido. Lyles cuenta con <strong>11 temporadas NBA<\/strong> a sus espaldas, todas ellas rindiendo a buen nivel y las cuatro \u00faltimas las ha disputado con <strong>Sacramento Kings<\/strong>, donde promedi\u00f3<strong> 6.5 puntos y 4.6 rebotes para 9.2 de valoraci\u00f3n en casi 20 minutos<\/strong> por partido. Adem\u00e1s, es un jugador con buena mano desde la l\u00ednea de 6&#8217;75 (<strong>34% el curso pasado<\/strong>), por lo que es un perfil diferente de los que dispone Scariolo y puede ayudar a abrir el campo.<\/p>\n<p>Loyd, un anotador diferencial<\/p>\n<p class=\"ft-text\">El Real Madrid busca un escolta para una plantilla que no va faltada de calidad, pero s\u00ed de <strong>un especialista tirador y con capacidad para salir de bloqueos indirectos y lanzar<\/strong> (un perfil Jaycee Carroll). Como se conoce en ingl\u00e9s, un especialista en el \u00abcatch and shoot\u00bb. <strong>Jordan Loyd encaja a la perfecci\u00f3n con el perfil<\/strong>. Es un jugador m\u00e1s que contrastado en Europa y que se ha mostrado muy regular en todos los equipos por los que ha pasado. En las \u00faltimas tres temporadas en <strong>AS M\u00f3naco<\/strong>, su actual equipo, ha promediado <strong>12.0 puntos (43,3% T3), 3.0 capturas y 2.6 asistencias para 13.1 de valoraci\u00f3n en 21 minutos<\/strong>. Asimismo, <a class=\"ft-link ft-link--decoration\" href=\"https:\/\/www.sport.es\/es\/noticias\/baloncesto\/polonia-balcerowski-entra-eurobasket-exhibicion-121032837\" rel=\"nofollow noopener\" target=\"_blank\"><strong>acaba de ser eliminado del Eurobasket, donde ha participado con Polonia<\/strong><\/a><strong>, promediando 22.4 puntos, 3.3 rebotes y 2.0 asistencias para 18.6 de valoraci\u00f3n en poco m\u00e1s de 22 minutos<\/strong> por encuentro. En la derrota en cuartos de final contra Turqu\u00eda (91-77), termin\u00f3 con <strong>19 puntos (aunque 1\/7 en triples) y 15 de valoraci\u00f3n en 34 minutos<\/strong>.<\/p>\n<p>Negociaciones complicadas<\/p>\n<p class=\"ft-text\">Sin embargo, las dificultades estar\u00e1n en <strong>las negociaciones por su fichaje<\/strong>. No por parte del jugador, con el que ya hay acuerdo, sino por su club. Sacarle de M\u00f3naco ser\u00e1 complicado y el tira y afloja ser\u00e1 duro para intentar llegar a un acuerdo. No es un club f\u00e1cil. Por m\u00e1s inri, el conjunto monegasco no es el \u00fanico club con el que tiene que negociar el Madrid. <strong>El Valencia Basket es otro actor muy importante<\/strong> en esta ecuaci\u00f3n, ya que <strong>el club valenciano posee los derechos del jugador en la ACB<\/strong>, que tampoco pondr\u00eda facilidades. No ser\u00e1 una operaci\u00f3n sencilla, pero el Madrid quiere cerrar la plantilla con una guinda exquisita.<\/p>\n","protected":false},"excerpt":{"rendered":"El nuevo Real Madrid de Sergio Scariolo se est\u00e1 preparando para ir con todo. Con la pretemporada empezada&hellip;\n","protected":false},"author":2,"featured_media":103922,"comment_status":"","ping_status":"","sticky":false,"template":"","format":"standard","meta":{"footnotes":""},"categories":[269],"tags":[299,298,168,25,24,557,36262,34276,205,2873,23,167],"class_list":{"0":"post-103921","1":"post","2":"type-post","3":"status-publish","4":"format-standard","5":"has-post-thumbnail","7":"category-baloncesto","8":"tag-baloncesto","9":"tag-basketball","10":"tag-deportes","11":"tag-es","12":"tag-espana","13":"tag-fichaje","14":"tag-loyd","15":"tag-lyles","16":"tag-madrid","17":"tag-scariolo","18":"tag-spain","19":"tag-sports"},"share_on_mastodon":{"url":"","error":""},"_links":{"self":[{"href":"https:\/\/www.europesays.com\/es\/wp-json\/wp\/v2\/posts\/103921","targetHints":{"allow":["GET"]}}],"collection":[{"href":"https:\/\/www.europesays.com\/es\/wp-json\/wp\/v2\/posts"}],"about":[{"href":"https:\/\/www.europesays.com\/es\/wp-json\/wp\/v2\/types\/post"}],"author":[{"embeddable":true,"href":"https:\/\/www.europesays.com\/es\/wp-json\/wp\/v2\/users\/2"}],"replies":[{"embeddable":true,"href":"https:\/\/www.europesays.com\/es\/wp-json\/wp\/v2\/comments?post=103921"}],"version-history":[{"count":0,"href":"https:\/\/www.europesays.com\/es\/wp-json\/wp\/v2\/posts\/103921\/revisions"}],"wp:featuredmedia":[{"embeddable":true,"href":"https:\/\/www.europesays.com\/es\/wp-json\/wp\/v2\/media\/103922"}],"wp:attachment":[{"href":"https:\/\/www.europesays.com\/es\/wp-json\/wp\/v2\/media?parent=103921"}],"wp:term":[{"taxonomy":"category","embeddable":true,"href":"https:\/\/www.europesays.com\/es\/wp-json\/wp\/v2\/categories?post=103921"},{"taxonomy":"post_tag","embeddable":true,"href":"https:\/\/www.europesays.com\/es\/wp-json\/wp\/v2\/tags?post=103921"}],"curies":[{"name":"wp","href":"https:\/\/api.w.org\/{rel}","templated":true}]}}