{"id":103923,"date":"2025-09-09T19:02:07","date_gmt":"2025-09-09T19:02:07","guid":{"rendered":"https:\/\/www.europesays.com\/es\/103923\/"},"modified":"2025-09-09T19:02:07","modified_gmt":"2025-09-09T19:02:07","slug":"no-jugar-el-euroderbi-fue-de-las-cosas-que-mas-dano-me-hicieron-en-el-futbol","status":"publish","type":"post","link":"https:\/\/www.europesays.com\/es\/103923\/","title":{"rendered":"\u00abNo jugar el Euroderbi fue de las cosas que m\u00e1s da\u00f1o me hicieron en el f\u00fatbol\u00bb"},"content":{"rendered":"<p class=\"voc-p\" style=\"\"><strong>Javi Varas<\/strong> lleg\u00f3 a permanecer <strong>cinco temporadas<\/strong> y competir hasta en 89 partidos con el primer equipo del Sevilla. En ellas, form\u00f3 parte de la conquista de una <strong>Copa del Rey<\/strong> y una <strong>Europa League<\/strong>. El exguardameta ha concedido una entrevista para Offsiders, en la que repas\u00f3 su etapa como futbolista, donde tambi\u00e9n habl\u00f3 sobre su trayectoria en el club que siempre ha sentido como propio y del que guarda recuerdos casi todos bonitos, aunque tambi\u00e9n hay hueco para los que habr\u00eda deseado no vivir. <\/p>\n<p class=\"voc-p\" style=\"\">Durante esta charla, Varas admiti\u00f3 cu\u00e1l fue uno de los momentos <strong>m\u00e1s duros<\/strong> que vivi\u00f3 como futbolista: \u00abEmery me hab\u00eda dicho que jugar\u00eda la competici\u00f3n europea. En octavos de final de la Europa League nos toc\u00f3 el Betis. Yo ya me lo ve\u00eda venir, pero <strong>Emery<\/strong> me llam\u00f3 para que fuera a su despacho y all\u00ed me comunic\u00f3 que jugar\u00eda <strong>Beto<\/strong>. Me dijo que un derbi era algo especial y yo le dije que yo entend\u00eda m\u00e1s que \u00e9l lo que era un derbi. Fue de las cosas que m\u00e1s da\u00f1o me hicieron en el f\u00fatbol\u00bb. Sin embargo, el ex portero sevillista admiti\u00f3 que \u00ab<strong>Unai acert\u00f3<\/strong>. Beto fue decisivo en esa eliminatoria, en la del Oporto y en la final\u00bb. <\/p>\n<p class=\"voc-p\" style=\"\">Adem\u00e1s, el sevillano reconoci\u00f3 cu\u00e1l fue la clave de la consecuci\u00f3n de esa <strong>Europa League<\/strong>: \u00abEse equipo gan\u00f3 porque era un grupo espectacular. No fue el mejor Sevilla en el que estuve en cuanto a calidad, pero en <strong>grupo humano<\/strong> era impresionante\u00bb. Por otra parte, el que fuera portero del Sevilla cont\u00f3 que ganar la Europa League con el <strong>Sevilla<\/strong> \u00abfue tocar el cielo. Era levantar un t\u00edtulo europeo con mi equipo\u00bb. <\/p>\n<p class=\"voc-p\" style=\"\">Adem\u00e1s, Javi Varas record\u00f3 c\u00f3mo <strong>una charla con V\u00edctor Orta<\/strong>, por aquel entonces segundo de Monchi en la direcci\u00f3n deportiva, le convenci\u00f3 de seguir en el Sevilla cuando exploraba otras opciones en Segunda divisi\u00f3n tras haber brillado con el Sevilla Atl\u00e9tico. Igualmente, recuerda c\u00f3mo se fue deteriorando la relaci\u00f3n con Andr\u00e9s Palop, competidor en la porter\u00eda del primer equipo, hasta el punto de no cruzar palabra el uno con el otro. <\/p>\n<p class=\"voc-p\" style=\"\">Tras su retirada en 2019, Javi Varas volvi\u00f3 a formar parte de la estructura deportiva del Sevilla, pero esta vez como <strong>entrenador de porteros<\/strong> de la cantera. Despu\u00e9s de pasar por las categor\u00edas de infantiles, cadetes y juveniles, actualmente se encuentra como preparador de porteros del<strong> Sevilla C<\/strong> en Tercera Federaci\u00f3n.<\/p>\n<p>Reportar un error<\/p>\n","protected":false},"excerpt":{"rendered":"Javi Varas lleg\u00f3 a permanecer cinco temporadas y competir hasta en 89 partidos con el primer equipo del&hellip;\n","protected":false},"author":2,"featured_media":103924,"comment_status":"","ping_status":"","sticky":false,"template":"","format":"standard","meta":{"footnotes":""},"categories":[268],"tags":[5957,168,25,24,36264,280,282,36265,11191,7532,281,23,167,36263],"class_list":{"0":"post-103923","1":"post","2":"type-post","3":"status-publish","4":"format-standard","5":"has-post-thumbnail","7":"category-futbol","8":"tag-dano","9":"tag-deportes","10":"tag-es","11":"tag-espana","12":"tag-euroderbi","13":"tag-football","14":"tag-futbol","15":"tag-hicieron","16":"tag-javi","17":"tag-jugar","18":"tag-soccer","19":"tag-spain","20":"tag-sports","21":"tag-varas"},"share_on_mastodon":{"url":"","error":""},"_links":{"self":[{"href":"https:\/\/www.europesays.com\/es\/wp-json\/wp\/v2\/posts\/103923","targetHints":{"allow":["GET"]}}],"collection":[{"href":"https:\/\/www.europesays.com\/es\/wp-json\/wp\/v2\/posts"}],"about":[{"href":"https:\/\/www.europesays.com\/es\/wp-json\/wp\/v2\/types\/post"}],"author":[{"embeddable":true,"href":"https:\/\/www.europesays.com\/es\/wp-json\/wp\/v2\/users\/2"}],"replies":[{"embeddable":true,"href":"https:\/\/www.europesays.com\/es\/wp-json\/wp\/v2\/comments?post=103923"}],"version-history":[{"count":0,"href":"https:\/\/www.europesays.com\/es\/wp-json\/wp\/v2\/posts\/103923\/revisions"}],"wp:featuredmedia":[{"embeddable":true,"href":"https:\/\/www.europesays.com\/es\/wp-json\/wp\/v2\/media\/103924"}],"wp:attachment":[{"href":"https:\/\/www.europesays.com\/es\/wp-json\/wp\/v2\/media?parent=103923"}],"wp:term":[{"taxonomy":"category","embeddable":true,"href":"https:\/\/www.europesays.com\/es\/wp-json\/wp\/v2\/categories?post=103923"},{"taxonomy":"post_tag","embeddable":true,"href":"https:\/\/www.europesays.com\/es\/wp-json\/wp\/v2\/tags?post=103923"}],"curies":[{"name":"wp","href":"https:\/\/api.w.org\/{rel}","templated":true}]}}