{"id":103927,"date":"2025-09-09T19:04:07","date_gmt":"2025-09-09T19:04:07","guid":{"rendered":"https:\/\/www.europesays.com\/es\/103927\/"},"modified":"2025-09-09T19:04:07","modified_gmt":"2025-09-09T19:04:07","slug":"el-ministerio-de-cultura-compra-a-una-familia-malaguena-el-retrato-mas-emblematico-de-bernardo-de-galvez","status":"publish","type":"post","link":"https:\/\/www.europesays.com\/es\/103927\/","title":{"rendered":"El Ministerio de Cultura compra a una familia malague\u00f1a el retrato m\u00e1s emblem\u00e1tico de Bernardo de G\u00e1lvez"},"content":{"rendered":"<p>Es su imagen m\u00e1s reconocible, la que todos asocian a su nombre. Bernardo de G\u00e1lvez luce en el pecho la cruz de Caballero de la  &#8230; Real Orden de Carlos III y en una mano sostiene la carta de felicitaci\u00f3n que le escribi\u00f3 su padre cuando conquist\u00f3 Mobile, una de sus muchas victorias. El militar de Macharaviaya aparece ya como h\u00e9roe de la independencia americana en el cuadro que Mariano Salvador Maella, artista de c\u00e1mara del rey Carlos III, pint\u00f3 en 1784. Una r\u00e9plica de esa obra est\u00e1 desde 2014 en el Capitolio de los EE UU, pero el original colgar\u00e1 a partir de ahora de las paredes del Museo del Ej\u00e9rcito de Toledo.<\/p>\n<p class=\"v-p\">El Ministerio de Cultura ha comprado por 60.000 euros el emblem\u00e1tico \u00f3leo a la familia de Mar\u00eda de Haya G\u00e1lvez, propietaria del lienzo desde mediados del siglo XIX, cuando probablemente fue adquirido en una subasta de bienes. Manuel Olmedo, vicepresidente de la Asociaci\u00f3n Cultural Bernardo de G\u00e1lvez y gran estudioso de su figura, aplaude la decisi\u00f3n de Cultura y de la familia -adelantada por el diario &#8216;ABC&#8217;- que garantiza que el cuadro permanezca en Espa\u00f1a. Como asegura, \u00abhab\u00eda rumores\u00bb de que era una obra deseada en Estados Unidos, donde el precio de la venta habr\u00eda sido muy superior. Sobre todo ahora, a las puertas del 250 aniversario de la independencia de Estados Unidos.<\/p>\n<p><img decoding=\"async\" loading=\"lazy\" src=\"https:\/\/www.europesays.com\/es\/wp-content\/uploads\/2025\/09\/99502463_20250909184511-U67057884510tLU-650x975@Diario Sur.jpg\" class=\"v-a-img\" width=\"650\" height=\"975\" alt=\"Cuadro pintado por Salvador Maella en 1784.\" data-voc-vtm-id=\"in-text-traffic\"\/><\/p>\n<p>Cuadro pintado por Salvador Maella en 1784.<\/p>\n<p class=\"v-p\">Esa pintura de Salvador Maella es muy simb\u00f3lica. Est\u00e1 realizada poco despu\u00e9s de que Bernardo de G\u00e1lvez regresara temporalmente a Madrid, donde fue recibido como un h\u00e9roe de guerra. Era 1783, el mismo a\u00f1o en el que el Congreso americano aprob\u00f3 una resoluci\u00f3n para colgar su retrato en el Capitolio en reconocimiento a su decisiva intervenci\u00f3n en la victoria frente a Gran Breta\u00f1a, una promesa que no se cumplir\u00eda hasta m\u00e1s de dos siglos despu\u00e9s. No hay que olvidar que su heroica conquista de Pensacola, la ciudad m\u00e1s importante de la Florida brit\u00e1nica, marc\u00f3 el inicio de la victoria de los colonos. A trav\u00e9s del Mississippi, bajo su control, De G\u00e1lvez hac\u00eda llegar uniformes y provisiones a los soldados de George Washington, materiales que fueron clave para inclinar la balanza hacia la independencia.<\/p>\n<p class=\"v-p\">Sus gestas le valieron el t\u00edtulo de conde de G\u00e1lvez y, en esa visita a Madrid, fue condecorado con la cruz de Caballero de la Real Orden de Carlos III. \u00abFue un acontecimiento important\u00edsimo en Madrid, llegaba el vencedor de nuestros tradicionales enemigos\u00bb, cuenta Olmedo. Bernardo de G\u00e1lvez era toda una personalidad de la \u00e9poca, sobrino del ministro universal de Indias, Jos\u00e9 de G\u00e1lvez, e hijo del Virrey de la Nueva Espa\u00f1a, Mat\u00edas de G\u00e1lvez. Un cargo que el propio Bernardo asumir\u00eda al poco de su regreso a M\u00e9xico, tras el fallecimiento de su padre. Y en ese contexto se pinta ese retrato.<\/p>\n<p>Deuda saldada<\/p>\n<p class=\"v-p\">La valent\u00eda de Bernardo de G\u00e1lvez y la contribuci\u00f3n espa\u00f1ola a la victoria cay\u00f3 poco despu\u00e9s en saco roto con el enfriamiento de las relaciones entre Espa\u00f1a y Estados Unidos. Seg\u00fan consta en unos documentos hist\u00f3ricos descubiertos por Olmedo en los Archivos Nacionales de EE UU, Oliver Pollock, agente del Congreso en Luisiana, llev\u00f3 en 1783 un retrato del militar al Capitolio y, un d\u00eda despu\u00e9s, se acord\u00f3 que se ubicara en ese recinto. Nunca se hizo y el cuadro original desapareci\u00f3. <\/p>\n<p class=\"v-p\">Dos siglos despu\u00e9s, Estados Unidos sald\u00f3 su deuda con Bernardo de G\u00e1lvez. Primero le nombr\u00f3 Ciudadano Honorario, t\u00edtulo que solo ostentan ocho personas en todo el mundo, entre ellos, Winston Churchill, el general La Fayette y Teresa de Calcuta. Y despu\u00e9s, gracias al trabajo de la Asociaci\u00f3n Cultural Bernardo de G\u00e1lvez y a la mediaci\u00f3n de Teresa Valcarce, malague\u00f1a afincada en Washington, EE UU colg\u00f3 por fin su retrato del Capitolio, una r\u00e9plica del \u00f3leo de Salvador Maella que realiz\u00f3 el malague\u00f1o Carlos Monserrate. <\/p>\n","protected":false},"excerpt":{"rendered":"Es su imagen m\u00e1s reconocible, la que todos asocian a su nombre. Bernardo de G\u00e1lvez luce en el&hellip;\n","protected":false},"author":2,"featured_media":103928,"comment_status":"","ping_status":"","sticky":false,"template":"","format":"standard","meta":{"footnotes":""},"categories":[173],"tags":[229,233,231,230,6089,6364,209,232,234,3953,146,147,25,24,367,14702,36266,14017,23],"class_list":{"0":"post-103927","1":"post","2":"type-post","3":"status-publish","4":"format-standard","5":"has-post-thumbnail","7":"category-arte-y-diseno","8":"tag-arte","9":"tag-arte-y-diseno","10":"tag-arts","11":"tag-arts-and-design","12":"tag-bernardo","13":"tag-compra","14":"tag-cultura","15":"tag-design","16":"tag-diseno","17":"tag-emblematico","18":"tag-entertainment","19":"tag-entretenimiento","20":"tag-es","21":"tag-espana","22":"tag-familia","23":"tag-galvez","24":"tag-malaguena","25":"tag-retrato","26":"tag-spain"},"share_on_mastodon":{"url":"","error":""},"_links":{"self":[{"href":"https:\/\/www.europesays.com\/es\/wp-json\/wp\/v2\/posts\/103927","targetHints":{"allow":["GET"]}}],"collection":[{"href":"https:\/\/www.europesays.com\/es\/wp-json\/wp\/v2\/posts"}],"about":[{"href":"https:\/\/www.europesays.com\/es\/wp-json\/wp\/v2\/types\/post"}],"author":[{"embeddable":true,"href":"https:\/\/www.europesays.com\/es\/wp-json\/wp\/v2\/users\/2"}],"replies":[{"embeddable":true,"href":"https:\/\/www.europesays.com\/es\/wp-json\/wp\/v2\/comments?post=103927"}],"version-history":[{"count":0,"href":"https:\/\/www.europesays.com\/es\/wp-json\/wp\/v2\/posts\/103927\/revisions"}],"wp:featuredmedia":[{"embeddable":true,"href":"https:\/\/www.europesays.com\/es\/wp-json\/wp\/v2\/media\/103928"}],"wp:attachment":[{"href":"https:\/\/www.europesays.com\/es\/wp-json\/wp\/v2\/media?parent=103927"}],"wp:term":[{"taxonomy":"category","embeddable":true,"href":"https:\/\/www.europesays.com\/es\/wp-json\/wp\/v2\/categories?post=103927"},{"taxonomy":"post_tag","embeddable":true,"href":"https:\/\/www.europesays.com\/es\/wp-json\/wp\/v2\/tags?post=103927"}],"curies":[{"name":"wp","href":"https:\/\/api.w.org\/{rel}","templated":true}]}}