{"id":103940,"date":"2025-09-09T19:11:08","date_gmt":"2025-09-09T19:11:08","guid":{"rendered":"https:\/\/www.europesays.com\/es\/103940\/"},"modified":"2025-09-09T19:11:08","modified_gmt":"2025-09-09T19:11:08","slug":"beele-niega-haber-filtrado-video-intimo-con-isabella-ladera","status":"publish","type":"post","link":"https:\/\/www.europesays.com\/es\/103940\/","title":{"rendered":"Be\u00e9le niega haber filtrado video \u00edntimo con Isabella Ladera"},"content":{"rendered":"<p class=\"paragraph larva \/\/ lrv-u-margin-lr-auto  lrv-a-font-body-m   \">\n\tLa noticia de un video sexualmente expl\u00edcito que involucra a <a href=\"https:\/\/www.billboard.com\/artist\/beele\/\" rel=\"nofollow noopener\" target=\"_blank\">Be\u00e9le<\/a> y su expareja Isabella Ladera ha encendido las redes sociales, con la influencer venezolana acusando al cantante colombiano de filtrarlo, y el equipo legal del artista asegurando que su cliente no es el responsable de su difusi\u00f3n.<\/p>\n<p>\t\t\t\t\tExplorar\t\t<\/p>\n<p>\t\t\t<a href=\"https:\/\/www.billboard.com\/artist\/beele-2\/\" class=\"c-lazy-image__link lrv-a-unstyle-link\" rel=\"nofollow noopener\" target=\"_blank\"><\/p>\n<p>\t\t\t\t\t\t<img class=\"c-lazy-image__img lrv-u-background-color-grey-lightest lrv-u-width-100p lrv-u-display-block lrv-u-height-auto\" src=\"https:\/\/www.europesays.com\/es\/wp-content\/uploads\/2025\/09\/lazyload-fallback.gif\" data-lazy-src=\"https:\/\/www.europesays.com\/es\/wp-content\/uploads\/2025\/09\/lazyload-fallback.gif\" alt=\"\" data-lazy- data-lazy- height=\"\" width=\"\" decoding=\"async\"\/><\/p>\n<p>\t\t\t<\/a><\/p>\n<p class=\"c-tagline    lrv-u-text-transform-uppercase lrv-u-color-black u-padding-t-13 lrv-u-padding-b-2 lrv-u-margin-tb-00 lrv-u-text-align-center lrv-u-border-t-1 lrv-u-border-color-black lrv-u-width-100p a-bbesp-font-secondary-fancy-xs@desktop a-bbesp-font-primary-m@mobile-max u-letter-spacing-0041@desktop u-letter-spacing-0656@mobile-max u-line-height-10px@desktop u-line-height-12px@mobile-max\">Vea los \u00faltimos videos, gr\u00e1ficos y noticias<\/p>\n<p class=\"paragraph larva \/\/ lrv-u-margin-lr-auto  lrv-a-font-body-m   \">\n\tEn un comunicado emitido el martes (9 de septiembre), los despachos V\u00edctor Mosquera Mar\u00edn Abogados (Colombia) y DMR Law LLC (Estados Unidos) afirman que el artista \u2014 cuyo verdadero nombre es Brandon de Jes\u00fas L\u00f3pez Orozco \u2014 \u201cno filtr\u00f3 dicho material ni particip\u00f3 en su divulgaci\u00f3n\u201d y que \u201csu carrera art\u00edstica y prestigio internacional descartan cualquier necesidad o inter\u00e9s en actores de esta naturaleza\u201d. <\/p>\n<p class=\"paragraph larva \/\/ lrv-u-margin-lr-auto  lrv-a-font-body-m   \">\n\t\u201cBe\u00e9le tambi\u00e9n es v\u00edctima de la exposici\u00f3n no consentida de su intimidad\u201d, continua el comunicado, compartido en la cuenta de <a rel=\"noreferrer noopener nofollow\" target=\"_blank\" href=\"https:\/\/www.instagram.com\/p\/DOYy2GgjV1F\/?igsh=X3RnbG1EcEs5\">Instagram<\/a> de Mar\u00edn Abogados y las<a rel=\"noreferrer noopener nofollow\" target=\"_blank\" href=\"https:\/\/www.instagram.com\/stories\/beele\/?hl=en\"> historias de Be\u00e9le<\/a>. \u201cRechazamos toda forma de violencia y continuaremos utilizando las v\u00edas legales para la defensa integral de sus derechos\u201d.<\/p>\n<p class=\"paragraph larva \/\/ lrv-u-margin-lr-auto  lrv-a-font-body-m   \">\n\tBillboard Espa\u00f1ol envi\u00f3 una solicitud de comentarios a representantes de Be\u00e9le sin obtener respuesta de inmediato.\u00a0<\/p>\n<p class=\"paragraph larva \/\/ lrv-u-margin-lr-auto  lrv-a-font-body-m   \">\n\tCon su comunicado, el equipo legal del cantante respondi\u00f3 a las declaraciones emitidas el lunes (8 de septiembre) por Ladera, quien, en un extenso mensaje <a rel=\"noreferrer noopener nofollow\" target=\"_blank\" href=\"https:\/\/www.instagram.com\/p\/DOWrHYdEq9A\">en redes sociales<\/a>, acus\u00f3 al cantante de haber filtrado el video sin su consentimiento. Ladera describi\u00f3 en su post la situaci\u00f3n como un \u201cacto que representa una de las traiciones m\u00e1s crueles\u201d que ha vivido, y afirm\u00f3 que el material solo estaba en manos de dos personas. \u201cEsta filtraci\u00f3n constituye una forma de violencia hacia las mujeres\u201d, dijo.<\/p>\n<p class=\"paragraph larva \/\/ lrv-u-margin-lr-auto  lrv-a-font-body-m   \">\n\tEl equipo legal de Be\u00e9le detall\u00f3 las medidas inmediatas que est\u00e1 tomando, incluyendo notificaciones DMCA (Digital Millennium Copyright Act)\u00a0y \u201c\u00f3rdenes de takedown a proveedores, plataformas y motores de b\u00fasqueda as\u00ed como solicitudes de preservaci\u00f3n de evidencia para identificar a los responsables, incluso si act\u00faan de forma an\u00f3nima\u201d, seg\u00fan el comunicado.\u00a0Tambi\u00e9n destac\u00f3 que las acciones legales se est\u00e1n llevando a cabo de manera coordinada en Colombia y Estados Unidos, y que ya est\u00e1n en curso denuncias a las autoridades correspondientes.<\/p>\n<p>\t<a class=\"c-logo lrv-a-unstyle-link u-display-inline-flex lrv-u-width-100p  u-max-width-100 u-height-26 u-max-width-130px@mobile-max u-margin-t-040@mobile-max u-margin-t-040@mobile-max\" href=\"https:\/\/www.billboard.com\/\" title=\"Billboard\" rel=\"nofollow noopener\" target=\"_blank\"><\/p>\n<p>\t<\/a><\/p>\n<p class=\"c-tagline  a-font-accent-l@desktop  a-font-accent-xs@mobile-max u-font-size-15@mobile-max u-line-height-22px@mobile-max lrv-u-text-align-center@mobile-max u-letter-spacing-0030@mobile-max lrv-u-padding-t-025 lrv-u-margin-a-00 u-padding-t-0125@mobile-max u-padding-b-0063@mobile-max\">Boletines diarios directo a su bandeja de entrada<\/p>\n<p><a class=\"c-link  lrv-a-unstyle-button lrv-u-cursor-pointer lrv-u-display-inline-flex lrv-u-background-color-brand-primary lrv-u-background-color-black:hover lrv-u-color-black lrv-u-color-brand-primary:hover u-padding-lr-0.875 u-padding-tb-10 lrv-u-flex-shrink-0 u-align-items-center a-font-basic-fancy-xs u-margin-t-0.188 u-margin-b-0188 u-margin-b-040@mobile-max u-margin-b-040@mobile-max\" href=\"https:\/\/cloud.email.billboard.com\/signup\/\" rel=\"noopener noreferrer nofollow\" target=\"_blank\"><br \/>\n\tInscribirse<\/a><br \/>\n<script async src=\"\/\/www.instagram.com\/embed.js\"><\/script><\/p>\n","protected":false},"excerpt":{"rendered":"La noticia de un video sexualmente expl\u00edcito que involucra a Be\u00e9le y su expareja Isabella Ladera ha encendido&hellip;\n","protected":false},"author":2,"featured_media":103941,"comment_status":"","ping_status":"","sticky":false,"template":"","format":"standard","meta":{"footnotes":""},"categories":[91],"tags":[146,147,25,24,9834,9835,23],"class_list":{"0":"post-103940","1":"post","2":"type-post","3":"status-publish","4":"format-standard","5":"has-post-thumbnail","7":"category-entretenimiento","8":"tag-entertainment","9":"tag-entretenimiento","10":"tag-es","11":"tag-espana","12":"tag-genre-espau00f1ol","13":"tag-noticias-espau00f1ol","14":"tag-spain"},"share_on_mastodon":{"url":"","error":""},"_links":{"self":[{"href":"https:\/\/www.europesays.com\/es\/wp-json\/wp\/v2\/posts\/103940","targetHints":{"allow":["GET"]}}],"collection":[{"href":"https:\/\/www.europesays.com\/es\/wp-json\/wp\/v2\/posts"}],"about":[{"href":"https:\/\/www.europesays.com\/es\/wp-json\/wp\/v2\/types\/post"}],"author":[{"embeddable":true,"href":"https:\/\/www.europesays.com\/es\/wp-json\/wp\/v2\/users\/2"}],"replies":[{"embeddable":true,"href":"https:\/\/www.europesays.com\/es\/wp-json\/wp\/v2\/comments?post=103940"}],"version-history":[{"count":0,"href":"https:\/\/www.europesays.com\/es\/wp-json\/wp\/v2\/posts\/103940\/revisions"}],"wp:featuredmedia":[{"embeddable":true,"href":"https:\/\/www.europesays.com\/es\/wp-json\/wp\/v2\/media\/103941"}],"wp:attachment":[{"href":"https:\/\/www.europesays.com\/es\/wp-json\/wp\/v2\/media?parent=103940"}],"wp:term":[{"taxonomy":"category","embeddable":true,"href":"https:\/\/www.europesays.com\/es\/wp-json\/wp\/v2\/categories?post=103940"},{"taxonomy":"post_tag","embeddable":true,"href":"https:\/\/www.europesays.com\/es\/wp-json\/wp\/v2\/tags?post=103940"}],"curies":[{"name":"wp","href":"https:\/\/api.w.org\/{rel}","templated":true}]}}