{"id":103945,"date":"2025-09-09T19:14:12","date_gmt":"2025-09-09T19:14:12","guid":{"rendered":"https:\/\/www.europesays.com\/es\/103945\/"},"modified":"2025-09-09T19:14:12","modified_gmt":"2025-09-09T19:14:12","slug":"una-filtracion-revelo-los-negocios-privados-de-boris-johnson-tras-su-mandato","status":"publish","type":"post","link":"https:\/\/www.europesays.com\/es\/103945\/","title":{"rendered":"Una filtraci\u00f3n revel\u00f3 los negocios privados de Boris Johnson tras su mandato"},"content":{"rendered":"<p><img alt=\"El ex primer ministro brit\u00e1nico\" class=\"global-image\" decoding=\"async\" fetchpriority=\"high\" height=\"4000\" loading=\"eager\" src=\"https:\/\/www.europesays.com\/es\/wp-content\/uploads\/2025\/09\/2B3ZOBXON5CLFK5GEDCL7QOIJY.jpg\" width=\"6000\"\/>El ex primer ministro brit\u00e1nico Boris Johnson llega a la Abad\u00eda de Westminster para asistir al Servicio de Acci\u00f3n de Gracias como parte de las conmemoraciones por el 80 aniversario del D\u00eda de la Victoria en Europa (VE) en Londres, Gran Breta\u00f1a, el 8 de mayo de 2025. REUTERS\/Phil Noble<\/p>\n<p class=\"paragraph\">El antiguo primer ministro brit\u00e1nico y conservador Boris Johnson se ha beneficiado de los contactos y la influencia que adquiri\u00f3 durante su mandato, entre 2019 y 2022, para gestionar intereses comerciales, revela este martes The Guardian.<\/p>\n<p class=\"paragraph\">Datos filtrados de los archivos del despacho privado de Johnson revela esta influencia, que supone una <b>posible infracci\u00f3n de las normas \u00e9ticas y de cabildeo<\/b>, subraya el peri\u00f3dico brit\u00e1nico.<\/p>\n<p class=\"paragraph\">Los archivos fueron obtenidos por Distributed Denial of Secrets (DDoS, en ingl\u00e9s), una organizaci\u00f3n sin \u00e1nimo de lucro registrada en Estados Unidos que archiva documentos filtrados y pirateados.<\/p>\n<p class=\"paragraph\">DDoS declar\u00f3 a The Guardian que <b>desconoc\u00eda el origen de la filtraci\u00f3n<\/b>, sin embargo, la aparici\u00f3n de los datos en sus servidores plantear\u00e1 inevitables dudas sobre una <b>posible violaci\u00f3n de la seguridad en la oficina del ex primer ministro<\/b>, dice el diario.<\/p>\n<p class=\"paragraph\">Los archivos del exl\u00edder \u2018tory\u2019 (conservador) contienen correos electr\u00f3nicos, cartas, facturas, discursos y contratos comerciales, que ponen al descubierto el funcionamiento interno de una empresa subvencionada con fondos p\u00fablicos que Johnson fund\u00f3 tras dejar el Gobierno en septiembre de 2022.<\/p>\n<p><img alt=\"El presidente de Venezuela, Nicol\u00e1s\" class=\"global-image\" decoding=\"async\" fetchpriority=\"low\" height=\"4286\" loading=\"lazy\" src=\"https:\/\/www.europesays.com\/es\/wp-content\/uploads\/2025\/09\/K3OYP2BBZRDUDIZRBVVBLZY3LU.jpg\" width=\"6429\"\/>El presidente de Venezuela, Nicol\u00e1s Maduro, habla durante una conferencia de prensa en Caracas, Venezuela, el lunes 1 de septiembre de 2025. (Foto AP\/Ariana Cubillos)<\/p>\n<p class=\"paragraph\"><b>El material revela c\u00f3mo Johnson ha utilizado la empresa para gestionar diversos empleos y proyectos empresariales altamente remunerados.<\/b><\/p>\n<p class=\"paragraph\">Tambi\u00e9n podr\u00edan suscitar preguntas sobre la asignaci\u00f3n financiada con fondos p\u00fablicos que reciben los ex primeros ministros para gestionar sus despachos privados.<\/p>\n<p class=\"paragraph\">The Guardian, que afirma es el \u00fanico medio que ha tenido acceso a esta informaci\u00f3n, se\u00f1ala que hay <b>m\u00e1s de 1.800 archivos<\/b>, incluyendo algunos que datan de la \u00e9poca de Johnson en Downing Street.<\/p>\n<p class=\"paragraph\">Los archivos revelan, entre otras cosas, que<b> Johnson recibi\u00f3 m\u00e1s de 200.000 libras (269.810 d\u00f3lares) de un fondo de cobertura tras reunirse con el presidente de Venezuela, Nicol\u00e1s Maduro.<\/b><\/p>\n<p class=\"paragraph\">Al parecer, durante su mandato tuvo adem\u00e1s una reuni\u00f3n secreta con Peter Thiel, el multimillonario que fund\u00f3 la controvertida firma estadounidense de datos Palantir, meses antes de que \u00e9sta recibiera el encargo de gesti\u00f3n de datos del Servicio Nacional de Salud (NHS, en ingl\u00e9s) del Reino Unido, agrega.<\/p>\n<p><img alt=\"Los ex primeros ministros brit\u00e1nicos\" class=\"global-image\" decoding=\"async\" fetchpriority=\"low\" height=\"3802\" loading=\"lazy\" src=\"https:\/\/www.europesays.com\/es\/wp-content\/uploads\/2025\/09\/CLYXIYUQNIKPUSHURPKLSWMWJ4.jpg\" width=\"5703\"\/>Los ex primeros ministros brit\u00e1nicos Rishi Sunak, Boris Johnson y David Cameron asisten al Servicio Nacional del Recuerdo en el Cenotafio de Londres, Gran Breta\u00f1a, el 10 de noviembre de 2024. Chris Jackson\/Pool v\u00eda REUTER<\/p>\n<p class=\"paragraph\">En una aparente infracci\u00f3n de las normas de la pandemia de covid-19, Johnson organiz\u00f3 una cena para un lord conservador que financi\u00f3 una lujosa reforma de su apartamento en Downing Street, un d\u00eda despu\u00e9s de la entrada en vigor del segundo confinamiento nacional.<\/p>\n<p class=\"paragraph\">El material recopilado es en su<b> mayor\u00eda posterior al mandato de Johnson<\/b> como primer ministro, abarcando el per\u00edodo comprendido entre septiembre de 2022 y julio de 2024, aunque tambi\u00e9n contiene algunos documentos elaborados durante su jefatura en Downing Street.<\/p>\n<p class=\"paragraph\">Las revelaciones sobre c\u00f3mo Johnson ha forjado una lucrativa carrera en el sector privado ponen de relieve un esquema poco conocido que permite a los ex primeros ministros del Reino Unido solicitar fondos del gobierno para cubrir gastos \u201cderivados de su posici\u00f3n especial en la vida p\u00fablica\u201d, resalta el peri\u00f3dico.<\/p>\n<p class=\"paragraph\">El pago anual, que es una asignaci\u00f3n por gastos de servicio p\u00fablico, es un subsidio destinado a apoyar las funciones p\u00fablicas de un ex primer ministro, pero no est\u00e1 destinado a ser utilizado para actividades privadas ni comerciales. <\/p>\n<p class=\"paragraph\">(con informaci\u00f3n de EFE)<\/p>\n","protected":false},"excerpt":{"rendered":"El ex primer ministro brit\u00e1nico Boris Johnson llega a la Abad\u00eda de Westminster para asistir al Servicio de&hellip;\n","protected":false},"author":2,"featured_media":103946,"comment_status":"","ping_status":"","sticky":false,"template":"","format":"standard","meta":{"footnotes":""},"categories":[42],"tags":[32245,17,18,406,13,14,5638,11,61,62,63,64,19,20,8536,9,10,15,16,12,21,22,65,66,67],"class_list":{"0":"post-103945","1":"post","2":"type-post","3":"status-publish","4":"format-standard","5":"has-post-thumbnail","7":"category-internacional","8":"tag-anniversaries","9":"tag-breaking-news","10":"tag-breakingnews","11":"tag-europe","12":"tag-featured-news","13":"tag-featurednews","14":"tag-government-politics","15":"tag-headlines","16":"tag-internacional","17":"tag-international","18":"tag-international-news","19":"tag-internationalnews","20":"tag-latest-news","21":"tag-latestnews","22":"tag-london","23":"tag-news","24":"tag-noticias","25":"tag-noticias-destacadas","26":"tag-noticiasdestacadas","27":"tag-titulares","28":"tag-ultimas-noticias","29":"tag-ultimasnoticias","30":"tag-world","31":"tag-world-news","32":"tag-worldnews"},"share_on_mastodon":{"url":"","error":""},"_links":{"self":[{"href":"https:\/\/www.europesays.com\/es\/wp-json\/wp\/v2\/posts\/103945","targetHints":{"allow":["GET"]}}],"collection":[{"href":"https:\/\/www.europesays.com\/es\/wp-json\/wp\/v2\/posts"}],"about":[{"href":"https:\/\/www.europesays.com\/es\/wp-json\/wp\/v2\/types\/post"}],"author":[{"embeddable":true,"href":"https:\/\/www.europesays.com\/es\/wp-json\/wp\/v2\/users\/2"}],"replies":[{"embeddable":true,"href":"https:\/\/www.europesays.com\/es\/wp-json\/wp\/v2\/comments?post=103945"}],"version-history":[{"count":0,"href":"https:\/\/www.europesays.com\/es\/wp-json\/wp\/v2\/posts\/103945\/revisions"}],"wp:featuredmedia":[{"embeddable":true,"href":"https:\/\/www.europesays.com\/es\/wp-json\/wp\/v2\/media\/103946"}],"wp:attachment":[{"href":"https:\/\/www.europesays.com\/es\/wp-json\/wp\/v2\/media?parent=103945"}],"wp:term":[{"taxonomy":"category","embeddable":true,"href":"https:\/\/www.europesays.com\/es\/wp-json\/wp\/v2\/categories?post=103945"},{"taxonomy":"post_tag","embeddable":true,"href":"https:\/\/www.europesays.com\/es\/wp-json\/wp\/v2\/tags?post=103945"}],"curies":[{"name":"wp","href":"https:\/\/api.w.org\/{rel}","templated":true}]}}