{"id":103957,"date":"2025-09-09T19:26:10","date_gmt":"2025-09-09T19:26:10","guid":{"rendered":"https:\/\/www.europesays.com\/es\/103957\/"},"modified":"2025-09-09T19:26:10","modified_gmt":"2025-09-09T19:26:10","slug":"el-gobierno-prepara-un-dispositivo-de-seguridad-especial-para-el-final-de-la-vuelta-y-almeida-avisa-de-que-reprimiran-cualquier-protesta-que-se-produzca","status":"publish","type":"post","link":"https:\/\/www.europesays.com\/es\/103957\/","title":{"rendered":"El Gobierno prepara un dispositivo de seguridad especial para el final de La Vuelta y Almeida avisa de que &#8216;reprimir\u00e1n&#8217; cualquier protesta que se produzca"},"content":{"rendered":"<p>La Delegaci\u00f3n del Gobierno en Madrid trabaja ya en la preparaci\u00f3n de un <b>dispositivo especial de seguridad<\/b> \u00abacorde a las necesidades\u00bb de las dos \u00faltimas etapas de <b>La Vuelta ciclista a Espa\u00f1a<\/b>, que tendr\u00e1n lugar en la Comunidad de Madrid. As\u00ed lo ha comunicado este martes el delegado del Ejecutivo en la regi\u00f3n, Francisco Mart\u00edn.<\/p>\n<p>Seg\u00fan el delegado del Gobierno, este mi\u00e9rcoles se celebrar\u00e1 una reuni\u00f3n de seguridad para perfilar \u00ablas l\u00edneas fundamentales\u00bb del dispositivo, que buscar\u00e1 \u00abdar una respuesta suficiente que garantice que los eventos se puedan desarrollar con la mayor normalidad posible, <b>que el evento deportivo se complete<\/b> y que los ciudadanos puedan disfrutar de ellos en condiciones de seguridad\u00bb.<\/p>\n<p><b>Desde hace unos d\u00edas hay convocadas protestas en Madrid para coincidir con las dos \u00faltimas etapas de La Vuelta<\/b>, unas concentraciones similares a las que han protagonizado el circuito a lo largo de toda Espa\u00f1a en contra del genocidio y la participaci\u00f3n de un equipo israel\u00ed.<\/p>\n<p>Por otro lado, el alcalde de Madrid, Jos\u00e9 Luis Mart\u00ednez-Almeida, ha ido un paso m\u00e1s all\u00e1 y ha avanzado que, <b>en el caso de que se produzcan incidentes, tratar\u00e1n de \u00abreprimirlos de la forma m\u00e1s r\u00e1pida posible<\/b>, evitando que de cualquier manera se pueda poner en riesgo la integridad f\u00edsica de las personas que forman parte del convoy de La Vuelta, pero tambi\u00e9n de todos los espectadores\u00bb.<\/p>\n<p>\u00abSomos conscientes de las dificultades que ha habido con los incidentes violentos en los disturbios. <b>Nosotros mandamos un mensaje desde luego de tolerancia cero hacia los disturbios y hacia los incidentes violentos<\/b>\u00ab, ha comentado el alcalde de Madrid, quien este lunes <a href=\"https:\/\/www.huffingtonpost.es\/politica\/el-alcalde-madrid-jose-luis-martinezalmeida-no-hay-genocidio-gaza.html\" target=\"_blank\" rel=\"nofollow noopener\">neg\u00f3 que se estuviera produciendo un genocidio en Gaza<\/a>.<\/p>\n<p>Frente a la negativa a reconocer un genocidio que s\u00ed ve Naciones Unidas y ya tambi\u00e9n el Gobierno de Espa\u00f1a, el delegado del Gobierno ha se\u00f1alado que \u00ab<b>quien niega el genocidio, niega la evidencia<\/b>, y el que niega la evidencia est\u00e1 tomando parte, y tristemente el se\u00f1or Almeida y la se\u00f1ora Ayuso est\u00e1n tomando parte, como siempre hacen, por aquellos que est\u00e1n aplastando a la sociedad civil palestina\u00bb.<\/p>\n","protected":false},"excerpt":{"rendered":"La Delegaci\u00f3n del Gobierno en Madrid trabaja ya en la preparaci\u00f3n de un dispositivo especial de seguridad \u00abacorde&hellip;\n","protected":false},"author":2,"featured_media":103958,"comment_status":"","ping_status":"","sticky":false,"template":"","format":"standard","meta":{"footnotes":""},"categories":[273],"tags":[313,312,168,25,24,694,79,74,76,23,167],"class_list":{"0":"post-103957","1":"post","2":"type-post","3":"status-publish","4":"format-standard","5":"has-post-thumbnail","7":"category-ciclismo","8":"tag-ciclismo","9":"tag-cycling","10":"tag-deportes","11":"tag-es","12":"tag-espana","13":"tag-gaza","14":"tag-genocidio","15":"tag-israel","16":"tag-palestina","17":"tag-spain","18":"tag-sports"},"share_on_mastodon":{"url":"","error":""},"_links":{"self":[{"href":"https:\/\/www.europesays.com\/es\/wp-json\/wp\/v2\/posts\/103957","targetHints":{"allow":["GET"]}}],"collection":[{"href":"https:\/\/www.europesays.com\/es\/wp-json\/wp\/v2\/posts"}],"about":[{"href":"https:\/\/www.europesays.com\/es\/wp-json\/wp\/v2\/types\/post"}],"author":[{"embeddable":true,"href":"https:\/\/www.europesays.com\/es\/wp-json\/wp\/v2\/users\/2"}],"replies":[{"embeddable":true,"href":"https:\/\/www.europesays.com\/es\/wp-json\/wp\/v2\/comments?post=103957"}],"version-history":[{"count":0,"href":"https:\/\/www.europesays.com\/es\/wp-json\/wp\/v2\/posts\/103957\/revisions"}],"wp:featuredmedia":[{"embeddable":true,"href":"https:\/\/www.europesays.com\/es\/wp-json\/wp\/v2\/media\/103958"}],"wp:attachment":[{"href":"https:\/\/www.europesays.com\/es\/wp-json\/wp\/v2\/media?parent=103957"}],"wp:term":[{"taxonomy":"category","embeddable":true,"href":"https:\/\/www.europesays.com\/es\/wp-json\/wp\/v2\/categories?post=103957"},{"taxonomy":"post_tag","embeddable":true,"href":"https:\/\/www.europesays.com\/es\/wp-json\/wp\/v2\/tags?post=103957"}],"curies":[{"name":"wp","href":"https:\/\/api.w.org\/{rel}","templated":true}]}}