{"id":103959,"date":"2025-09-09T19:27:14","date_gmt":"2025-09-09T19:27:14","guid":{"rendered":"https:\/\/www.europesays.com\/es\/103959\/"},"modified":"2025-09-09T19:27:14","modified_gmt":"2025-09-09T19:27:14","slug":"exmecanico-de-verstappen-revela-dificiles-condiciones-laborales-en-f1-bajo-sueldo-y-extensa-jornada-bio-bio-tuercas","status":"publish","type":"post","link":"https:\/\/www.europesays.com\/es\/103959\/","title":{"rendered":"Exmec\u00e1nico de Verstappen revela dif\u00edciles condiciones laborales en F1: \u2019bajo\u2019 sueldo y extensa jornada | bio-bio-tuercas"},"content":{"rendered":"<p>                                <img decoding=\"async\" class=\"imagen-icon\" src=\"https:\/\/www.europesays.com\/es\/wp-content\/uploads\/2025\/07\/icon.png\"\/><br \/>\n                                 VER RESUMEN<\/p>\n<p>                                    Resumen generado con una herramienta de Inteligencia Artificial desarrollada por BioBioChile y revisado por el autor de\u00a0este art\u00edculo.<\/p>\n<p>El exmec\u00e1nico de Max Verstappen, Calum Nicholas, defendi\u00f3 a mec\u00e1nicos de McLaren tras cr\u00edticas por falla en Monza. Nicholas destac\u00f3 en redes sociales las condiciones estresantes y mal pagadas en las que trabajan los mec\u00e1nicos de F\u00f3rmula 1, se\u00f1alando que el salario promedio es de 60.000 libras al a\u00f1o, con una semana laboral de 70 horas y sin beneficios extras por estar en el equipo de boxes. <\/p>\n<p>El <strong>exmec\u00e1nico del cuatro veces campe\u00f3n del mundo Max Verstappen, Calum Nicholas<\/strong>, revel\u00f3 las realidades poco glamorosas de trabajar para un equipo de F\u00f3rmula 1, como defensa a mec\u00e1nicos de McLaren criticados por parte de fan\u00e1ticos durante el Gran Premio de Monza, Italia. <\/p>\n<p>En redes sociales culparon a los que estaban detr\u00e1s de escena en los boxes de McLaren por esta falla, criticando su aparente \u201cerror\u201d durante su \u201cturno de trabajo de tres segundos\u201d. <\/p>\n<p>Ante esto, Calum Nicholas, cuya cuenta de Instagram tiene m\u00e1s de 400 mil seguidores, recurri\u00f3 precisamente a las redes sociales <strong>para destacar las condiciones estresantes y mal pagadas<\/strong> -en relaci\u00f3n a lo que ganan los pilotos y otros quienes se desempe\u00f1an en F\u00f3rmula 1- en las que trabajaban los mec\u00e1nicos para hacer realidad un fin de semana de carreras. <\/p>\n<p>\u201cPor cierto, por eso tan poca gente del paddock interact\u00faa aqu\u00ed. Opiniones absurdas como esta. Es vergonzoso\u201d, respondi\u00f3 Nicholas, antes de a\u00f1adir:<strong> \u201cEl salario medio de un t\u00e9cnico de F1 ronda las 60.000 libras, por cierto\u201d<\/strong>.<\/p>\n<p>El exmec\u00e1nico de Verstappen agreg\u00f3 que <strong>\u201cla semana laboral promedio es de unas 70 horas. La mayor\u00eda vuela en clase turista, y nadie cobra m\u00e1s por ser parte del equipo de boxes\u201d.<\/strong><\/p>\n","protected":false},"excerpt":{"rendered":"VER RESUMEN Resumen generado con una herramienta de Inteligencia Artificial desarrollada por BioBioChile y revisado por el autor&hellip;\n","protected":false},"author":2,"featured_media":103960,"comment_status":"","ping_status":"","sticky":false,"template":"","format":"standard","meta":{"footnotes":""},"categories":[270],"tags":[36269,36270,168,33479,25,24,36271,306,36272,271,272,36273,628,36274,2099,2704,20290,36275,17245,13376,1922,36276,36277,23,167],"class_list":{"0":"post-103959","1":"post","2":"type-post","3":"status-publish","4":"format-standard","5":"has-post-thumbnail","7":"category-formula-1","8":"tag-calum-nicholas","9":"tag-condiciones-laborales","10":"tag-deportes","11":"tag-equipo-de-formula-1","12":"tag-es","13":"tag-espana","14":"tag-estresantes","15":"tag-f1","16":"tag-fanaticos","17":"tag-formula-1","18":"tag-formula1","19":"tag-gran-premio-de-monza","20":"tag-italia","21":"tag-mal-pagadas","22":"tag-max-verstappen","23":"tag-mclaren","24":"tag-mecanico","25":"tag-mecanicos-de-f1","26":"tag-paddock","27":"tag-pilotos","28":"tag-redes-sociales","29":"tag-salario-tecnico-de-f1","30":"tag-semana-laboral","31":"tag-spain","32":"tag-sports"},"share_on_mastodon":{"url":"","error":""},"_links":{"self":[{"href":"https:\/\/www.europesays.com\/es\/wp-json\/wp\/v2\/posts\/103959","targetHints":{"allow":["GET"]}}],"collection":[{"href":"https:\/\/www.europesays.com\/es\/wp-json\/wp\/v2\/posts"}],"about":[{"href":"https:\/\/www.europesays.com\/es\/wp-json\/wp\/v2\/types\/post"}],"author":[{"embeddable":true,"href":"https:\/\/www.europesays.com\/es\/wp-json\/wp\/v2\/users\/2"}],"replies":[{"embeddable":true,"href":"https:\/\/www.europesays.com\/es\/wp-json\/wp\/v2\/comments?post=103959"}],"version-history":[{"count":0,"href":"https:\/\/www.europesays.com\/es\/wp-json\/wp\/v2\/posts\/103959\/revisions"}],"wp:featuredmedia":[{"embeddable":true,"href":"https:\/\/www.europesays.com\/es\/wp-json\/wp\/v2\/media\/103960"}],"wp:attachment":[{"href":"https:\/\/www.europesays.com\/es\/wp-json\/wp\/v2\/media?parent=103959"}],"wp:term":[{"taxonomy":"category","embeddable":true,"href":"https:\/\/www.europesays.com\/es\/wp-json\/wp\/v2\/categories?post=103959"},{"taxonomy":"post_tag","embeddable":true,"href":"https:\/\/www.europesays.com\/es\/wp-json\/wp\/v2\/tags?post=103959"}],"curies":[{"name":"wp","href":"https:\/\/api.w.org\/{rel}","templated":true}]}}