{"id":103961,"date":"2025-09-09T19:28:19","date_gmt":"2025-09-09T19:28:19","guid":{"rendered":"https:\/\/www.europesays.com\/es\/103961\/"},"modified":"2025-09-09T19:28:19","modified_gmt":"2025-09-09T19:28:19","slug":"el-presentador-que-cambio-el-baloncesto-por-la-television","status":"publish","type":"post","link":"https:\/\/www.europesays.com\/es\/103961\/","title":{"rendered":"el presentador que cambi\u00f3 el baloncesto por la televisi\u00f3n"},"content":{"rendered":"<p id=\"ePayDiIV9L\" data-wc=\"36\">Ion Aramedi pas\u00f3 un verano con las personas que m\u00e1s quiere, <a class=\"hm-link ho-link\" href=\"https:\/\/www.hola.com\/actualidad\/20250907853356\/nuevo-ion-aramendi-fotos-demuestran-impresionante-transformacion-fisica-presentador\/\" data-mrf-recirculation=\"article-body-link\" rel=\"nofollow noopener\" target=\"_blank\">su mujer Mar\u00eda Amores y sus tres hijos, Ion, Lucas y la peque\u00f1a Marieta.<\/a> Siendo un padre ejemplar, I<strong>on no solo triunfa en lo personal.\u00a0<\/strong><\/p>\n<p>  <img src=\"https:\/\/www.europesays.com\/es\/wp-content\/uploads\/2025\/09\/0c52017afc6e-studio24318810trcut.jpg\"   width=\"1080\" height=\"1800\" loading=\"lazy\" decoding=\"async\" alt=\"Media Image\" fetchpriority=\"auto\" class=\"image ho-image\"\/>\u00a9 STUDIO24<\/p>\n<p id=\"ep69u3x9UX\" data-wc=\"87\">El presentador <strong>fue jugador profesional de baloncesto y lleg\u00f3 a estar en equipos como el CB Santurtzi,<\/strong> que compet\u00eda en la liga EBA. Tras a\u00f1os en la cancha gracias a su 1,85 metros de altura y un impresionante porte, fue antes del verano de 2009 cuando decidi\u00f3 participar en una oferta de empleo en S\u00e1lvame,\u00a0el programa de televisi\u00f3n de Telecinco. Y en un abrir y cerrar de ojos, el exjugador comenzaba a dar sus<strong>\u00a0primeros pasos en el mundo de la comunicaci\u00f3n como reportero del programa.<\/strong><\/p>\n<p>  <img src=\"https:\/\/www.europesays.com\/es\/wp-content\/uploads\/2025\/09\/05792b849364-gettyimages-2149102312.jpg\"   width=\"1080\" height=\"1800\" loading=\"lazy\" decoding=\"async\" alt=\"Ion Aramendi y Mar\u00eda Amores en el concierto de Isabel Pantoja en el WiZink Center,13 de abril de 2024, en Madrid \" fetchpriority=\"auto\" class=\"image ho-image\"\/>\u00a9 Europa PressIon Aramendi y Mar\u00eda Amores en el concierto de Isabel Pantoja en el WiZink Center,13 de abril de 2024, en Madrid <\/p>\n<p id=\"eEfCU0EPi-5\" data-wc=\"93\">De esta manera, despegaba una carrera totalmente diferente a lo que antes hab\u00eda hecho, en la que <strong>no que par\u00f3 de escalar y mejorar profesionalmente.\u00a0<\/strong>As\u00ed es como, tras a\u00f1os siendo reportero, trabaj\u00f3 en varios formatos y diferentes programas de la cadena en la que pas\u00f3 a ser presentador. Tambi\u00e9n, en otras cadenas como RTVE presentando el programa\u00a0El cazador, hasta que en\u00a0<a class=\"hm-link ho-link\" href=\"https:\/\/www.hola.com\/actualidad\/20241126732285\/ion-aramendi-llora-despedida-los-mozos-de-arousa-reaccion-en-cadena\/\" data-mrf-recirculation=\"article-body-link\" rel=\"nofollow noopener\" target=\"_blank\">\u00a02022 se le ofreci\u00f3 volver a la cadena que le hizo crecer a presentar\u00a0Reacci\u00f3n en Cadena, un programa de televisi\u00f3n con formato concurso que se emitir\u00eda todas las tardes.<\/a><\/p>\n<p>  <img src=\"https:\/\/www.europesays.com\/es\/wp-content\/uploads\/2025\/09\/4f26157ccfca-captura-de-pantalla-2024-11-26-093530.png\"   width=\"734\" height=\"563\" loading=\"lazy\" decoding=\"async\" alt=\"Plano medio de Ion Aramendi con Los Mozos de Arousa en su despedida\" fetchpriority=\"auto\" class=\"image ho-image\"\/>\u00a9 Telecinco<\/p>\n<p id=\"eEayiX7T3aU\" data-wc=\"50\">Este <a class=\"hm-link ho-link\" href=\"https:\/\/www.hola.com\/actualidad\/20220322206708\/ion-aramendi-habla-fichaje-telecinco\/\" data-mrf-recirculation=\"article-body-link\" rel=\"nofollow noopener\" target=\"_blank\">se estren\u00f3 el \u00faltimo mes de ese a\u00f1o en Telecinco para reunir a familias delante de la televisi\u00f3n,<\/a> aunque tras 2 a\u00f1os y medio de emisi\u00f3n la cadena comunicaba el pasado mes de mayo que no habr\u00eda pr\u00f3xima temporada, <strong>realizando su \u00faltima emisi\u00f3n el 12 de julio de 2025.<\/strong>\u00a0<\/p>\n<p> <img src=\"https:\/\/www.europesays.com\/es\/wp-content\/uploads\/2025\/09\/8e9b19092cf3-captura-de-pantalla-2024-11-26-093548.png\"   width=\"1258\" height=\"696\" loading=\"lazy\" decoding=\"async\" alt=\"Plano medio de Ion Aramendi con Los Mozos de Arousa en su despedida\" fetchpriority=\"auto\" class=\"image ho-image\"\/>\u00a9 Telecinco<\/p>\n<p> <img src=\"https:\/\/www.europesays.com\/es\/wp-content\/uploads\/2025\/09\/1c64383b648f-captura-de-pantalla-2024-11-26-101357.jpg\"   width=\"1080\" height=\"1080\" loading=\"lazy\" decoding=\"async\" alt=\"Primer plano de Ion Aramendi entre l\u00e1grimas despidiendo a los Mozos de Arousa\" fetchpriority=\"auto\" class=\"image ho-image\"\/>\u00a9 Telecinco<\/p>\n<p id=\"eXvY19pqzZ\" data-wc=\"79\">Un<strong>\u00a0palo en la vida profesional de Ion,<\/strong> que estuvo d\u00eda a d\u00eda al frente del programa y que nadie vio venir, ya que <a class=\"hm-link ho-link\" href=\"https:\/\/www.hola.com\/actualidad\/20241231737992\/ion-aramendi-las-navidades-mas-divertidas-del-presentador-de-moda-que-se-prepara-para-dar-la-gran-campanada\/\" data-mrf-recirculation=\"article-body-link\" rel=\"nofollow noopener\" target=\"_blank\">el pasado diciembre hablaba con \u00a1HOLA! feliz por cerrar un \u201ca\u00f1o extraordinario, con datos de audiencia extraordinarios en el programa\u201d<\/a>. Ion afirmaba estar <strong>feliz con la cadena y el apoyo de Mediaset<\/strong>, que<a class=\"hm-link ho-link\" href=\"https:\/\/www.hola.com\/actualidad\/20241231736257\/parejas-campanadas-hitorias-sorprendentes\/\" data-mrf-recirculation=\"article-body-link\" rel=\"nofollow noopener\" target=\"_blank\">\u00a0le ofreci\u00f3 presentar las pasadas campanadas de Telecinco desde Lanzarote<\/a> y vivir as\u00ed una experiencia \u00fanica junto con Blanca Romero al frente.\u00a0<\/p>\n<p>  <img src=\"https:\/\/www.europesays.com\/es\/wp-content\/uploads\/2025\/09\/39b6d5fd5119-ggrozfqxqaajpbs.jpg\"   width=\"1200\" height=\"900\" loading=\"lazy\" decoding=\"async\" alt=\"Ion Aramendi y Blanca Romero dando las campanadas 2024\" fetchpriority=\"auto\" class=\"image ho-image\"\/>\u00a9 TelecincoIon Aramendi y Blanca Romero dando las campanadas 2024<\/p>\n<p id=\"er-44vsJ7cV\" data-wc=\"55\">El presentador, que <strong>no se despidi\u00f3 en directo en su \u00faltimo programa<\/strong>, no dud\u00f3 en conectar con sus seguidores a trav\u00e9s de Instagram para dar gracias por el apoyo a todo el equipo, a los concursantes y espectadores afirmando que es un \u201chasta luego\u201d, concluyendo <strong>su mensaje con un optimista \u201cnos vemos en la siguiente\u201d.<\/strong><\/p>\n<p>  <img src=\"https:\/\/www.europesays.com\/es\/wp-content\/uploads\/2025\/09\/4960e6b520fa-20241120ionaramendi0071.jpg\"   width=\"2500\" height=\"3750\" loading=\"lazy\" decoding=\"async\" alt=\"Media Image\" fetchpriority=\"auto\" class=\"image ho-image\"\/>\u00a9 Elena Olay<\/p>\n<p id=\"exel0mX06q2\" data-wc=\"62\">A su vez, <a class=\"hm-link ho-link\" href=\"https:\/\/www.hola.com\/actualidad\/20250715844280\/el-emotivo-gesto-de-maria-amores-tras-la-cancelacion-de-reaccion-en-cadena-yo-creo-que-es-un-hasta-luego\/\" data-mrf-recirculation=\"article-body-link\" rel=\"nofollow noopener\" target=\"_blank\">su mujer, Mar\u00eda Amores \u2013 con la que se cas\u00f3 en el a\u00f1o 2011- periodista e influencer, no dud\u00f3 en mostrar su apoyo p\u00fablicamente a su marido y su desacuerdo con la situaci\u00f3n, tambi\u00e9n a trav\u00e9s de sus redes sociales<\/a>. <strong>\u201cM\u00e1s all\u00e1 de las razones laborales y obviamente beneficiosas que supon\u00eda ese programa para mi familia, me entristece\u201d, escrib\u00eda.<\/strong>\u00a0<\/p>\n<p id=\"ebrSjuzSsqEk\" data-wc=\"44\">Adem\u00e1s, dedic\u00f3 unas palabras a la audiencia del programa, <strong>\u201cEn la televisi\u00f3n se toman decisiones que el espectador no comparte.<\/strong> Ni yo. Pero lo asumo y lo acepto\u201d, afirm\u00f3 a la vez que agradeci\u00f3 el apoyo durante los dos a\u00f1os y medio de emisi\u00f3n.<\/p>\n<p>  <img src=\"https:\/\/www.europesays.com\/es\/wp-content\/uploads\/2025\/09\/a760092ff90f-dlu449090007.jpg\"   width=\"1080\" height=\"1080\" loading=\"lazy\" decoding=\"async\" alt=\"Plano medio de Ion Aramendi en la presentaci\u00f3n de &quot;El Cazador&quot;\" fetchpriority=\"auto\" class=\"image ho-image\"\/>\u00a9 Getty ImagesEl protagonista en la presentaci\u00f3n de \u00abEl Cazador\u00bb, programa que present\u00f3 en RTVE antes de \u00abReacci\u00f3n en Cadena\u00bb<\/p>\n<p id=\"eBHmxurZVO-b\" data-wc=\"93\">Tras <strong>los grandes cambios en su vida, Ion decidi\u00f3 dedicar el resto del verano a desconectar junto a su seres queridos<\/strong>.Tambi\u00e9n, conectar con sus otras pasiones como el deporte. As\u00ed le vimos disfrutar en La Manga (Murcia) <a class=\"hm-link ho-link\" href=\"https:\/\/www.hola.com\/actualidad\/20250120764646\/ion-aramendi-gran-cambio-fisico\/\" data-mrf-recirculation=\"article-body-link\" rel=\"nofollow noopener\" target=\"_blank\">presumiendo de un incre\u00edble f\u00edsico a sus 48 a\u00f1os, tras bajar m\u00e1s de 12 kilos progresivamente desde septiembre de 2024.<\/a> Al haber realizo el cambio a trav\u00e9s del deporte y la buena alimentaci\u00f3n, <strong>est\u00e1 totalmente definido y lleno de vitalidad para disfrutar de sus tres peque\u00f1os\u00a0<\/strong>y recibir con los brazos abiertos los <strong>nuevos proyectos profesionales.<\/strong><\/p>\n<p> <img src=\"https:\/\/www.europesays.com\/es\/wp-content\/uploads\/2025\/09\/9afd5bd77231-studio24318833tr.jpg\"   width=\"1080\" height=\"1080\" loading=\"lazy\" decoding=\"async\" alt=\"Media Image\" fetchpriority=\"auto\" class=\"image ho-image\"\/>\u00a9 STUDIO24<\/p>\n<p> <img src=\"https:\/\/www.europesays.com\/es\/wp-content\/uploads\/2025\/09\/b9a8f7feeb1e-studio24318847tr.jpg\"   width=\"1080\" height=\"1080\" loading=\"lazy\" decoding=\"async\" alt=\"Ion lanzando a su segundo hijo, Lucas\" fetchpriority=\"auto\" class=\"image ho-image\"\/>\u00a9 STUDIO24Ion lanzando a su segundo hijo, Lucas<\/p>\n<p id=\"e6_wwFuLe7\" data-wc=\"79\">Tras los meses de desconexi\u00f3n<strong>\u00a0Ion comenz\u00f3 la temporada hace unos d\u00edas con su participaci\u00f3n en el\u00a0<\/strong><strong>FesTVal de Vitoria<\/strong>, un festival dedicado al mundo de la televisi\u00f3n que se celebra desde el 2009 y al que no pod\u00eda faltar. Al pasar por la alfombra roja, hablaba con nuestros compa\u00f1eros de Pronto y confirmaba que volver\u00e1 a estar al frente de un programa de la cadena que le hizo crecer, <strong>presentado en noviembre la nueva edici\u00f3n de\u00a0<\/strong><strong>Gran Hermano.<\/strong><\/p>\n<p id=\"e4TyKHkOprW\" data-wc=\"38\">Aunque en ediciones anteriores del programa ya ha sido quien dirige los debates, Ion se enfrenta a un nuevo reto que cuenta con ilusi\u00f3n. Un proyecto profesional que estamos seguros de que ser\u00e1 al primero de muchos m\u00e1s.\u00a0<\/p>\n<p>  <img src=\"https:\/\/www.europesays.com\/es\/wp-content\/uploads\/2025\/09\/69ea15720b0d-studio24318813tr.jpg\"   width=\"1080\" height=\"1800\" loading=\"lazy\" decoding=\"async\" alt=\"El presentador con su hija peque\u00f1a, Marieta, y su mujer, la periodista Mar\u00eda Amores\" fetchpriority=\"auto\" class=\"image ho-image\"\/>\u00a9 STUDIO24El presentador con su hija peque\u00f1a, Marieta, y su mujer, la periodista Mar\u00eda Amores<\/p>\n","protected":false},"excerpt":{"rendered":"Ion Aramedi pas\u00f3 un verano con las personas que m\u00e1s quiere, su mujer Mar\u00eda Amores y sus tres&hellip;\n","protected":false},"author":2,"featured_media":103962,"comment_status":"","ping_status":"","sticky":false,"template":"","format":"standard","meta":{"footnotes":""},"categories":[269],"tags":[3900,517,299,298,3899,168,25,24,35351,23,167],"class_list":{"0":"post-103961","1":"post","2":"type-post","3":"status-publish","4":"format-standard","5":"has-post-thumbnail","7":"category-baloncesto","8":"tag-hola","9":"tag-actualidad","10":"tag-baloncesto","11":"tag-basketball","12":"tag-contenido-sensible","13":"tag-deportes","14":"tag-es","15":"tag-espana","16":"tag-ion-aramendi","17":"tag-spain","18":"tag-sports"},"share_on_mastodon":{"url":"","error":""},"_links":{"self":[{"href":"https:\/\/www.europesays.com\/es\/wp-json\/wp\/v2\/posts\/103961","targetHints":{"allow":["GET"]}}],"collection":[{"href":"https:\/\/www.europesays.com\/es\/wp-json\/wp\/v2\/posts"}],"about":[{"href":"https:\/\/www.europesays.com\/es\/wp-json\/wp\/v2\/types\/post"}],"author":[{"embeddable":true,"href":"https:\/\/www.europesays.com\/es\/wp-json\/wp\/v2\/users\/2"}],"replies":[{"embeddable":true,"href":"https:\/\/www.europesays.com\/es\/wp-json\/wp\/v2\/comments?post=103961"}],"version-history":[{"count":0,"href":"https:\/\/www.europesays.com\/es\/wp-json\/wp\/v2\/posts\/103961\/revisions"}],"wp:featuredmedia":[{"embeddable":true,"href":"https:\/\/www.europesays.com\/es\/wp-json\/wp\/v2\/media\/103962"}],"wp:attachment":[{"href":"https:\/\/www.europesays.com\/es\/wp-json\/wp\/v2\/media?parent=103961"}],"wp:term":[{"taxonomy":"category","embeddable":true,"href":"https:\/\/www.europesays.com\/es\/wp-json\/wp\/v2\/categories?post=103961"},{"taxonomy":"post_tag","embeddable":true,"href":"https:\/\/www.europesays.com\/es\/wp-json\/wp\/v2\/tags?post=103961"}],"curies":[{"name":"wp","href":"https:\/\/api.w.org\/{rel}","templated":true}]}}