{"id":103966,"date":"2025-09-09T19:31:06","date_gmt":"2025-09-09T19:31:06","guid":{"rendered":"https:\/\/www.europesays.com\/es\/103966\/"},"modified":"2025-09-09T19:31:06","modified_gmt":"2025-09-09T19:31:06","slug":"el-grafitero-bansky-podria-revelar-su-identidad-tras-su-ultima-obra-calificada-por-la-policia-como-un-da-antena-3","status":"publish","type":"post","link":"https:\/\/www.europesays.com\/es\/103966\/","title":{"rendered":"El grafitero Bansky podr\u00eda revelar su identidad tras su \u00faltima obra calificada por la polic\u00eda como un &quot;da &#8211; Antena 3"},"content":{"rendered":"<ol>\n<li><a href=\"https:\/\/news.google.com\/rss\/articles\/CBMi_AFBVV95cUxOeGFvODdxX2ttWnBoaW9TZTQ0WFhFNVUtWklXaVR1XzdjaFFDNnUweGpkNUxzVlAtczdPbU9ITEZLNHlheVg4ekNuOTlrcEtCYjI0anhVV043dE1iZ21KaWRmbVJZV0pJZ3FZMDRCdkxaRnlHSWxaWEFrNElHZXlzb01XYkNJeWUzU01JRTV3cjBycmpUSF9mTlUzeTQwX3NoR3MyeEhFWVF4d1ozUU83TFdSR2V4RTVFS2pVcE9TRWxRSG1kSnltUkRvSmZ4TUphU0ZtZGNOVklXXy1HeHdhWEpxd2NoVXNWRm9Sc0pJTmhTU2V3NzF5UjR4WTbSAfwBQVVfeXFMT3FVMmtYSHdwYUtEOTdRcXZYSU1mZnFHQ1d1MU5rYVV0eGVBVXNNaW93T29RemRKRW5WVF9MX2R5ei1xdU5ibTlCNzRVWEhJcUl5QndoLXoyMi1FaHNVdGxtemtpSUFwOXVaeVZaWm1KXzhCTV9rTHA5V3pteXlZQTdBX0dVWTVoWUVaMzQxOHpjM0hiVlRoTmg5emZxa09YaU8xbWNDRWZONGxCbDF0R0FkTEFBQkNab090dlBXRWx2OGVfM0lha3hRbi04aV9pR2tzaHV2Qm1CeVFmRTNpU3czRjF4OTFycl9RTzEyQkFfWlRYcHRPSHRMMHpL?oc=5\" target=\"_blank\" rel=\"nofollow noopener\">El grafitero Bansky podr\u00eda revelar su identidad tras su \u00faltima obra calificada por la polic\u00eda como un \u00abda<\/a>&nbsp;&nbsp;Antena 3<\/li>\n<li><a href=\"https:\/\/news.google.com\/rss\/articles\/CBMi2gFBVV95cUxNZ0FSaVYxX2VwX2MyV21sRzNoeUpULVVLcWhrY0VvRmI3STJQdGt2bWlFdUphZlZfY1k0bjZ3eG96eFBjcUMxYzNOR3FtRHFNRnJUN2hDdWtLZ2tyYkVXbjFxVjBCQlYtdnU2SzdtWmJnV0ZiWk1OSzItdm5iVzRkMlBRWmNGNWlJSmRDaHU5clpIWFc2T0FscF9RaU1idmFkdVp4Y2QxOXhpUUxWbW5zcVdKT3poYmRSYzRqSkloNHgwU2ZvV3BLVk1Qc3hsT21RV19BZ0NXOWxVUQ?oc=5\" target=\"_blank\" rel=\"nofollow noopener\">Banksy regresa a Londres con un mural en el que un juez golpea a un manifestante tirado en el suelo<\/a>&nbsp;&nbsp;EL PA\u00cdS<\/li>\n<li><a href=\"https:\/\/news.google.com\/rss\/articles\/CBMiggFBVV95cUxQdHF4bERsWHJmTlZ3TC05d042UlBSeG9MS1htWjNqQjU1Y3RUd2dMNVY0RFI4a1hTX1BMS0xvSVA1ZTNIaC1UNThmYi1rRE1na1QyZXJpQTk3V19mMlZpVmF1cXA1ZldacXFGRm1zUUhsTS1YNzdkdE43bjZ6LS1kaGZ30gGCAUFVX3lxTE1RZVRabEtuSDYxUlhQRWpYU1lFZUJnTmlxT1FjZjVxMFJrbFBpenhVVFdwbkNReUdseE1vd19WN29TME5ucTlkeXpCM2VtTDJCSmFsZDZjZWVpSEVZZlR5by05aVRIaU9jSXZoODhmTzZQTG8tV0FmYWlRN2ZOT3lvZGc?oc=5\" target=\"_blank\" rel=\"nofollow noopener\">Banksy reaparece con un mural de un juez golpeando a un manifestante y las autoridades lo tapan<\/a>&nbsp;&nbsp;El Mundo<\/li>\n<li><a href=\"https:\/\/news.google.com\/rss\/articles\/CBMi5AFBVV95cUxOa09xZzJUeGE0M0o0ZzFydnZtZFJaa2N3Zm1uRFVNX2ZyUzdBOG9DZ1FKMFY5d0J5aXJhd096SWFDOXNnRnhPN3o1WUdiN0xmT2JHRkxSOEhwMXpaN0dSNHZjcUpXQWNCMEZDSFNwNGt1Nld3dDhjX04wMEdzMEJUNnVvWVFhcFBIcXlwSXFMZXZyS1dlcml2NzlwcHE1MU1mTFJHZTR4akZiTkZrT0dEUEItOFk5WWJiZks3TkEyRWt5LWRmMVJiRmpvWldVam51dXRaRmhCZkRUb0FPUkpDNTJyVU4?oc=5\" target=\"_blank\" rel=\"nofollow noopener\">Banksy reaparece en Londres con mural sobre la justicia tras la detenci\u00f3n de activistas propalestinos<\/a>&nbsp;&nbsp;France 24<\/li>\n<li><a href=\"https:\/\/news.google.com\/rss\/articles\/CBMiqgFBVV95cUxPeE96Qk9KMUZCNmYybXBUcENHODZDWTNZel93d0htMFltYnZrLWRhVTMtcFpXVm9pNVBpMVNCQTl3bVBWN0kxMUxpQV9uanVIdmlUOG5YbGhPVk5fV0J2dGREUlBrakhPaGNsTmMxTEZGVDlQNW5wVXQ2TFpxc19CUVo5T2hNNFRXUHhqRUd6LXhVd0plck5NMWZFelpRa3BybkJqZkI0R3ppUdIBqgFBVV95cUxPMDd4b1BTSzg0c25QRWtQZ2N6UUhFbnhRV25WYTR1MWd5WERYY1BaZS1mRTRtNkczQXZFLTd2STBtVkpTZkswcjVIcEo3emFNNkFuQVJzVDdQUnJ1WXdXYXRqWEFYUXE0aEFua3FjV1lYc2pTV1BJSjBfaUZvWnZMbkN6VF9oS05IWklVdHZybGF1cFI3RDBwQXVRUDlHc05DLVZUZGhZUmRPZw?oc=5\" target=\"_blank\" rel=\"nofollow noopener\">Estas im\u00e1genes de la nueva obra de Banksy no son reales, est\u00e1n manipuladas<\/a>&nbsp;&nbsp;RTVE.es<\/li>\n<\/ol>\n","protected":false},"excerpt":{"rendered":"El grafitero Bansky podr\u00eda revelar su identidad tras su \u00faltima obra calificada por la polic\u00eda como un \u00abda&nbsp;&nbsp;Antena&hellip;\n","protected":false},"author":2,"featured_media":103424,"comment_status":"","ping_status":"","sticky":false,"template":"","format":"standard","meta":{"footnotes":""},"categories":[173],"tags":[229,233,231,230,232,234,146,147,25,24,23],"class_list":{"0":"post-103966","1":"post","2":"type-post","3":"status-publish","4":"format-standard","5":"has-post-thumbnail","7":"category-arte-y-diseno","8":"tag-arte","9":"tag-arte-y-diseno","10":"tag-arts","11":"tag-arts-and-design","12":"tag-design","13":"tag-diseno","14":"tag-entertainment","15":"tag-entretenimiento","16":"tag-es","17":"tag-espana","18":"tag-spain"},"share_on_mastodon":{"url":"","error":""},"_links":{"self":[{"href":"https:\/\/www.europesays.com\/es\/wp-json\/wp\/v2\/posts\/103966","targetHints":{"allow":["GET"]}}],"collection":[{"href":"https:\/\/www.europesays.com\/es\/wp-json\/wp\/v2\/posts"}],"about":[{"href":"https:\/\/www.europesays.com\/es\/wp-json\/wp\/v2\/types\/post"}],"author":[{"embeddable":true,"href":"https:\/\/www.europesays.com\/es\/wp-json\/wp\/v2\/users\/2"}],"replies":[{"embeddable":true,"href":"https:\/\/www.europesays.com\/es\/wp-json\/wp\/v2\/comments?post=103966"}],"version-history":[{"count":0,"href":"https:\/\/www.europesays.com\/es\/wp-json\/wp\/v2\/posts\/103966\/revisions"}],"wp:featuredmedia":[{"embeddable":true,"href":"https:\/\/www.europesays.com\/es\/wp-json\/wp\/v2\/media\/103424"}],"wp:attachment":[{"href":"https:\/\/www.europesays.com\/es\/wp-json\/wp\/v2\/media?parent=103966"}],"wp:term":[{"taxonomy":"category","embeddable":true,"href":"https:\/\/www.europesays.com\/es\/wp-json\/wp\/v2\/categories?post=103966"},{"taxonomy":"post_tag","embeddable":true,"href":"https:\/\/www.europesays.com\/es\/wp-json\/wp\/v2\/tags?post=103966"}],"curies":[{"name":"wp","href":"https:\/\/api.w.org\/{rel}","templated":true}]}}