{"id":103973,"date":"2025-09-09T19:35:08","date_gmt":"2025-09-09T19:35:08","guid":{"rendered":"https:\/\/www.europesays.com\/es\/103973\/"},"modified":"2025-09-09T19:35:08","modified_gmt":"2025-09-09T19:35:08","slug":"asi-sera-star-wars-starfighter-la-nueva-pelicula-con-ryan-gosling-actores-trama-estreno-y-lo-que-debe-saber","status":"publish","type":"post","link":"https:\/\/www.europesays.com\/es\/103973\/","title":{"rendered":"As\u00ed ser\u00e1 \u00abStar Wars: Starfighter\u00bb, la nueva pel\u00edcula con Ryan Gosling: actores, trama, estreno y lo que debe saber"},"content":{"rendered":"<p>      CNN Espa\u00f1ol<br \/>\n        \u00a0\u2014\u00a0<\/p>\n<p class=\"paragraph inline-placeholder vossi-paragraph\" data-uri=\"es.cms.cnn.com\/_components\/paragraph\/instances\/cmfcglc8h000r29p5dsrb47f7@published\" data-editable=\"text\" data-component-name=\"paragraph\" data-article-gutter=\"true\">\n            Luego de muchos anuncios de nuevas pel\u00edculas de \u201c<a href=\"https:\/\/cnnespanol.cnn.com\/2025\/04\/23\/entretenimiento\/orden-como-ver-star-wars-todas-peliculas-series-cronologico-trax\" rel=\"nofollow noopener\" target=\"_blank\">Star Wars<\/a>\u201d que luego fueron abandonados, Disney pis\u00f3 el acelerador y anunci\u00f3 que inici\u00f3 el rodaje de \u201cStar Wars: Starfighter\u201d, dirigida por Shawn Levy (\u201c<a href=\"https:\/\/cnnespanol.cnn.com\/2024\/07\/28\/deadpool-wolverine-supera-200-millones-estreno-trax\" rel=\"nofollow noopener\" target=\"_blank\">Deadpool &amp; Wolverine<\/a>\u201d), y cuyo estreno en mayo de 2027 coincidir\u00e1 con la conmemoraci\u00f3n de los 50 a\u00f1os de la primera \u201cStar Wars\u201d, de 1977.\n    <\/p>\n<p class=\"paragraph inline-placeholder vossi-paragraph\" data-uri=\"es.cms.cnn.com\/_components\/paragraph\/instances\/cmfctsw5r0000356nxusceyd6@published\" data-editable=\"text\" data-component-name=\"paragraph\" data-article-gutter=\"true\">\n            La expectativa es grande por esta cinta \u2014y por otra pel\u00edcula de la saga que se estrenar\u00e1 antes, \u201cThe Mandalorian and Grogu\u201d, en 2026\u2014, pues han transcurrido m\u00e1s de cinco a\u00f1os desde que se estren\u00f3 la \u00faltima pel\u00edcula de \u201cStar Wars\u201d en las salas de cine.\n    <\/p>\n<p class=\"paragraph inline-placeholder vossi-paragraph\" data-uri=\"es.cms.cnn.com\/_components\/paragraph\/instances\/cmfcu27ot0006356n0bymexaf@published\" data-editable=\"text\" data-component-name=\"paragraph\" data-article-gutter=\"true\">\n            Eso es debido a que Disney decidi\u00f3 reducir la producci\u00f3n de la franquicia tras el fracaso de \u201cSolo: A Star Wars Story\u201d, en 2018, y tras las cr\u00edticas de parte del \u201cfandom\u201d a \u201cThe Last Jedi\u201d, en 2017, y a \u201c<a href=\"https:\/\/cnnespanol.cnn.com\/2019\/12\/18\/the-rise-of-skywalker-concluye-el-viaje-de-toda-una-vida-que-ha-sido-star-wars\" rel=\"nofollow noopener\" target=\"_blank\">The Rise of Skywalker<\/a>\u201d, en 2019.\n    <\/p>\n<blockquote class=\"twitter__tweet\">\n<blockquote class=\"twitter-tweet\">\n<p lang=\"en\" dir=\"ltr\">Star Wars: Starfighter comes to theaters on May 28, 2027. <a href=\"https:\/\/twitter.com\/hashtag\/StarWarsCelebration?src=hash&amp;ref_src=twsrc%5Etfw\" target=\"_blank\" rel=\"nofollow noopener\">#StarWarsCelebration<\/a> <a href=\"https:\/\/t.co\/dsbVb3VdBY\" target=\"_blank\" rel=\"nofollow\">pic.twitter.com\/dsbVb3VdBY<\/a><\/p>\n<p>\u2014 Star Wars (@starwars) <a href=\"https:\/\/twitter.com\/starwars\/status\/1913040662628618670?ref_src=twsrc%5Etfw\" target=\"_blank\" rel=\"nofollow noopener\">April 18, 2025<\/a><\/p><\/blockquote>\n<\/blockquote>\n<p class=\"paragraph inline-placeholder vossi-paragraph\" data-uri=\"es.cms.cnn.com\/_components\/paragraph\/instances\/cmfcnez9x0006356nudsu9dnq@published\" data-editable=\"text\" data-component-name=\"paragraph\" data-article-gutter=\"true\">\n            Lucasfilm anunci\u00f3 que inici\u00f3 el rodaje de \u201cStar Wars: Starfighter\u201dpara el 28 de agosto de 2025 en Inglaterra, con el chileno-estadounidense Claudio Miranda como director de fotograf\u00eda. Miranda <a href=\"https:\/\/aaspeechesdb.oscars.org\/link\/085-6\/\" target=\"_blank\" rel=\"nofollow noopener\">gan\u00f3 el premio Oscar<\/a> en esta categor\u00eda en 2013 por \u201cLife of Pi\u201d.\n    <\/p>\n<p class=\"paragraph inline-placeholder vossi-paragraph\" data-uri=\"es.cms.cnn.com\/_components\/paragraph\/instances\/cmfcp9tjf001h356ndi17ayrn@published\" data-editable=\"text\" data-component-name=\"paragraph\" data-article-gutter=\"true\">\n            Adem\u00e1s de dirigir la cinta, Shawn Levy tambi\u00e9n la produce junto con Kathleen Kennedy, CEO de Lucasfilm. Los productores ejecutivos son Ryan Gosling, Dan Levine, Mary McLaglen y Josh McLaglen. El guion es de Jonathan Tropper, creador y guionista de las series \u201c<a href=\"https:\/\/www.imdb.com\/title\/tt2017109\/?ref_=nm_flmg_job_1_cdt_t_7\" target=\"_blank\" rel=\"nofollow noopener\">Banshee<\/a>\u201d, \u201c<a href=\"https:\/\/www.imdb.com\/title\/tt5743796\/?ref_=nm_flmg_job_1_cdt_t_2\" target=\"_blank\" rel=\"nofollow noopener\">Warrior<\/a>\u201d y \u201c<a href=\"https:\/\/www.imdb.com\/title\/tt30459041\/?ref_=nm_flmg_job_1_cdt_t_1\" target=\"_blank\" rel=\"nofollow noopener\">Your Friends &amp; Neighbors<\/a>\u201d.\n    <\/p>\n<p class=\"paragraph inline-placeholder vossi-paragraph\" data-uri=\"es.cms.cnn.com\/_components\/paragraph\/instances\/cmfco3sly000n356nn7q6g6x6@published\" data-editable=\"text\" data-component-name=\"paragraph\" data-article-gutter=\"true\">\n            A continuaci\u00f3n, toda la informaci\u00f3n oficial sobre \u201cStar Wars: Starfighter\u201d.\n    <\/p>\n<p class=\"paragraph inline-placeholder vossi-paragraph\" data-uri=\"es.cms.cnn.com\/_components\/paragraph\/instances\/cmfcp6pc5000v356nx2gmbwxb@published\" data-editable=\"text\" data-component-name=\"paragraph\" data-article-gutter=\"true\">\n            La pel\u00edcula marca el debut del actor Ryan Gosling en la franquicia \u201cStar Wars\u201d. Gosling suele balancear entre pel\u00edculas comerciales, como \u201cBarbie\u201d y \u201cThe Fall Guy\u201d, por ejemplo, y cintas dram\u00e1ticas como \u201cBlade Runner 2049\u201d y \u201cDrive\u201d. Esta pel\u00edcula cae en la primera categor\u00eda.\n    <\/p>\n<p class=\"paragraph inline-placeholder vossi-paragraph\" data-uri=\"es.cms.cnn.com\/_components\/paragraph\/instances\/cmfcqnwqj0027356n8thfczw9@published\" data-editable=\"text\" data-component-name=\"paragraph\" data-article-gutter=\"true\">\n            Lo acompa\u00f1an dos actores que est\u00e1n muy de moda, como Mia Goth \u2014conocida por su participaci\u00f3n en pel\u00edculas de terror como \u201cX\u201d, \u201cPearl\u201d, \u201cSuspiria\u201d y la \u201cFrankenstein\u201d de Guillermo del Toro\u2014 y Matt Smith (\u201cDoctor Who\u201d, \u201cHouse of the Dragon\u201d). El otro rostro conocido del elenco es Amy Adams, <a href=\"https:\/\/www.imdb.com\/name\/nm0010736\/awards\/?ref_=nm_awd\" target=\"_blank\" rel=\"nofollow noopener\">nominada en seis oportunidades<\/a> al premio Oscar.\n    <\/p>\n<p class=\"paragraph inline-placeholder vossi-paragraph\" data-uri=\"es.cms.cnn.com\/_components\/paragraph\/instances\/cmfcpu7n90021356ngxzye8pr@published\" data-editable=\"text\" data-component-name=\"paragraph\" data-article-gutter=\"true\">\n            \u201cSiento una profunda emoci\u00f3n y honor al comenzar la producci\u00f3n de \u2018Star Wars: Starfighter\u2019\u201d, dijo el cineasta Shawn Levy en el <a href=\"https:\/\/www.starwars.com\/news\/star-wars-starfighter-cast\" target=\"_blank\" rel=\"nofollow noopener\">sitio web oficial<\/a> de \u201cStar Wars\u201d. All\u00ed a\u00f1adi\u00f3: \u201cDesde el d\u00eda en que Kathy Kennedy me llam\u00f3 para invitarme a desarrollar una aventura original en esta incre\u00edble galaxia de Star Wars, esta experiencia ha sido un sue\u00f1o que se hace realidad, tanto creativa como personalmente\u201d.\n    <\/p>\n<p class=\"paragraph inline-placeholder vossi-paragraph\" data-uri=\"es.cms.cnn.com\/_components\/paragraph\/instances\/cmfcuvb9c0001356n9iqym6tt@published\" data-editable=\"text\" data-component-name=\"paragraph\" data-article-gutter=\"true\">\n            \u201cStar Wars molde\u00f3 mi sentido de lo que una historia puede lograr, de c\u00f3mo los personajes y los momentos cinematogr\u00e1ficos pueden acompa\u00f1arnos para siempre. Unirme a esta galaxia de narradores, con colaboradores tan brillantes dentro y fuera de la pantalla, es la emoci\u00f3n de mi vida\u201d, indic\u00f3.\n    <\/p>\n<p class=\"paragraph inline-placeholder vossi-paragraph\" data-uri=\"es.cms.cnn.com\/_components\/paragraph\/instances\/cmfcqvngd002a356n448wdpsr@published\" data-editable=\"text\" data-component-name=\"paragraph\" data-article-gutter=\"true\">\n            Hasta ahora no se han dado a conocer los nombres de los personajes que interpreta el elenco en la pel\u00edcula.\n    <\/p>\n<ul data-editable=\"items\" class=\"list__items list__items--ul\">\n<li data-editable=\"items.0.text\" class=\"list__item vossi-list__item inline-placeholder\">\n<p>            Ryan Gosling<\/p>\n<\/li>\n<li data-editable=\"items.1.text\" class=\"list__item vossi-list__item inline-placeholder\">\n<p>            Amy Adams<\/p>\n<\/li>\n<li data-editable=\"items.2.text\" class=\"list__item vossi-list__item inline-placeholder\">\n<p>            Mia Goth<\/p>\n<\/li>\n<li data-editable=\"items.3.text\" class=\"list__item vossi-list__item inline-placeholder\">\n<p>            Matt Smith<\/p>\n<\/li>\n<li data-editable=\"items.4.text\" class=\"list__item vossi-list__item inline-placeholder\">\n<p>            Aaron Pierre<\/p>\n<\/li>\n<li data-editable=\"items.5.text\" class=\"list__item vossi-list__item inline-placeholder\">\n<p>            Daniel Ings<\/p>\n<\/li>\n<li data-editable=\"items.6.text\" class=\"list__item vossi-list__item inline-placeholder\">\n<p>            Flyn Gray<\/p>\n<\/li>\n<li data-editable=\"items.7.text\" class=\"list__item vossi-list__item inline-placeholder\">\n<p>            Simon Bird<\/p>\n<\/li>\n<li data-editable=\"items.8.text\" class=\"list__item vossi-list__item inline-placeholder\">\n<p>            Jamael Westman<\/p>\n<\/li>\n<\/ul>\n<blockquote class=\"twitter__tweet\">\n<blockquote class=\"twitter-tweet\">\n<p lang=\"en\" dir=\"ltr\">Official cast for Shawn Levy&#8217;s &#8216;Star Wars: Starfighter&#8217; <\/p>\n<p>It&#8217;s a standalone Star Wars story set 5 years after Episode 9 <\/p>\n<p>Releasing in theaters May 28, 2027 <a href=\"https:\/\/t.co\/n0mnDm7FF5\" target=\"_blank\" rel=\"nofollow\">pic.twitter.com\/n0mnDm7FF5<\/a><\/p>\n<p>\u2014 Culture Crave \ud83c\udf7f (@CultureCrave) <a href=\"https:\/\/twitter.com\/CultureCrave\/status\/1961168121831858604?ref_src=twsrc%5Etfw\" target=\"_blank\" rel=\"nofollow noopener\">August 28, 2025<\/a><\/p><\/blockquote>\n<\/blockquote>\n<p class=\"paragraph inline-placeholder vossi-paragraph\" data-uri=\"es.cms.cnn.com\/_components\/paragraph\/instances\/cmfcp7diw0010356nlxa0qz4f@published\" data-editable=\"text\" data-component-name=\"paragraph\" data-article-gutter=\"true\">\n            Disney ha informado que \u201cStar Wars: Starfighter\u201d es una pel\u00edcula independiente, sin conexi\u00f3n con la saga principal. Tambi\u00e9n revel\u00f3 que se desarrolla cinco a\u00f1os despu\u00e9s de los episodios de la pel\u00edcula \u201cStar Wars Episode IX: The Rise of Skywalker\u201d, de 2019.\n    <\/p>\n<p class=\"paragraph inline-placeholder vossi-paragraph\" data-uri=\"es.cms.cnn.com\/_components\/paragraph\/instances\/cmfcr4ufa002e356nld8ahc3a@published\" data-editable=\"text\" data-component-name=\"paragraph\" data-article-gutter=\"true\">\n            Esto significa que la Primera Orden fue derrotada y el regreso del emperador Palpatine fue detenido tras el sacrificio de Ben Solo y el ascenso de Rey, quien adopta el apellido Skywalker y decide proseguir el estudio de la Fuerza como Jedi.\n    <\/p>\n<p class=\"paragraph inline-placeholder vossi-paragraph\" data-uri=\"es.cms.cnn.com\/_components\/paragraph\/instances\/cmfcr9x69002h356nnrcixzl2@published\" data-editable=\"text\" data-component-name=\"paragraph\" data-article-gutter=\"true\">\n            Poco se sabe del contexto pol\u00edtico de la galaxia en el que se desarrollar\u00e1 la trama. Al final del Episodio IX la nueva Rep\u00fablica luce debilitada tras la lucha de varios a\u00f1os contra la Primera Orden. La amenaza de los Sith fue extinguida. As\u00ed que la galaxia pudiera estar sumida en cierto caos, con viejos brotes de la Primera Orden tratando de dominar lejanos sistemas estelares y las fuerzas de la nueva Rep\u00fablica, lideradas por pilotos como Poe Dameron, buscando traer de vuelta la paz. M\u00e1s all\u00e1 de esto, todo es especulaci\u00f3n.\n    <\/p>\n<blockquote class=\"twitter__tweet\">\n<blockquote class=\"twitter-tweet\">\n<p lang=\"en\" dir=\"ltr\">Day 1: A whole new adventure begins <a href=\"https:\/\/twitter.com\/hashtag\/Starfighter?src=hash&amp;ref_src=twsrc%5Etfw\" target=\"_blank\" rel=\"nofollow noopener\">#Starfighter<\/a><a href=\"https:\/\/t.co\/eI5xaROQAj\" target=\"_blank\" rel=\"nofollow\">https:\/\/t.co\/eI5xaROQAj<\/a> <a href=\"https:\/\/t.co\/8AXiBN4x4B\" target=\"_blank\" rel=\"nofollow\">pic.twitter.com\/8AXiBN4x4B<\/a><\/p>\n<p>\u2014 Star Wars (@starwars) <a href=\"https:\/\/twitter.com\/starwars\/status\/1961096656512078140?ref_src=twsrc%5Etfw\" target=\"_blank\" rel=\"nofollow noopener\">August 28, 2025<\/a><\/p><\/blockquote>\n<\/blockquote>\n<p class=\"paragraph inline-placeholder vossi-paragraph\" data-uri=\"es.cms.cnn.com\/_components\/paragraph\/instances\/cmfcrqjtv002n356nnau0n18b@published\" data-editable=\"text\" data-component-name=\"paragraph\" data-article-gutter=\"true\">\n            Series de \u201cStar Wars\u201d como \u201cThe Mandalorian\u201d y \u201cSkeleton Crew\u201d han puesto el foco en la presencia de piratas en el borde exterior de la galaxia. Tendr\u00eda l\u00f3gica que \u201cStarfighter\u201d le otorgue m\u00e1s relevancia a estos criminales que a las huestes imperiales.\n    <\/p>\n<p class=\"paragraph inline-placeholder vossi-paragraph\" data-uri=\"es.cms.cnn.com\/_components\/paragraph\/instances\/cmfcrj2kj002k356nvrgv8qy8@published\" data-editable=\"text\" data-component-name=\"paragraph\" data-article-gutter=\"true\">\n            Existe el rumor de que Mia Goth interpretar\u00eda a una villana. Y la fotograf\u00eda difundida de Gosling con el joven actor Flynn Gray sugiere que quiz\u00e1s el protagonista deba proteger a este ni\u00f1o de alguna amenaza.\n    <\/p>\n<p class=\"paragraph inline-placeholder vossi-paragraph\" data-uri=\"es.cms.cnn.com\/_components\/paragraph\/instances\/cmfcp8a690017356n6to2rwts@published\" data-editable=\"text\" data-component-name=\"paragraph\" data-article-gutter=\"true\">\n            La pel\u00edcula no tiene relaci\u00f3n con el videojuego \u201cStar Wars: Starfighter\u201d, <a href=\"https:\/\/store.steampowered.com\/app\/32350\/STAR_WARS_Starfighter\/\" target=\"_blank\" rel=\"nofollow noopener\">desarrollado por LucasArts<\/a> en 2001 para la consola PlayStation 2. En dicho juego, el jugador debe unirse a otros tres pilotos de cazas espaciales y puede tomar el control de varias naves diferentes para ayudar a detener la invasi\u00f3n que amenaza al planeta Naboo, mostrada en la pel\u00edcula \u201cStar Wars Episode I: The Phantom Menace\u201d, de 1999.\n    <\/p>\n<p class=\"paragraph inline-placeholder vossi-paragraph\" data-uri=\"es.cms.cnn.com\/_components\/paragraph\/instances\/cmfcrt30e002q356n27jfxmgm@published\" data-editable=\"text\" data-component-name=\"paragraph\" data-article-gutter=\"true\">\n            \u201cNo quiero hacer una pel\u00edcula de \u2018Star Wars\u2019 que sea redundante con otras, ni me interesa hacer una que tenga que servir a otra pel\u00edcula\u201d, <a href=\"https:\/\/www.youtube.com\/watch?v=658mMj3iqFg&amp;ab_channel=JoshHorowitz\" target=\"_blank\" rel=\"nofollow noopener\">dijo<\/a> el director Shawn Levy en el podcast \u201cHappy Sad Confused\u201d en agosto. Esto confirma que la nueva pel\u00edcula no conectar\u00e1 con personajes protagonistas de la saga principal ni con el videojuego hom\u00f3nimo.\n    <\/p>\n<p>        \u00bfCu\u00e1ndo se estrena?<\/p>\n<p class=\"paragraph inline-placeholder vossi-paragraph\" data-uri=\"es.cms.cnn.com\/_components\/paragraph\/instances\/cmfcp9c3z001c356nb8lyfm94@published\" data-editable=\"text\" data-component-name=\"paragraph\" data-article-gutter=\"true\">\n            \u201cStar Wars: Starfighter\u201d se estrena en cines el 28 de mayo de 2027.\n    <\/p>\n<p>              <script async src=\"https:\/\/platform.twitter.com\/widgets.js\" charset=\"utf-8\"><\/script><\/p>\n","protected":false},"excerpt":{"rendered":"CNN Espa\u00f1ol \u00a0\u2014\u00a0 Luego de muchos anuncios de nuevas pel\u00edculas de \u201cStar Wars\u201d que luego fueron abandonados, Disney&hellip;\n","protected":false},"author":2,"featured_media":103974,"comment_status":"","ping_status":"","sticky":false,"template":"","format":"standard","meta":{"footnotes":""},"categories":[169],"tags":[177,146,147,25,24,176,36279,36280,175,753,36278,23,3186,30411],"class_list":{"0":"post-103973","1":"post","2":"type-post","3":"status-publish","4":"format-standard","5":"has-post-thumbnail","7":"category-cine","8":"tag-cine","9":"tag-entertainment","10":"tag-entretenimiento","11":"tag-es","12":"tag-espana","13":"tag-film","14":"tag-matt-smith","15":"tag-mia-goth","16":"tag-movies","17":"tag-peliculas","18":"tag-ryan-gosling","19":"tag-spain","20":"tag-star-wars","21":"tag-starfighter"},"share_on_mastodon":{"url":"","error":""},"_links":{"self":[{"href":"https:\/\/www.europesays.com\/es\/wp-json\/wp\/v2\/posts\/103973","targetHints":{"allow":["GET"]}}],"collection":[{"href":"https:\/\/www.europesays.com\/es\/wp-json\/wp\/v2\/posts"}],"about":[{"href":"https:\/\/www.europesays.com\/es\/wp-json\/wp\/v2\/types\/post"}],"author":[{"embeddable":true,"href":"https:\/\/www.europesays.com\/es\/wp-json\/wp\/v2\/users\/2"}],"replies":[{"embeddable":true,"href":"https:\/\/www.europesays.com\/es\/wp-json\/wp\/v2\/comments?post=103973"}],"version-history":[{"count":0,"href":"https:\/\/www.europesays.com\/es\/wp-json\/wp\/v2\/posts\/103973\/revisions"}],"wp:featuredmedia":[{"embeddable":true,"href":"https:\/\/www.europesays.com\/es\/wp-json\/wp\/v2\/media\/103974"}],"wp:attachment":[{"href":"https:\/\/www.europesays.com\/es\/wp-json\/wp\/v2\/media?parent=103973"}],"wp:term":[{"taxonomy":"category","embeddable":true,"href":"https:\/\/www.europesays.com\/es\/wp-json\/wp\/v2\/categories?post=103973"},{"taxonomy":"post_tag","embeddable":true,"href":"https:\/\/www.europesays.com\/es\/wp-json\/wp\/v2\/tags?post=103973"}],"curies":[{"name":"wp","href":"https:\/\/api.w.org\/{rel}","templated":true}]}}