{"id":103980,"date":"2025-09-09T19:39:09","date_gmt":"2025-09-09T19:39:09","guid":{"rendered":"https:\/\/www.europesays.com\/es\/103980\/"},"modified":"2025-09-09T19:39:09","modified_gmt":"2025-09-09T19:39:09","slug":"iphone-air-iphone-17-y-17-pro-apple-watch-series-11-airpods-pro-3-y-todas-las-novedades-de-la-keynote-de-apple","status":"publish","type":"post","link":"https:\/\/www.europesays.com\/es\/103980\/","title":{"rendered":"iPhone Air, iPhone 17 y 17 Pro, Apple Watch Series 11, AirPods Pro 3 y todas las novedades de la Keynote de Apple"},"content":{"rendered":"<p>Acaba de terminar el <a class=\"text-outboundlink\" href=\"https:\/\/www.xataka.com\/eventos\/iphone-17-cerca-que-nunca-apple-tiene-fecha-para-su-keynote-esto-que-esperamos\" data-vars-post-title=\"El iPhone 17, m\u00e1s cerca que nunca. Apple ya tiene fecha para su Keynote y esto es lo que esperamos\" data-vars-post-url=\"https:\/\/www.xataka.com\/eventos\/iphone-17-cerca-que-nunca-apple-tiene-fecha-para-su-keynote-esto-que-esperamos\" rel=\"nofollow noopener\" target=\"_blank\">evento \u201cAwe Dropping\u201d de Apple<\/a> y, como siempre, la informaci\u00f3n es abundante. <strong>El iPhone Air ha sido la estrella de la jornada<\/strong>, pero no ha llegado solo. La compa\u00f1\u00eda de Cupertino ha aprovechado para ense\u00f1ar m\u00e1s productos.<\/p>\n<p>En este resumen encontrar\u00e1s todo lo que Apple ha presentado este martes de un solo vistazo. Hemos organizado cada anuncio para que puedas seguirlos sin perder detalle y, si quieres profundizar, en cada punto tendr\u00e1s enlaces directos para conocer m\u00e1s.<\/p>\n<p>iPhone Air<\/p>\n<p>                   <img class=\"centro_sinmarco\" height=\"2160\" width=\"3840\" loading=\"lazy\" decoding=\"async\"  fetchpriority=\"high\"  src=\"https:\/\/www.europesays.com\/es\/wp-content\/uploads\/2025\/09\/1757446747_304_450_1000.jpeg\" alt=\"Apple Iphone Air Hero 250909\"\/><\/p>\n<p><a class=\"text-outboundlink\" href=\"https:\/\/www.xataka.com\/moviles\/iphone-17-caracteristicas-ficha-tecnica-precio-fecha-lanzamiento\" data-vars-post-title=\"iPhone 17: Apple pone soluci\u00f3n a uno de los aspectos m\u00e1s criticados del iPhone base\" data-vars-post-url=\"https:\/\/www.xataka.com\/moviles\/iphone-17-caracteristicas-ficha-tecnica-precio-fecha-lanzamiento\" rel=\"nofollow noopener\" target=\"_blank\">El rumoreado tel\u00e9fono ultradelgado de Apple se ha hecho realidad<\/a>.\u00a0<\/p>\n<ul>\n<li value=\"1\"><strong>Dise\u00f1o y pantalla<\/strong>: titanio de grado 5, solo 5,6 mm y muy ligero, Ceramic Shield 2 delante y Ceramic Shield atr\u00e1s para mayor resistencia; pantalla Super Retina XDR 6,5 pulgadas con ProMotion hasta 120 Hz y hasta 3.000 nits.<\/li>\n<li value=\"2\"><strong>C\u00e1maras<\/strong>: sensor principal 48 MP Fusion con quad-pixel y tele 2\u00d7 \u00f3ptico; nueva c\u00e1mara frontal Center Stage 18 MP con campo cuadrado, Dual Capture y grabaci\u00f3n 4K60 Dolby Vision.<\/li>\n<li value=\"3\"><strong>Chips y conectividad<\/strong>: A19 Pro junto a N1 y C1X; N1 habilita Wi-Fi 7 y Bluetooth 6, C1X es hasta 2\u00d7 m\u00e1s r\u00e1pido y consume 30% menos energ\u00eda.<\/li>\n<li value=\"4\"><strong>Bater\u00eda y software<\/strong>: autonom\u00eda para todo el d\u00eda gracias a la arquitectura interna y Adaptive Power Mode en iOS 26; iOS 26 incorpora Apple Intelligence y funciones de traducci\u00f3n y visual intelligence.<\/li>\n<li value=\"5\">C<strong>olores, precio y almacenamiento<\/strong>: acabados space black, cloud white, light gold y sky blue; 256 GB, 512 GB y 1 TB; desde 1.219 euros.\u00a0<\/li>\n<\/ul>\n<p>iPhone 17 Pro y 17 Pro Max<\/p>\n<p>                   <img class=\"centro_sinmarco\" height=\"2160\" width=\"3840\" loading=\"lazy\" decoding=\"async\"  fetchpriority=\"high\"  src=\"https:\/\/www.europesays.com\/es\/wp-content\/uploads\/2025\/09\/1757446747_132_450_1000.jpeg\" alt=\"Apple Iphone 17 Pro Camera Close Up 250909\"\/><\/p>\n<p><a class=\"text-outboundlink\" href=\"https:\/\/www.xataka.com\/moviles\/iphone-17-pro-iphone-17-pro-max-caracteristicas-precio-ficha-tecnica\" data-vars-post-title=\"Nuevos iPhone 17 Pro y iPhone 17 Pro Max: el primer iPhone unibody que llega para redefinir el concepto &#039;Pro&#039;\" data-vars-post-url=\"https:\/\/www.xataka.com\/moviles\/iphone-17-pro-iphone-17-pro-max-caracteristicas-precio-ficha-tecnica\" rel=\"nofollow noopener\" target=\"_blank\">El primer iPhone unibody que llega para redefinir el concepto &#8216;Pro&#8217;<\/a><\/p>\n<ul>\n<li value=\"1\"><strong>Dise\u00f1o y pantalla<\/strong>: unibody de aluminio 7000, espacio para m\u00e1s bater\u00eda, disponibles en 6,3 y 6,9 pulgadas, Ceramic Shield 2 delante y detr\u00e1s, ProMotion 120 Hz y hasta 3.000 nits.<\/li>\n<li value=\"2\"><strong>C\u00e1maras pro<\/strong>: tres 48 MP Fusion (Main, Ultra y Tele), tele 4\u00d7 y tele 8\u00d7 \u00f3ptico el m\u00e1s largo en un iPhone, nueva c\u00e1mara frontal Center Stage 18 MP, ProRes RAW, genlock y Dual Capture para rodaje.<\/li>\n<li value=\"3\"><strong>Chips y conectividad<\/strong>: A19 Pro con CPU 6 n\u00facleos y Neural Engine de 16 n\u00facleos, N1 para Wi-Fi 7 y Bluetooth 6, C1X m\u00f3dem m\u00e1s eficiente; Apple habla de hasta 40% m\u00e1s rendimiento sostenido.<\/li>\n<li value=\"4\"><strong>Bater\u00eda y software<\/strong>: mayor autonom\u00eda por arquitectura y c\u00e1mara de vapor para disipaci\u00f3n t\u00e9rmica, carga 50% en 20 minutos con adaptador opcional; iOS 26 trae Apple Intelligence, Live Translation y novedades para v\u00eddeo y juegos.<\/li>\n<li value=\"5\"><strong>Precios y versiones<\/strong>: acabados deep blue, cosmic orange y silver; 256 GB, 512 GB y 1 TB en Pro, Pro Max a\u00f1ade 2 TB. Desde 1.319 euros para el Pro, y desde 1.469 euros para el Pro Max.\u00a0<\/li>\n<\/ul>\n<p>iPhone 17<\/p>\n<p>                   <img class=\"centro_sinmarco\" height=\"2160\" width=\"3840\" loading=\"lazy\" decoding=\"async\"  fetchpriority=\"high\"  src=\"https:\/\/www.europesays.com\/es\/wp-content\/uploads\/2025\/09\/1757446748_467_450_1000.jpeg\" alt=\"Apple Iphone 17 Lineup 250909\"\/><\/p>\n<p><a class=\"text-outboundlink\" href=\"https:\/\/www.xataka.com\/moviles\/iphone-17-caracteristicas-ficha-tecnica-precio-fecha-lanzamiento\" data-vars-post-title=\"iPhone 17: Apple pone soluci\u00f3n a uno de los aspectos m\u00e1s criticados del iPhone base\" data-vars-post-url=\"https:\/\/www.xataka.com\/moviles\/iphone-17-caracteristicas-ficha-tecnica-precio-fecha-lanzamiento\" rel=\"nofollow noopener\" target=\"_blank\">Apple pone soluci\u00f3n a uno de los aspectos m\u00e1s criticados del iPhone base<\/a><\/p>\n<ul>\n<li value=\"1\"><strong>Dise\u00f1o y pantalla<\/strong>: unibody con bordes contorneados, 6,3 pulgadas Super Retina XDR, ProMotion 120 Hz y Ceramic Shield 2, hasta 3.000 nits.<\/li>\n<li value=\"2\"><strong>C\u00e1maras<\/strong>: sistema trasero 48 MP Fusion con tele 2\u00d7 \u00f3ptico y ultra 48 MP, frontal Center Stage 18 MP, Dual Capture y v\u00eddeo 4K Dolby Vision.<\/li>\n<li value=\"3\"><strong>Rendimiento<\/strong>: A19 con CPU y GPU m\u00e1s r\u00e1pidas y Neural Accelerators integrados, soporte para IA local y N1 para Wi-Fi 7 y Bluetooth 6.<\/li>\n<li value=\"4\"><strong>Bater\u00eda y software<\/strong>: hasta 30 horas de reproducci\u00f3n de v\u00eddeo seg\u00fan Apple, carga 50% en 20 minutos con adaptador opcional y iOS 26 con Apple Intelligence.<\/li>\n<li value=\"5\"><strong>Colores, precio y almacenamiento<\/strong>: negro, lavender, mist blue, sage y blanco; 256 GB y 512 GB; desde 959 euros.\u00a0<\/li>\n<\/ul>\n<p>    <a href=\"https:\/\/www.xataka.com\/componentes\/apple-estrena-chip-n1-salto-definitivo-control-total-iphone\" class=\"pivot-outboundlink\" data-vars-post-title=\"Apple estrena el chip N1: el salto definitivo hacia el control total del iPhone \" rel=\"nofollow noopener\" target=\"_blank\"><br \/>\n     <img loading=\"lazy\" decoding=\"async\" alt=\"Apple estrena el chip N1: el salto definitivo hacia el control total del iPhone \" width=\"375\" height=\"142\" src=\"https:\/\/www.europesays.com\/es\/wp-content\/uploads\/2025\/09\/1757446748_240_375_142.jpeg\"\/><br \/>\n    <\/a><\/p>\n<p>Apple Watch Series 11<\/p>\n<p>                   <img class=\"centro_sinmarco\" height=\"2160\" width=\"3840\" loading=\"lazy\" decoding=\"async\"  fetchpriority=\"high\"  src=\"https:\/\/www.europesays.com\/es\/wp-content\/uploads\/2025\/09\/1757446748_240_450_1000.jpeg\" alt=\"Apple Watch Series 11 Hero 250909\"\/><\/p>\n<p><a class=\"text-outboundlink\" href=\"https:\/\/www.xataka.com\/relojes-inteligentes\/apple-watch-series-11-caracteristicas-precio-ficha-tecnica\" data-vars-post-title=\"Apple Watch Series 11: la salud vuelve a ser lo primero en un reloj que adelgaza y es m\u00e1s delgado que nunca\" data-vars-post-url=\"https:\/\/www.xataka.com\/relojes-inteligentes\/apple-watch-series-11-caracteristicas-precio-ficha-tecnica\" rel=\"nofollow noopener\" target=\"_blank\">La salud vuelve a ser lo primero en un reloj que adelgaza y es m\u00e1s delgado que nunca<\/a><\/p>\n<ul>\n<li value=\"1\"><strong>Salud<\/strong>: notificaciones de hipertensi\u00f3n que analizan 30 d\u00edas de datos y sleep score que punt\u00faa la calidad del sue\u00f1o<\/li>\n<li value=\"2\"><strong>Bater\u00eda y resistencia<\/strong>: hasta 24 horas de autonom\u00eda, 15 minutos de carga dan unas 8 horas, Ion-X con recubrimiento cer\u00e1mico 2x m\u00e1s resistente y cristal de zafiro en titanio<\/li>\n<li value=\"3\"><strong>Conectividad y sensores<\/strong>: 5G celular, antena redise\u00f1ada y eSIM, m\u00e1s seguimiento de salud y Workout Buddy con Apple Intelligence<\/li>\n<li value=\"4\"><strong>Software y limitaciones<\/strong>: watchOS 26 estrena Workout Buddy, gestos y nuevas esferas; la funci\u00f3n de hipertensi\u00f3n est\u00e1 pendiente de aprobaci\u00f3n regulatoria y llegar\u00e1 a Series 9 y posteriores<\/li>\n<li value=\"5\"><strong>Colores, tama\u00f1os y precio<\/strong>: aluminio en space gray, jet black, rose gold y silver, titanio en natural, gold y slate; 42 mm y 46 mm; desde 449 euros.\u00a0<\/li>\n<\/ul>\n<p>Apple Watch SE 3<\/p>\n<p>                   <img class=\"centro_sinmarco\" height=\"2560\" width=\"3840\" loading=\"lazy\" decoding=\"async\"  fetchpriority=\"high\"  src=\"https:\/\/www.europesays.com\/es\/wp-content\/uploads\/2025\/09\/1757446748_125_450_1000.jpeg\" alt=\"Apple Watch Se 3 Hero 250909\"\/><\/p>\n<p><a class=\"text-outboundlink\" href=\"https:\/\/www.xataka.com\/relojes-inteligentes\/apple-watch-se-3-caracteristicas-precio-ficha-tecnica\" data-vars-post-title=\"Apple Watch SE 3: una renovaci\u00f3n fant\u00e1stica por la que ha valido la pena esperar tres a\u00f1os\" data-vars-post-url=\"https:\/\/www.xataka.com\/relojes-inteligentes\/apple-watch-se-3-caracteristicas-precio-ficha-tecnica\" rel=\"nofollow noopener\" target=\"_blank\">Una renovaci\u00f3n fant\u00e1stica por la que ha valido la pena esperar tres a\u00f1os<\/a><\/p>\n<ul>\n<li value=\"1\"><strong>Salud<\/strong>: sleep score, estimaciones retrospectivas de ovulaci\u00f3n, notificaciones de apnea y sensor de temperatura en mu\u00f1eca<\/li>\n<li value=\"2\"><strong>Pantalla y carga<\/strong>: Always-On display, autonom\u00eda de 18 horas y carga r\u00e1pida que da unas 8 horas con 15 minutos o ~80% en 45 minutos<\/li>\n<li value=\"3\"><strong>S10 y gestos<\/strong>: S10 permite Siri en el dispositivo, doble toque y gesto de mu\u00f1eca, Voice Isolation y reproducci\u00f3n de audio desde el altavoz<\/li>\n<li value=\"4\"><strong>Conectividad y familia<\/strong>: 5G celular, eSIM y funciones para ni\u00f1os con Apple Watch For Your Kids, m\u00e1s seguridad y control parental<\/li>\n<li value=\"5\"><strong>Tama\u00f1os, colores y precio<\/strong>: 40 mm y 44 mm en midnight y starlight, desde\u00a0269 euros.\u00a0<\/li>\n<\/ul>\n<p>Apple Watch Ultra 3<\/p>\n<p>                   <img class=\"centro_sinmarco\" height=\"2160\" width=\"3840\" loading=\"lazy\" decoding=\"async\"  fetchpriority=\"high\"  src=\"https:\/\/www.europesays.com\/es\/wp-content\/uploads\/2025\/09\/1757446749_763_450_1000.jpeg\" alt=\"Apple Watch Ultra 3 Hero 250909\"\/><\/p>\n<p><a class=\"text-outboundlink\" href=\"https:\/\/www.xataka.com\/wearables\/apple-watch-ultra-3-caracteristicas-ficha-tecnica-precio-fecha-lanzamiento\" data-vars-post-title=\"Apple Watch Ultra 3: el mejor reloj de Apple gana en pantalla y bater\u00eda adem\u00e1s de estrenar 5G\" data-vars-post-url=\"https:\/\/www.xataka.com\/wearables\/apple-watch-ultra-3-caracteristicas-ficha-tecnica-precio-fecha-lanzamiento\" rel=\"nofollow noopener\" target=\"_blank\">El mejor reloj de Apple gana en pantalla y bater\u00eda adem\u00e1s de estrenar 5G<\/a><\/p>\n<ul>\n<li value=\"1\"><strong>Pantalla y bater\u00eda<\/strong>: la pantalla m\u00e1s grande en un Apple Watch con LTPO3 y Always-On a 1 Hz, hasta 42 horas y 72 horas en Low Power Mode<\/li>\n<li value=\"2\"><strong>Sat\u00e9lite y conectividad<\/strong>: comunicaciones bidireccionales v\u00eda sat\u00e9lite para SOS, mensajes y Find My, dos a\u00f1os gratis, adem\u00e1s de 5G y antena redise\u00f1ada<\/li>\n<li value=\"3\"><strong>Salud<\/strong>: notificaciones de hipertensi\u00f3n y sleep score como nuevas se\u00f1ales de salud, funci\u00f3n sujeta a aprobaci\u00f3n regulatoria y disponible en modelos compatibles<\/li>\n<li value=\"4\"><strong>Deporte y sensores<\/strong>: GPS m\u00e1s preciso, m\u00e9tricas avanzadas para running y ciclismo, soporte para buceo recreativo y Workout Buddy con Apple Intelligence<\/li>\n<li value=\"5\"><strong>Acabados y precio<\/strong>: titanio natural y negro. 899 euros.\u00a0<\/li>\n<\/ul>\n<p>AirPods Pro 3<\/p>\n<p>                   <img class=\"centro_sinmarco\" height=\"2160\" width=\"2160\" loading=\"lazy\" decoding=\"async\"  fetchpriority=\"high\"  src=\"https:\/\/www.europesays.com\/es\/wp-content\/uploads\/2025\/09\/1757446749_989_450_1000.jpeg\" alt=\"Apple Airpods Pro 3 Hero 250909\"\/><\/p>\n<p><a class=\"text-outboundlink\" href=\"https:\/\/www.xataka.com\/perifericos\/airpods-pro-3-caracteristicas-precio-ficha-tecnica\" data-vars-post-title=\"Nuevos AirPods Pro 3: Apple echa el resto con mejor cancelaci\u00f3n de ruido, traducci\u00f3n simult\u00e1nea y sensor de ritmo card\u00edaco\" data-vars-post-url=\"https:\/\/www.xataka.com\/perifericos\/airpods-pro-3-caracteristicas-precio-ficha-tecnica\" rel=\"nofollow noopener\" target=\"_blank\">Apple echa el resto con mejor cancelaci\u00f3n de ruido, traducci\u00f3n simult\u00e1nea y sensor de ritmo card\u00edaco<\/a><\/p>\n<ul>\n<li value=\"1\"><strong>ANC y sonido<\/strong>: Active Noise Cancellation hasta 2\u00d7 m\u00e1s eficaz que AirPods Pro 2 y 4\u00d7 vs el original, Adaptive EQ y nueva arquitectura ac\u00fastica multiport<\/li>\n<li value=\"2\"><strong>Ajuste y resistencia<\/strong>: dise\u00f1o m\u00e1s peque\u00f1o con puntas de espuma en cinco tallas incluida XXS para mejor sujeci\u00f3n, IP57 resistente al sudor y al agua<\/li>\n<li value=\"3\"><strong>Sensor y entrenos<\/strong>: sensor PPG para ritmo cardiaco en entrenos y seguimiento de m\u00e1s de 50 tipos de ejercicio, integraci\u00f3n con la app Fitness y Workout Buddy<\/li>\n<li value=\"4\"><strong>Autonom\u00eda y traducci\u00f3n<\/strong>: hasta 8 horas de reproducci\u00f3n con ANC y hasta 10 horas en Transparency, Live Translation manos libres en varios idiomas (beta)<\/li>\n<li value=\"5\"><strong>Precio<\/strong>: desde\u00a0249 euros.\u00a0<\/li>\n<\/ul>\n<p>Im\u00e1genes | Apple<\/p>\n<p>En Xataka | <a class=\"text-outboundlink\" href=\"https:\/\/www.xataka.com\/moviles\/te-compras-iphone-air-no-podras-utilizar-sim-fisica-apple-obliga-a-sus-usuarios-a-pasarse-a-esim\" data-vars-post-title=\"Si te compras un iPhone Air, no podr\u00e1s utilizar una SIM f\u00edsica: Apple obliga a sus usuarios a pasarse a la eSIM \" data-vars-post-url=\"https:\/\/www.xataka.com\/moviles\/te-compras-iphone-air-no-podras-utilizar-sim-fisica-apple-obliga-a-sus-usuarios-a-pasarse-a-esim\" rel=\"nofollow noopener\" target=\"_blank\">Si te compras un iPhone Air, no podr\u00e1s utilizar una SIM f\u00edsica: Apple obliga a sus usuarios a pasarse a la eSIM<\/a>\u00a0<\/p>\n","protected":false},"excerpt":{"rendered":"Acaba de terminar el evento \u201cAwe Dropping\u201d de Apple y, como siempre, la informaci\u00f3n es abundante. El iPhone&hellip;\n","protected":false},"author":2,"featured_media":103981,"comment_status":"","ping_status":"","sticky":false,"template":"","format":"standard","meta":{"footnotes":""},"categories":[81],"tags":[119,123,124,25,24,117,121,122,23,118,120],"class_list":{"0":"post-103980","1":"post","2":"type-post","3":"status-publish","4":"format-standard","5":"has-post-thumbnail","7":"category-ciencia-y-tecnologia","8":"tag-ciencia","9":"tag-ciencia-y-tecnologia","10":"tag-cienciaytecnologia","11":"tag-es","12":"tag-espana","13":"tag-science","14":"tag-science-and-technology","15":"tag-scienceandtechnology","16":"tag-spain","17":"tag-technology","18":"tag-tecnologia"},"share_on_mastodon":{"url":"","error":""},"_links":{"self":[{"href":"https:\/\/www.europesays.com\/es\/wp-json\/wp\/v2\/posts\/103980","targetHints":{"allow":["GET"]}}],"collection":[{"href":"https:\/\/www.europesays.com\/es\/wp-json\/wp\/v2\/posts"}],"about":[{"href":"https:\/\/www.europesays.com\/es\/wp-json\/wp\/v2\/types\/post"}],"author":[{"embeddable":true,"href":"https:\/\/www.europesays.com\/es\/wp-json\/wp\/v2\/users\/2"}],"replies":[{"embeddable":true,"href":"https:\/\/www.europesays.com\/es\/wp-json\/wp\/v2\/comments?post=103980"}],"version-history":[{"count":0,"href":"https:\/\/www.europesays.com\/es\/wp-json\/wp\/v2\/posts\/103980\/revisions"}],"wp:featuredmedia":[{"embeddable":true,"href":"https:\/\/www.europesays.com\/es\/wp-json\/wp\/v2\/media\/103981"}],"wp:attachment":[{"href":"https:\/\/www.europesays.com\/es\/wp-json\/wp\/v2\/media?parent=103980"}],"wp:term":[{"taxonomy":"category","embeddable":true,"href":"https:\/\/www.europesays.com\/es\/wp-json\/wp\/v2\/categories?post=103980"},{"taxonomy":"post_tag","embeddable":true,"href":"https:\/\/www.europesays.com\/es\/wp-json\/wp\/v2\/tags?post=103980"}],"curies":[{"name":"wp","href":"https:\/\/api.w.org\/{rel}","templated":true}]}}