{"id":103988,"date":"2025-09-09T19:44:08","date_gmt":"2025-09-09T19:44:08","guid":{"rendered":"https:\/\/www.europesays.com\/es\/103988\/"},"modified":"2025-09-09T19:44:08","modified_gmt":"2025-09-09T19:44:08","slug":"el-bada-huesca-listo-para-el-arranque-de-una-nueva-temporada-nuestro-deporte","status":"publish","type":"post","link":"https:\/\/www.europesays.com\/es\/103988\/","title":{"rendered":"El Bada Huesca, listo para el arranque de una nueva temporada | Nuestro deporte"},"content":{"rendered":"<p>Este pr\u00f3ximo fin de semana <strong>Bada Huesca arranca la liga Nexus Energ\u00eda Asobal<\/strong>, la decimocuarta en la m\u00e1xima categor\u00eda del balonmano nacional, debutando este <strong>domingo a las 12.30 horas en la pista de Recoletas Valladolid.<\/strong><\/p>\n<p>Atr\u00e1s queda para el equipo de Jos\u00e9 Nolasco la pretemporada y adaptar a las<strong> tres caras nuevas de esta temporada:<\/strong> <strong>el extremo Dani P\u00e9rez<\/strong>, el<strong> central franc\u00e9s Aur\u00e9lien-Morgan Tchitombi y el portero Fradj Ben Tekaya.<\/strong><\/p>\n<p>Los <strong>veteranos del equipo ven muy positivas estas tres incorporaciones<\/strong>, destacando la importancia de la figura del central y c\u00f3mo este fichaje puede hacer cambiar el estilo de juego.<\/p>\n<p>La<strong> plantilla afronta con muchas ganas este comienzo de temporada<\/strong>, ilusionada con la buena imagen que se ha mostrado durante la pretemporada, confiando<strong> en sacar los dos puntos en Valladolid<\/strong>. Destacan los jugadores del Bada, la fortaleza defensiva mostrada durante los encuentros de preparaci\u00f3n, que puede ser clave para lograr la victoria en el primer encuentro.<\/p>\n<p>Como<strong> objetivo principal, asegurar la permanencia<\/strong> y no tener problemas para mantener la categor\u00eda, en una competici\u00f3n que <strong>se espera m\u00e1s exigente que la de la campa\u00f1a anterior.<\/strong><\/p>\n<p>Recordamos que este partido se <strong>podr\u00e1 seguir en directo en el streaming de Arag\u00f3n Deporte.<\/strong><\/p>\n<p>Si quieres estar al d\u00eda de toda la actualidad deportiva, s\u00edguenos en redes sociales: <a href=\"https:\/\/www.instagram.com\/aragondeporte\/\" target=\"_blank\" rel=\"noindex nofollow noopener\">Instagram<\/a>, <a href=\"https:\/\/www.facebook.com\/aragondeporte\/\" target=\"_blank\" rel=\"noindex nofollow noopener\">Facebook<\/a>, <a href=\"https:\/\/x.com\/ardeportes\" target=\"_blank\" rel=\"noindex nofollow\">X<\/a> y tambi\u00e9n en el canal de <a href=\"https:\/\/whatsapp.com\/channel\/0029Vb8JrUy6rsQrHNE2y41l\" target=\"_blank\" rel=\"noindex nofollow noopener\">WhatsApp<\/a>.<\/p>\n<p>            <script async src=\"\/\/www.instagram.com\/embed.js\"><\/script><\/p>\n","protected":false},"excerpt":{"rendered":"Este pr\u00f3ximo fin de semana Bada Huesca arranca la liga Nexus Energ\u00eda Asobal, la decimocuarta en la m\u00e1xima&hellip;\n","protected":false},"author":2,"featured_media":103989,"comment_status":"","ping_status":"","sticky":false,"template":"","format":"standard","meta":{"footnotes":""},"categories":[278],"tags":[4499,4502,376,4501,4110,634,168,25,24,375,4500,1448,23,167,214],"class_list":{"0":"post-103988","1":"post","2":"type-post","3":"status-publish","4":"format-standard","5":"has-post-thumbnail","7":"category-balonmano","8":"tag-aragon","9":"tag-aragonesa","10":"tag-balonmano","11":"tag-cartv","12":"tag-corporacion","13":"tag-deporte","14":"tag-deportes","15":"tag-es","16":"tag-espana","17":"tag-handball","18":"tag-publica","19":"tag-radio","20":"tag-spain","21":"tag-sports","22":"tag-tv"},"share_on_mastodon":{"url":"","error":""},"_links":{"self":[{"href":"https:\/\/www.europesays.com\/es\/wp-json\/wp\/v2\/posts\/103988","targetHints":{"allow":["GET"]}}],"collection":[{"href":"https:\/\/www.europesays.com\/es\/wp-json\/wp\/v2\/posts"}],"about":[{"href":"https:\/\/www.europesays.com\/es\/wp-json\/wp\/v2\/types\/post"}],"author":[{"embeddable":true,"href":"https:\/\/www.europesays.com\/es\/wp-json\/wp\/v2\/users\/2"}],"replies":[{"embeddable":true,"href":"https:\/\/www.europesays.com\/es\/wp-json\/wp\/v2\/comments?post=103988"}],"version-history":[{"count":0,"href":"https:\/\/www.europesays.com\/es\/wp-json\/wp\/v2\/posts\/103988\/revisions"}],"wp:featuredmedia":[{"embeddable":true,"href":"https:\/\/www.europesays.com\/es\/wp-json\/wp\/v2\/media\/103989"}],"wp:attachment":[{"href":"https:\/\/www.europesays.com\/es\/wp-json\/wp\/v2\/media?parent=103988"}],"wp:term":[{"taxonomy":"category","embeddable":true,"href":"https:\/\/www.europesays.com\/es\/wp-json\/wp\/v2\/categories?post=103988"},{"taxonomy":"post_tag","embeddable":true,"href":"https:\/\/www.europesays.com\/es\/wp-json\/wp\/v2\/tags?post=103988"}],"curies":[{"name":"wp","href":"https:\/\/api.w.org\/{rel}","templated":true}]}}