{"id":104028,"date":"2025-09-09T20:05:08","date_gmt":"2025-09-09T20:05:08","guid":{"rendered":"https:\/\/www.europesays.com\/es\/104028\/"},"modified":"2025-09-09T20:05:08","modified_gmt":"2025-09-09T20:05:08","slug":"el-alcalde-de-madrid-denuncia-acoso-en-redes-tras-afirmar-que-en-gaza-no-hay-un-genocidio","status":"publish","type":"post","link":"https:\/\/www.europesays.com\/es\/104028\/","title":{"rendered":"El alcalde de Madrid denuncia acoso en redes tras afirmar que en Gaza no hay un genocidio"},"content":{"rendered":"<p>El alcalde de Madrid, Jos\u00e9 Luis Mart\u00ednez Almeida, ha denunciado este martes el acoso sufrido desde que ayer <a href=\"https:\/\/www.huffingtonpost.es\/politica\/el-alcalde-madrid-jose-luis-martinezalmeida-no-hay-genocidio-gaza.html\" rel=\"nofollow noopener\" target=\"_blank\">afirmara que en Gaza no hay un genocidio<\/a>,<b> unas descalificaciones a \u00e9l y a su familia que est\u00e1n \u00abalentadas en gran medida desde determinadas posiciones pol\u00edticas\u00bb<\/b>: \u00abMis \u00faltimas 24 horas no se las recomiendo a nadie\u00bb.<\/p>\n<p>As\u00ed lo ha manifestado el primer edil madrile\u00f1o en declaraciones a los periodistas despu\u00e9s de que en el debate sobre el estado de la ciudad celebrado ayer afirmara que en Gaza \u00abno hay un genocidio\u00bb.<\/p>\n<p>\u00abMi postura es la que tiene la Uni\u00f3n Europea, es decir, <b>no parece que sea una postura estramb\u00f3tica<\/b> (&#8230;) Es un delito tipificado como tal, que tiene una calificaci\u00f3n jur\u00eddica y que por la gravedad de lo que supone, no se debe banalizar su uso ni se debe hacer partidista su uso con car\u00e1cter meramente pol\u00edtico o instrumental\u00bb, ha considerado.<\/p>\n<p>Ha a\u00f1adido que lo que sucede en Gaza no le \u00abpuede gustar a ninguno\u00bb, una realidad que provoca \u00abdolor\u00bb a todos, pero ha matizado que \u00abes cierto\u00bb que no todos \u00abidentifican\u00bb de la misma manera a \u00ablos culpables y las situaciones\u00bb.<\/p>\n<p>Por eso ha pedido que sea el presidente del Gobierno, Pedro S\u00e1nchez, <b>quien explique por qu\u00e9 utiliza el t\u00e9rmino genocidio<\/b>, \u00aben qu\u00e9 se fundamenta para utilizar el t\u00e9rmino genocidio y si la utilizaci\u00f3n de este t\u00e9rmino no tiene una finalidad pol\u00edtica\u00bb.<\/p>\n<p>\u00abEn su caso es una cortina de humo para tapar los problemas internos que tiene en Espa\u00f1a\u00bb, ha apuntado.<\/p>\n<p>Eso s\u00ed, Almeida no ha salido indemne tras esta consideraci\u00f3n y, seg\u00fan ha denunciado, nunca hab\u00eda recibido \u00abtal volumen de descalificaciones, de insultos y de alusiones\u00bb a su vida personal y a su vida familiar.<\/p>\n<p>Unos insultos, ha afirmado, que est\u00e1n \u00abalentados en gran medida desde determinadas posiciones pol\u00edticas que han magnificado completamente\u00bb sus palabras.<\/p>\n<p>\u00abEstamos en un momento en Espa\u00f1a en que lo que se pretende es que no haya aqu\u00ed ning\u00fan tipo de debate (&#8230;) lo que me preocupa es <b>c\u00f3mo se me ha insultado, se me ha descalificado<\/b>\u00ab, ha manifestado sobre lo que vive desde estas \u00faltimas 24 horas que no recomienda a nadie.<\/p>\n","protected":false},"excerpt":{"rendered":"El alcalde de Madrid, Jos\u00e9 Luis Mart\u00ednez Almeida, ha denunciado este martes el acoso sufrido desde que ayer&hellip;\n","protected":false},"author":2,"featured_media":104029,"comment_status":"","ping_status":"","sticky":false,"template":"","format":"standard","meta":{"footnotes":""},"categories":[8],"tags":[17,18,36287,12495,25,24,13,14,694,11,74,3516,19,20,9,10,15,16,23,12,21,22],"class_list":{"0":"post-104028","1":"post","2":"type-post","3":"status-publish","4":"format-standard","5":"has-post-thumbnail","7":"category-espana","8":"tag-breaking-news","9":"tag-breakingnews","10":"tag-conflicto-israel-gaza","11":"tag-conflicto-israel-palestina","12":"tag-es","13":"tag-espana","14":"tag-featured-news","15":"tag-featurednews","16":"tag-gaza","17":"tag-headlines","18":"tag-israel","19":"tag-jose-luis-martinez-almeida","20":"tag-latest-news","21":"tag-latestnews","22":"tag-news","23":"tag-noticias","24":"tag-noticias-destacadas","25":"tag-noticiasdestacadas","26":"tag-spain","27":"tag-titulares","28":"tag-ultimas-noticias","29":"tag-ultimasnoticias"},"share_on_mastodon":{"url":"","error":""},"_links":{"self":[{"href":"https:\/\/www.europesays.com\/es\/wp-json\/wp\/v2\/posts\/104028","targetHints":{"allow":["GET"]}}],"collection":[{"href":"https:\/\/www.europesays.com\/es\/wp-json\/wp\/v2\/posts"}],"about":[{"href":"https:\/\/www.europesays.com\/es\/wp-json\/wp\/v2\/types\/post"}],"author":[{"embeddable":true,"href":"https:\/\/www.europesays.com\/es\/wp-json\/wp\/v2\/users\/2"}],"replies":[{"embeddable":true,"href":"https:\/\/www.europesays.com\/es\/wp-json\/wp\/v2\/comments?post=104028"}],"version-history":[{"count":0,"href":"https:\/\/www.europesays.com\/es\/wp-json\/wp\/v2\/posts\/104028\/revisions"}],"wp:featuredmedia":[{"embeddable":true,"href":"https:\/\/www.europesays.com\/es\/wp-json\/wp\/v2\/media\/104029"}],"wp:attachment":[{"href":"https:\/\/www.europesays.com\/es\/wp-json\/wp\/v2\/media?parent=104028"}],"wp:term":[{"taxonomy":"category","embeddable":true,"href":"https:\/\/www.europesays.com\/es\/wp-json\/wp\/v2\/categories?post=104028"},{"taxonomy":"post_tag","embeddable":true,"href":"https:\/\/www.europesays.com\/es\/wp-json\/wp\/v2\/tags?post=104028"}],"curies":[{"name":"wp","href":"https:\/\/api.w.org\/{rel}","templated":true}]}}