{"id":104048,"date":"2025-09-09T20:16:14","date_gmt":"2025-09-09T20:16:14","guid":{"rendered":"https:\/\/www.europesays.com\/es\/104048\/"},"modified":"2025-09-09T20:16:14","modified_gmt":"2025-09-09T20:16:14","slug":"tres-generaciones-de-actrices-unidas-en-la-alfombra-roja","status":"publish","type":"post","link":"https:\/\/www.europesays.com\/es\/104048\/","title":{"rendered":"tres generaciones de actrices unidas en la alfombra roja"},"content":{"rendered":"<p id=\"epy8h8qe-Wh\" data-wc=\"53\">El estreno de la nueva pel\u00edcula de<strong>\u00a0Emma Thompson,<\/strong> titulada\u00a0The Dead of Winter,\u00a0en Londres se convirti\u00f3 en una improvisada reuni\u00f3n familiar. La popular actriz acudi\u00f3 a la alfombra roja acompa\u00f1ada de su hija Gaia, su esposo Greg Wise y su madre Phyllida Law, haciendo del evento <a class=\"hm-link ho-link\" href=\"https:\/\/www.hola.com\/actualidad\/20230426230755\/actores-hollywood-con-sus-hijos-alfombra-roja\/\" data-mrf-recirculation=\"article-body-link\" rel=\"nofollow noopener\" target=\"_blank\">un entra\u00f1able momento en familia<\/a>.\u00a0<\/p>\n<p> <img src=\"https:\/\/www.europesays.com\/es\/wp-content\/uploads\/2025\/09\/febde6d5f873-emma-thompson-getty.jpg\"   width=\"1024\" height=\"640\" loading=\"lazy\" decoding=\"async\" alt=\"Emma Thompson, su hija Gaia y su madre Phyllida en el estreno de la pel\u00edcula 'The Dead of Winter'  en Londres\" fetchpriority=\"auto\" class=\"image ho-image\"\/>\u00a9 Getty ImagesEmma Thompson, su hija Gaia y su madre Phyllida en el estreno de la pel\u00edcula &#8216;The Dead of Winter&#8217;  en Londres<\/p>\n<p id=\"eDq2Gqiw6CO\" data-wc=\"140\"><strong>Emma Thompson<\/strong> eligi\u00f3 para la ocasi\u00f3n <strong>un elegante traje blanco con bordados florales<\/strong> para su desfile por la alfombra roja, mientras que s<strong>u hija Gaia opt\u00f3 por un vestido negro palabra de honor y con falda de vuelo<\/strong>. El estreno fue un momento muy significativo para toda la familia. A su paso por la alfombra roja demostraron la cercan\u00eda que existe entre Emma, Gaia y el resto de familiares, as\u00ed como con <strong>su esposo, Greg Wise<\/strong>, con quien lleva 30 a\u00f1os de relaci\u00f3n, <strong>y su madre, la tambi\u00e9n actriz brit\u00e1nica Phyllida Law,<\/strong> de 94 a\u00f1os, conocida por t\u00edtulos tan conocidos como \u00a0Mucho ruido y pocas nueces o\u00a0La maquina del tiempo. A pesar de estar en silla de ruedas, la madre de Emma no quiso perderse el estreno de la cinta en la que trabajan su hija y su nieta.<\/p>\n<p> <img src=\"https:\/\/www.europesays.com\/es\/wp-content\/uploads\/2025\/09\/44287be02cb7-emma-thompson-getty2.jpg\"   width=\"716\" height=\"1024\" loading=\"lazy\" decoding=\"async\" alt=\"Emma Thompson con su hija Gaia en el estreno de la pel\u00edcula 'The Dead of Winter'  en Londres\" fetchpriority=\"auto\" class=\"image ho-image\"\/>\u00a9 Getty ImagesEmma Thompson con su hija Gaia en el estreno de la pel\u00edcula &#8216;The Dead of Winter&#8217;  en Londres<\/p>\n<p id=\"em3p7D7qR1l\" data-wc=\"131\">En The Dead of Winter, Emma Thompson interpreta el papel de Barb, una mujer que viaja sola al norte de Minnesota y accidentalmente interrumpe el secuestro de una adolescente, convirti\u00e9ndose en la \u00fanica esperanza para la joven. Curiosamente, <strong>su hija Gaia Wise<\/strong> interpreta a la versi\u00f3n joven del personaje de su madre en la pel\u00edcula, lo que a\u00f1ade una dimensi\u00f3n mucho m\u00e1s especial al filme. Su hija Gaia expres\u00f3 estar \u00abmuy emocionada\u00bb por la oportunidad de trabajar junto a su madre. \u00a0Ella es <a class=\"hm-link ho-link\" href=\"https:\/\/www.hola.com\/fashion\/tendencias\/20241204734040\/gaia-wise-hija-emma-thompson-actriz-pelicula-animacion-el-senor-de-los-anillos\/\" data-mrf-recirculation=\"article-body-link\" rel=\"nofollow noopener\" target=\"_blank\">hija de dos importantes actores brit\u00e1nicos<\/a>. Thompson ha protagonizado \u00e9xitos como Love Actually o\u00a0La ni\u00f1era m\u00e1gica, mientras que Greg ha aparecido en\u00a0Walking on Sunshine\u00a0o The Crown. El padre de Gaia es el segundo marido de Emma Thompson y lleva casado con la actriz desde 2003.\u00a0<\/p>\n<p> <img src=\"https:\/\/www.europesays.com\/es\/wp-content\/uploads\/2025\/09\/2443b5cce895-emma-thompson-getty3.jpg\"   width=\"765\" height=\"1024\" loading=\"lazy\" decoding=\"async\" alt=\"Emma Thompson con su hija Gaia y su marido Greg en el estreno de la pel\u00edcula 'The Dead of Winter'  en Londres\" fetchpriority=\"auto\" class=\"image ho-image\"\/>\u00a9 Getty ImagesEmma Thompson con su hija Gaia y su marido Greg en el estreno de la pel\u00edcula &#8216;The Dead of Winter&#8217;  en Londres<\/p>\n<p id=\"elQS6vE3sT1\" data-wc=\"74\">Gaia hizo su debut como actriz en la serie de la BBC Silent Witness, donde interpret\u00f3 a una estudiante universitaria, cuya madre es asesinada y su primera gran oportunidad lleg\u00f3 el a\u00f1o pasado al protagonizar la pel\u00edcula de anime El Se\u00f1or de los Anillos: La Guerra de los Rohirrim. \u00a0En 2021,<a class=\"hm-link ho-link\" href=\"https:\/\/www.hola.com\/actualidad\/20220115202840\/gaia-thompson-hija-emma-thompson-perfil\/\" data-mrf-recirculation=\"article-body-link\" rel=\"nofollow noopener\" target=\"_blank\">\u00a0la hija de Emma Thompson habl\u00f3 de su batalla contra la anorexia<\/a> y dio las gracias a sus padres por salvarle la vida.<\/p>\n<p>  <img src=\"https:\/\/www.europesays.com\/es\/wp-content\/uploads\/2025\/09\/6d9f3b74c9ae-emma-thompson-getty5.jpg\"   width=\"721\" height=\"1024\" loading=\"lazy\" decoding=\"async\" alt=\"Gaia Wise, la hija de Emma Thompson, en el estreno de 'The Dead of Winter' en Londres\" fetchpriority=\"auto\" class=\"image ho-image\"\/>\u00a9 Getty Images<\/p>\n<p>  <img src=\"https:\/\/www.europesays.com\/es\/wp-content\/uploads\/2025\/09\/496f41df2a81-emma-thompson-getty4.jpg\"   width=\"712\" height=\"1024\" loading=\"lazy\" decoding=\"async\" alt=\"Emma Thompson en el estreno de la pel\u00edcula 'The Dead of Winter'  en Londres\" fetchpriority=\"auto\" class=\"image ho-image\"\/>\u00a9 Getty Images<\/p>\n<p id=\"ecT14OaG2Fo\" data-wc=\"60\">Ahora act\u00faa en Dead of Winter junto a su madre, que llegar\u00e1 a los cines el 26 de septiembre. La cinta ha sido dirigida por Brian Kirk y<strong>\u00a0rodada en Finlandia en condiciones extremadamente fr\u00edas,\u00a0<\/strong>algo que Emma destac\u00f3 como un desaf\u00edo importante durante la producci\u00f3n. Tuvo que acomodarse a un fr\u00edo extremo de hasta -29 grados durante el rodaje.<\/p>\n","protected":false},"excerpt":{"rendered":"El estreno de la nueva pel\u00edcula de\u00a0Emma Thompson, titulada\u00a0The Dead of Winter,\u00a0en Londres se convirti\u00f3 en una improvisada&hellip;\n","protected":false},"author":2,"featured_media":104049,"comment_status":"","ping_status":"","sticky":false,"template":"","format":"standard","meta":{"footnotes":""},"categories":[174],"tags":[517,255,19074,146,147,25,24,256,23],"class_list":{"0":"post-104048","1":"post","2":"type-post","3":"status-publish","4":"format-standard","5":"has-post-thumbnail","7":"category-famosos","8":"tag-actualidad","9":"tag-celebrities","10":"tag-emma-thompson","11":"tag-entertainment","12":"tag-entretenimiento","13":"tag-es","14":"tag-espana","15":"tag-famosos","16":"tag-spain"},"share_on_mastodon":{"url":"","error":""},"_links":{"self":[{"href":"https:\/\/www.europesays.com\/es\/wp-json\/wp\/v2\/posts\/104048","targetHints":{"allow":["GET"]}}],"collection":[{"href":"https:\/\/www.europesays.com\/es\/wp-json\/wp\/v2\/posts"}],"about":[{"href":"https:\/\/www.europesays.com\/es\/wp-json\/wp\/v2\/types\/post"}],"author":[{"embeddable":true,"href":"https:\/\/www.europesays.com\/es\/wp-json\/wp\/v2\/users\/2"}],"replies":[{"embeddable":true,"href":"https:\/\/www.europesays.com\/es\/wp-json\/wp\/v2\/comments?post=104048"}],"version-history":[{"count":0,"href":"https:\/\/www.europesays.com\/es\/wp-json\/wp\/v2\/posts\/104048\/revisions"}],"wp:featuredmedia":[{"embeddable":true,"href":"https:\/\/www.europesays.com\/es\/wp-json\/wp\/v2\/media\/104049"}],"wp:attachment":[{"href":"https:\/\/www.europesays.com\/es\/wp-json\/wp\/v2\/media?parent=104048"}],"wp:term":[{"taxonomy":"category","embeddable":true,"href":"https:\/\/www.europesays.com\/es\/wp-json\/wp\/v2\/categories?post=104048"},{"taxonomy":"post_tag","embeddable":true,"href":"https:\/\/www.europesays.com\/es\/wp-json\/wp\/v2\/tags?post=104048"}],"curies":[{"name":"wp","href":"https:\/\/api.w.org\/{rel}","templated":true}]}}