{"id":104050,"date":"2025-09-09T20:17:07","date_gmt":"2025-09-09T20:17:07","guid":{"rendered":"https:\/\/www.europesays.com\/es\/104050\/"},"modified":"2025-09-09T20:17:07","modified_gmt":"2025-09-09T20:17:07","slug":"la-galeria-dart-la-catedral-de-tarragona-rinde-homenaje-a-joan-baptista-plana","status":"publish","type":"post","link":"https:\/\/www.europesays.com\/es\/104050\/","title":{"rendered":"La Galeria d&#8217;Art La Catedral de Tarragona rinde homenaje a Joan Baptista Plana"},"content":{"rendered":"<p class=\"paragraph\"><b>La Galeria d\u2019Art La Catedral<\/b> rinde con una muestra un homenaje al pintor acuarelista tarraconense <b>Joan Baptista Plana<\/b>, fallecido en 1984. Mediante un acuerdo con la familia, la galer\u00eda presenta una exposici\u00f3n de <b>28 obras antol\u00f3gicas<\/b>, la mayor\u00eda de ellas dedicadas a vistas de la ciudad: <b>la Catedral, el casco antiguo, la Rambla o el Serrallo<\/b>.<\/p>\n<p class=\"paragraph\">La <b>exposici\u00f3n puede visitarse hasta el d\u00eda 28 de septiembre<\/b>, con un horario de 11h a 14h y de 16h a 19h. Domingos y festivos de 11h a 14h.<\/p>\n<p class=\"paragraph\"><b>Joan Baptista Plana Pujol<\/b> naci\u00f3 en Tarragona el 25 de septiembre de <b>1916<\/b>. Desde peque\u00f1o mostr\u00f3 un talento extraordinario para el dibujo. Se matricul\u00f3 en la Escuela Municipal de Arte, donde tuvo como profesores al pintor Pere Ferran y al director de la escuela, Salvador Ripoll, finalizando sus estudios en 1930 con la calificaci\u00f3n de excelente. Fue una figura muy emblem\u00e1tica de la pintura en Tarragona, de estilo figurativo impresionista, con referencias en su obra a Fortuny, Tapir\u00f3, Mir, Gimeno y Sorolla. Utiliz\u00f3 especialmente la t\u00e9cnica de la <b>acuarela<\/b>, aunque tambi\u00e9n pint\u00f3 al \u00f3leo.<\/p>\n<p class=\"paragraph\"><b>La Galer\u00eda ofrece tambi\u00e9n una zona muse\u00edstica<\/b>, donde se expone su colecci\u00f3n privada, y donde el visitante podr\u00e1 disfrutar de una selecci\u00f3n de obras de grandes maestros de la pintura catalana de finales del siglo XIX y principios y mediados del siglo XX.<\/p>\n","protected":false},"excerpt":{"rendered":"La Galeria d\u2019Art La Catedral rinde con una muestra un homenaje al pintor acuarelista tarraconense Joan Baptista Plana,&hellip;\n","protected":false},"author":2,"featured_media":104051,"comment_status":"","ping_status":"","sticky":false,"template":"","format":"standard","meta":{"footnotes":""},"categories":[173],"tags":[229,233,231,230,232,234,146,147,25,24,23],"class_list":{"0":"post-104050","1":"post","2":"type-post","3":"status-publish","4":"format-standard","5":"has-post-thumbnail","7":"category-arte-y-diseno","8":"tag-arte","9":"tag-arte-y-diseno","10":"tag-arts","11":"tag-arts-and-design","12":"tag-design","13":"tag-diseno","14":"tag-entertainment","15":"tag-entretenimiento","16":"tag-es","17":"tag-espana","18":"tag-spain"},"share_on_mastodon":{"url":"","error":""},"_links":{"self":[{"href":"https:\/\/www.europesays.com\/es\/wp-json\/wp\/v2\/posts\/104050","targetHints":{"allow":["GET"]}}],"collection":[{"href":"https:\/\/www.europesays.com\/es\/wp-json\/wp\/v2\/posts"}],"about":[{"href":"https:\/\/www.europesays.com\/es\/wp-json\/wp\/v2\/types\/post"}],"author":[{"embeddable":true,"href":"https:\/\/www.europesays.com\/es\/wp-json\/wp\/v2\/users\/2"}],"replies":[{"embeddable":true,"href":"https:\/\/www.europesays.com\/es\/wp-json\/wp\/v2\/comments?post=104050"}],"version-history":[{"count":0,"href":"https:\/\/www.europesays.com\/es\/wp-json\/wp\/v2\/posts\/104050\/revisions"}],"wp:featuredmedia":[{"embeddable":true,"href":"https:\/\/www.europesays.com\/es\/wp-json\/wp\/v2\/media\/104051"}],"wp:attachment":[{"href":"https:\/\/www.europesays.com\/es\/wp-json\/wp\/v2\/media?parent=104050"}],"wp:term":[{"taxonomy":"category","embeddable":true,"href":"https:\/\/www.europesays.com\/es\/wp-json\/wp\/v2\/categories?post=104050"},{"taxonomy":"post_tag","embeddable":true,"href":"https:\/\/www.europesays.com\/es\/wp-json\/wp\/v2\/tags?post=104050"}],"curies":[{"name":"wp","href":"https:\/\/api.w.org\/{rel}","templated":true}]}}