{"id":104125,"date":"2025-09-09T20:58:12","date_gmt":"2025-09-09T20:58:12","guid":{"rendered":"https:\/\/www.europesays.com\/es\/104125\/"},"modified":"2025-09-09T20:58:12","modified_gmt":"2025-09-09T20:58:12","slug":"la-seleccion-espanola-junio-al-mundial-de-ciclismo-en-ruanda-con-ambicion-ciclismo","status":"publish","type":"post","link":"https:\/\/www.europesays.com\/es\/104125\/","title":{"rendered":"La Selecci\u00f3n Espa\u00f1ola j\u00fanio, al Mundial de ciclismo en Ruanda con ambici\u00f3n &#8211; Ciclismo"},"content":{"rendered":"<ol>\n<li><a href=\"https:\/\/news.google.com\/rss\/articles\/CBMiakFVX3lxTFBmXzdCMXdzOHNBUjJlQ2hVY2VGTjVUeGlfaVZ6UGhjdlZhWngyMTNDOFQ1ZGJMS0tlZUp2NEdSWjJJQ1U4SzFTOVNkUExGWVZOSXJ5Q0NNblc0ZkVtYnlqREhTQkVMUGdBa3c?oc=5\" target=\"_blank\" rel=\"nofollow noopener\">La Selecci\u00f3n Espa\u00f1ola j\u00fanio, al Mundial de ciclismo en Ruanda con ambici\u00f3n<\/a>&nbsp;&nbsp;Ciclismo<\/li>\n<li><a href=\"https:\/\/news.google.com\/rss\/articles\/CBMirAFBVV95cUxOMXBsMnE2QlhpaDlVSnFjZkJ6cVFSaWJuRXl0bUVoV0l3bF85SGIxZlk1NUFNaGIyNzhjazY0V09kQVNtMUJtTFNDMFBxRjJGYXpYT1dJNW1NZFZVWndvbURCOEVha09rbHh6M1FPcVdZUDFkeXJiaV9wMlhBRUdRU0hST0NydEs3cGNLVkdQbWtnMWVvczFqTXBnbVB0bnRfVFlMWm9CRVcwaFk30gGsAUFVX3lxTFBhV3ZVWmV3U283a3VlMzNLV29pdV9pSUJLaVRQU2NxbWlRcUZPbjZaVXNFZExSa2ZtSktxVTYxV2l3THItdUZJUUZEX192VWVsOThFX2Fjb3B3UUN3TEo2bmhlek1JZV9jWVJzc0ZFOFNWb09zTXN4SkpmRWtfRER6RDZiMGhmek5Na3liRHZUdUNNZWxsZjFJR3B0cFB3X1Jxb2Jzc09TT2d5S3E?oc=5\" target=\"_blank\" rel=\"nofollow noopener\">La selecci\u00f3n espa\u00f1ola j\u00fanior viaja al Mundial de Ruanda con el sue\u00f1o del arco\u00edris<\/a>&nbsp;&nbsp;MARCA<\/li>\n<li><a href=\"https:\/\/news.google.com\/rss\/articles\/CBMisAFBVV95cUxNR0tNZHdJSWtpdzB0Y19DaEwxVDhVNHhDOFo2TTNrV1NKOG8wclIwOEJCdU1IaE5sLXdMckJleVUtZXVoNkw1bzdfdUtkeXFBcF9vSzIzRHZBYllEZU1XVGk3bWRpc2RmMl9xLUd6SWJ1RFhsV0dvUWNLQlVtVnB3YVdtQnphcDljOWwwS0daQ1Rza1lMYlpLN2piVzl6NXcxVUFZZzdFOWh1bnlEZVZyONIBxAFBVV95cUxOc1lyNnJXRWlJNUxDeTNIdmxTYVlsb0JFOGVFbHhMejBjTko3MFVDbk81R1N2VC1vNFc1cUFWZUhZdDFnZ0tHay1vMFpETnpPTG1LZnVENGxtRmp5Y0U3enlKRlY5OWVCeGFfdUk4ODN2Wi1wSEV4cy1UNl9LUDNSRW9RU05zTllielBjWlVZUUcwdnBCR0Q5YWFpTTBlSFlBa2N2QkU5WFRRT1psc2xfem5QTU4tUTQ4UkR6QV9RSVFOblky?oc=5\" target=\"_blank\" rel=\"nofollow noopener\">Paula Ostiz y Benjamin Noval, las bazas junior de Espa\u00f1a en los Mundiales de Ciclismo<\/a>&nbsp;&nbsp;Diario AS<\/li>\n<li><a href=\"https:\/\/news.google.com\/rss\/articles\/CBMi2AFBVV95cUxOSE0xbjhpeWU3TU1SYklQejdLc2labzRiRHRCRjVMbGh1U25wdzcwUkltbzBqQnVtWGVoS3BOZ2NGZEtyWkpOeTdINzVKTjUxdlF1V3BOWlEyZk52VjNtbHJ1Zm55SnNoYkMwd0VzZVo1X2diaVlwNmVWWXhjV2ZhSUZ2bHVkbGtBUm9MR2kzLWMtSHNQV1lHNXozZkJBNF9fRTJLZEk2YnAxQ1Z2VTdBbktJcHZFNFhzLVoyN0Q2SE11MUZhd0Z5Z0xVeU5JWnNldzJGRm43RTTSAd4BQVVfeXFMTUtPM1JrdzFBZHhmeHZqU2Z0Z0E0WWdEMWp1ZTNOYkIxd19iTFVvM3FiTjVGMVdHcFZEa1VReTBKTUhvTnJUbjlSazRtTDA5RGNUbS1BeDNKNGd0R0pWZVpqalhmalVjMktuUFRjNUs0cW5VWU5mR3MxVXZfN3RlM3A5c3dMRkdmeHZUSFc5RnBTUHdsTm1hcUt1V2hlLUdPeE1YV2lZcTJwdkZ2X2VRQTFsaHFFWFF0T1drY3htUzRXQl90TFBaUmVhZ2NMdjJnZWE0bzI4ZWdwcVZzc3pB?oc=5\" target=\"_blank\" rel=\"nofollow noopener\">ACT. Suspendida la rueda de prensa de Valverde y Pascual para dar la lista para el Mundial de Ruanda<\/a>&nbsp;&nbsp;Teleprensa<\/li>\n<li><a href=\"https:\/\/news.google.com\/rss\/articles\/CBMibkFVX3lxTE1uRGtQc053N2pwYU45RXc5dEV2OHQ3UVVrOUc5YkpINmJDU2RRWjA2YVpLUkFFa2ZSRFdHN1ZwZGZUUWRHeUpsOC1Va015MGdMOGRmR1dkdEZ2emtXVmotZGFCUUN2UWRDdkpxOGVB?oc=5\" target=\"_blank\" rel=\"nofollow noopener\">Mundial Kigali: La preselecci\u00f3n de Espa\u00f1a<\/a>&nbsp;&nbsp;Ciclo21<\/li>\n<\/ol>\n","protected":false},"excerpt":{"rendered":"La Selecci\u00f3n Espa\u00f1ola j\u00fanio, al Mundial de ciclismo en Ruanda con ambici\u00f3n&nbsp;&nbsp;Ciclismo La selecci\u00f3n espa\u00f1ola j\u00fanior viaja al&hellip;\n","protected":false},"author":2,"featured_media":104126,"comment_status":"","ping_status":"","sticky":false,"template":"","format":"standard","meta":{"footnotes":""},"categories":[273],"tags":[5761,36307,15288,7264,35092,2230,313,2838,7716,36308,36309,15301,312,168,25,24,2501,874,4649,5229,3368,36306,1783,10666,5135,3013,29414,1078,23339,25063,2236,1988,23,167,3581,1079,6027],"class_list":{"0":"post-104125","1":"post","2":"type-post","3":"status-publish","4":"format-standard","5":"has-post-thumbnail","7":"category-ciclismo","8":"tag-acuden","9":"tag-africano","10":"tag-campeonato","11":"tag-capital","12":"tag-cat","13":"tag-celebrara","14":"tag-ciclismo","15":"tag-ciclistas","16":"tag-cita","17":"tag-combinado","18":"tag-consolidados","19":"tag-continente","20":"tag-cycling","21":"tag-deportes","22":"tag-es","23":"tag-espana","24":"tag-espanola","25":"tag-esta","26":"tag-femenino","27":"tag-historica","28":"tag-junior","29":"tag-kigali","30":"tag-la","31":"tag-masculino","32":"tag-motivo","33":"tag-mundo","34":"tag-preparada","35":"tag-primera","36":"tag-referentes","37":"tag-ruanda","38":"tag-ruta","39":"tag-seleccion","40":"tag-spain","41":"tag-sports","42":"tag-tanto","43":"tag-vez","44":"tag-viajar"},"share_on_mastodon":{"url":"","error":""},"_links":{"self":[{"href":"https:\/\/www.europesays.com\/es\/wp-json\/wp\/v2\/posts\/104125","targetHints":{"allow":["GET"]}}],"collection":[{"href":"https:\/\/www.europesays.com\/es\/wp-json\/wp\/v2\/posts"}],"about":[{"href":"https:\/\/www.europesays.com\/es\/wp-json\/wp\/v2\/types\/post"}],"author":[{"embeddable":true,"href":"https:\/\/www.europesays.com\/es\/wp-json\/wp\/v2\/users\/2"}],"replies":[{"embeddable":true,"href":"https:\/\/www.europesays.com\/es\/wp-json\/wp\/v2\/comments?post=104125"}],"version-history":[{"count":0,"href":"https:\/\/www.europesays.com\/es\/wp-json\/wp\/v2\/posts\/104125\/revisions"}],"wp:featuredmedia":[{"embeddable":true,"href":"https:\/\/www.europesays.com\/es\/wp-json\/wp\/v2\/media\/104126"}],"wp:attachment":[{"href":"https:\/\/www.europesays.com\/es\/wp-json\/wp\/v2\/media?parent=104125"}],"wp:term":[{"taxonomy":"category","embeddable":true,"href":"https:\/\/www.europesays.com\/es\/wp-json\/wp\/v2\/categories?post=104125"},{"taxonomy":"post_tag","embeddable":true,"href":"https:\/\/www.europesays.com\/es\/wp-json\/wp\/v2\/tags?post=104125"}],"curies":[{"name":"wp","href":"https:\/\/api.w.org\/{rel}","templated":true}]}}