{"id":104156,"date":"2025-09-09T21:15:19","date_gmt":"2025-09-09T21:15:19","guid":{"rendered":"https:\/\/www.europesays.com\/es\/104156\/"},"modified":"2025-09-09T21:15:19","modified_gmt":"2025-09-09T21:15:19","slug":"manueco-sobre-el-consejero-de-medio-ambiente-de-castilla-y-leon-cuestionado-por-los-incendios-si-le-apoyo","status":"publish","type":"post","link":"https:\/\/www.europesays.com\/es\/104156\/","title":{"rendered":"Ma\u00f1ueco, sobre el consejero de Medio Ambiente de Castilla y Le\u00f3n cuestionado por los incendios: \u00abS\u00ed, le apoyo\u00bb"},"content":{"rendered":"<p class=\"article-text\">\n        El presidente de la Junta de Castilla y Le\u00f3n, Alfonso Fern\u00e1ndez Ma\u00f1ueco, ha vuelto a defender la gesti\u00f3n de su consejero de Medio Ambiente, Juan Carlos Su\u00e1rez-Qui\u00f1ones. Esta vez lo ha hecho tras la pregunta de control al Ejecutivo del procurador del Grupo Mixto, Francisco Igea, en el primer Pleno ordinario tras los incendios del mes de agosto. Con un \u201cs\u00ed, le apoyo\u201d ha contestado al que fuera su exvicepresidente que ha cuestionado, adem\u00e1s, si \u00e9ste va a ser candidato por Le\u00f3n en las pr\u00f3ximas elecciones auton\u00f3micas.\n    <\/p>\n<p class=\"article-text\">\n        \u201cPuede besar a la novia\u201d, ha ironizado Igea para, a continuaci\u00f3n, se\u00f1alar c\u00f3mo Ma\u00f1ueco ha defendido a su consejero pesar de \u201cimponerle\u201d como candidato \u201ccuando dec\u00eda la administraci\u00f3n soy yo\u201d. Para Igea, Su\u00e1rez-Qui\u00f1ones sigue \u201cporque tiene mucho que callar\u201d. \u201cUsted y el se\u00f1or Qui\u00f1ones son exactamente u\u00f1a y mugre\u201d, ha apostillado.\n    <\/p>\n<p class=\"article-text\">\n        \u201cNo lo pasa ni por el c\u00f3digo \u00e9tico cuando trabaja para empresarios que contratan a su hijo, y usted ni siquiera se lo ha afeado. Usted mantiene al consejero para desacreditarlo y para que cuando hable su palabra no tenga valor. Usted es un especialista en eso. No hay nadie como usted picando carne en su partido y en su gobierno\u201d, ha se\u00f1alado Igea.\n    <\/p>\n<p class=\"article-text\">\n        Ma\u00f1ueco ha sido escueto en su respuesta: \u201cReitero mi completo respaldo al operativo desde el primero hasta el \u00faltimo de los que componen. Y por \u00faltimo, se\u00f1or\u00eda, sup\u00e9relo -el cese como vicepresidente en diciembre de 2021-. Ya han pasado cuatro a\u00f1os. Sup\u00e9relo, se lo recomendamos todos. En primer lugar, las personas que le quieren\u201d, ha concluido el presidente de la Junta.\n    <\/p>\n<p class=\"article-text\">\n        El pleno ha avanzado con las peticiones de PSOE, miembros del Grupo Mixto y Soria Ya del cese o dimisi\u00f3n de Su\u00e1rez-Qui\u00f1ones. El consejero ha hablado en p\u00fablico <a href=\"https:\/\/ileon.eldiario.es\/castilla-y-leon\/quinones-reaparecera-28-dias-silencio-peores-incendios-historia-castilla-leon_1_12586985.html\" target=\"_blank\" data-mrf-recirculation=\"links-noticia\" class=\"link\" rel=\"nofollow noopener\">despu\u00e9s de 28 d\u00edas en silencio<\/a> tras los incendios.\n    <\/p>\n<p>    G\u00f3mez Urban (PSOE) pide a Ma\u00f1ueco que anteponga Castilla y Le\u00f3n \u201cante todo y ante todos\u201d<\/p>\n<p class=\"article-text\">\n        Por parte del Grupo Socialista, la portavoz Patricia G\u00f3mez Urban, ha instado a Ma\u00f1ueco a que anteponga \u201cante todo y ante todos\u201d a Castilla y Le\u00f3n y ha afeado que vaya a llevar a cabo una \u201creconstrucci\u00f3n\u201d de la Comunidad sin unos presupuestos, con un consejero \u201cdeslegitimado\u201d y con un presidente \u201causente\u201d. \u201cNo puede seguir ni un minuto m\u00e1s\u201d, ha aseverado la procuradora sobre Qui\u00f1ones.\n    <\/p>\n<p class=\"article-text\">\n        El l\u00edder del Ejecutivo auton\u00f3mico ha afeado al PSOE que quiera sacar \u201cventajismo pol\u00edtico\u201d de los incendios y ha invitado a la oposici\u00f3n a sentarse para negociar unos presupuestos para 2026 ante los reproches de falta de una financiaci\u00f3n de cara a 2026.\n    <\/p>\n<p class=\"article-text\">\n        G\u00f3mez Urban ha reprochado a Ma\u00f1ueco que solo sea \u201cleal\u201d con el presidente nacional del Partido Popular, Alberto N\u00fa\u00f1ez Feij\u00f3o, mientras \u201cle conviene\u201d. \u201cCastilla y Le\u00f3n ya no conf\u00eda en usted, demasiados enga\u00f1os y desidia\u201d, ha se\u00f1alado.\n    <\/p>\n<p class=\"article-text\">\n        La condonaci\u00f3n de deuda auton\u00f3mica ha centrado parte el choque entre la portavoz socialista y el presidente de la Junta. G\u00f3mez Urban ha afeado que Ma\u00f1ueco no quiera una quita de deuda para destinarlos a mejorar servicios p\u00fablicos y dotar de m\u00e1s medios, el l\u00edder del Ejecutivo auton\u00f3mico ha indicado que la \u201c\u00fanica\u201d deuda que \u201cpesa como una losa\u201d para Castilla y Le\u00f3n y Espa\u00f1a son \u201clos pactos vergonzosos y vergonzantes de S\u00e1nchez con sus socios separatistas\u201d. \u201cEs una cuesti\u00f3n que nos indigna a todos\u201d, ha remachado.\n    <\/p>\n<p>    Soria Ya afea a Ma\u00f1ueco que no considerase los incendios como prioridad<\/p>\n<p class=\"article-text\">\n        El procurador de Soria Ya, \u00c1ngel Ce\u00f1a, ha comparado la gesti\u00f3n de Ma\u00f1ueco con el capit\u00e1n del Titanic y ha afeado que no haya querido escuchar las peticiones para mejorar el operativo de prevenci\u00f3n y extinci\u00f3n de incendios forestales por \u201carrogancia\u201d a pesar de los incendios de 2021 y 2022 en \u00c1vila y Zamora.\n    <\/p>\n<p class=\"article-text\">\n        Ce\u00f1a ha afeado al presidente de la Junta que calificara en noviembre de 2023 como \u201ctema menor\u201d y no tener \u201cprioridad pol\u00edtica\u201d la extinci\u00f3n de incendios. Asimismo, tambi\u00e9n ha pedido los ceses del consejero de Medio Ambiente y del director general de Patrimonio Natural y Pol\u00edtica Forestal, Jos\u00e9 \u00c1ngel Arranz, y  ha preguntado qu\u00e9 va a hacer la Junta para que en 2026 no vuelva a pasar lo mismo\n    <\/p>\n<p class=\"article-text\">\n        Fern\u00e1ndez Ma\u00f1ueco se ha enrocado, como tambi\u00e9n ha hecho m\u00e1s adelante el consejero en sus respuestas, en la dificultad de los incendios y el esfuerzo de la Junta en inversi\u00f3n y en mejorar las condiciones laborales de los trabajadores del operativo.\n    <\/p>\n<p>    Hierro (Vox), a Ma\u00f1ueco:  \u201cUsted va a ser la principal v\u00edctima de sus estafas\u201d<\/p>\n<p class=\"article-text\">\n        El portavoz de Vox en las Cortes de Castilla y Le\u00f3n, David Hierro, ha se\u00f1alado la \u201cincompetencia y la indolencia\u201d del Gobierno de Ma\u00f1ueco y ha ejemplificado en que Ma\u00f1ueco no ha dicho \u201cni mu\u201d sobre los aranceles que China ha anunciado al porcino adem\u00e1s de no tener en cuenta preocupaciones de los ciudadanos como \u201cla vivienda\u201d, \u201cla inseguridad ciudadana\u201d o \u201cla vivienda\u201d.\n    <\/p>\n<p class=\"article-text\">\n        Hierro ha recordado que el PP arranca en Castilla y Le\u00f3n un curso pol\u00edtico teniendo que hacer frente a \u201cuna querella\u201d por la gesti\u00f3n de los incendios forestales. \u201cUsted va a ser la principal v\u00edctima de sus estafas, mentiras, indolencia y prepotencia\u201d ha indicado el procurador para recordar que el Ejecutivo de Ma\u00f1ueco carece de \u201cpresupuestos, da\u00f1ando la imagen de Castilla y Le\u00f3n y rodeado de corrupci\u00f3n\u201d, esto \u00faltimo en referencia por el juicio de la Trama E\u00f3lica que va a comenzar el 15 de septiembre.\n    <\/p>\n<p>    <a href=\"https:\/\/ileon.eldiario.es\/castilla-y-leon\/quinones-justifica-incendios-castilla-leon-veces-inextinguibles-inabordables-imposibles_1_12590150.html\" data-mrf-recirculation=\"saber-mas-abajo\" data-dl-event=\"saber-mas-abajo\" rel=\"nofollow noopener\" target=\"_blank\"><\/p>\n<p class=\"know-more__title\">Qui\u00f1ones se justifica: \u201cLos incendios de Castilla y Le\u00f3n fueron muchas veces inextinguibles, inabordables, imposibles\u201d\n<\/p>\n<p>            <img decoding=\"async\" class=\"lazy\" loading=\"lazy\" data-src=\"https:\/\/static.eldiario.es\/clip\/b0bc891b-946e-4b86-be12-4b22c32e8514_16-9-aspect-ratio_default_0_x3045y1645.jpg\" src=\"data:image\/svg+xml,%3Csvg xmlns=\" http:=\"\" viewbox=\"0 0 880 495\" alt=\"Qui\u00f1ones, ante la petici\u00f3n masiva de dimisi\u00f3n: &quot;Mi responsabilidad es el trabajo, no el abandono ni la huida&quot;\"\/><\/p>\n<p>                        <\/a><\/p>\n<p class=\"article-text\">\n        Ma\u00f1ueco ha replicado a Hierro que su partido se est\u00e1 centrando en atacar al PP convirti\u00e9ndose en la \u201cmuleta\u201d de Pedro S\u00e1nchez. \u201cSi quieren seguir siendo la muleta del sanchismo en Castilla y Le\u00f3n, tanto a ustedes como a Abascal, m\u00e1s preocupados de atacar al PP que en echar a S\u00e1nchez\u201d, ha afirmado el presidente de la Junta.\n    <\/p>\n","protected":false},"excerpt":{"rendered":"El presidente de la Junta de Castilla y Le\u00f3n, Alfonso Fern\u00e1ndez Ma\u00f1ueco, ha vuelto a defender la gesti\u00f3n&hellip;\n","protected":false},"author":2,"featured_media":104157,"comment_status":"","ping_status":"","sticky":false,"template":"","format":"standard","meta":{"footnotes":""},"categories":[5],"tags":[4952,6635,17,18,4107,13293,36314,25,24,13,14,11,4342,19,20,3294,4108,20080,697,9,10,15,16,688,23,12,21,22],"class_list":{"0":"post-104156","1":"post","2":"type-post","3":"status-publish","4":"format-standard","5":"has-post-thumbnail","7":"category-titulares","8":"tag-ambiente","9":"tag-apoyo","10":"tag-breaking-news","11":"tag-breakingnews","12":"tag-castilla","13":"tag-consejero","14":"tag-cuestionado","15":"tag-es","16":"tag-espana","17":"tag-featured-news","18":"tag-featurednews","19":"tag-headlines","20":"tag-incendios","21":"tag-latest-news","22":"tag-latestnews","23":"tag-le","24":"tag-leon","25":"tag-manueco","26":"tag-medio","27":"tag-news","28":"tag-noticias","29":"tag-noticias-destacadas","30":"tag-noticiasdestacadas","31":"tag-si","32":"tag-spain","33":"tag-titulares","34":"tag-ultimas-noticias","35":"tag-ultimasnoticias"},"share_on_mastodon":{"url":"","error":""},"_links":{"self":[{"href":"https:\/\/www.europesays.com\/es\/wp-json\/wp\/v2\/posts\/104156","targetHints":{"allow":["GET"]}}],"collection":[{"href":"https:\/\/www.europesays.com\/es\/wp-json\/wp\/v2\/posts"}],"about":[{"href":"https:\/\/www.europesays.com\/es\/wp-json\/wp\/v2\/types\/post"}],"author":[{"embeddable":true,"href":"https:\/\/www.europesays.com\/es\/wp-json\/wp\/v2\/users\/2"}],"replies":[{"embeddable":true,"href":"https:\/\/www.europesays.com\/es\/wp-json\/wp\/v2\/comments?post=104156"}],"version-history":[{"count":0,"href":"https:\/\/www.europesays.com\/es\/wp-json\/wp\/v2\/posts\/104156\/revisions"}],"wp:featuredmedia":[{"embeddable":true,"href":"https:\/\/www.europesays.com\/es\/wp-json\/wp\/v2\/media\/104157"}],"wp:attachment":[{"href":"https:\/\/www.europesays.com\/es\/wp-json\/wp\/v2\/media?parent=104156"}],"wp:term":[{"taxonomy":"category","embeddable":true,"href":"https:\/\/www.europesays.com\/es\/wp-json\/wp\/v2\/categories?post=104156"},{"taxonomy":"post_tag","embeddable":true,"href":"https:\/\/www.europesays.com\/es\/wp-json\/wp\/v2\/tags?post=104156"}],"curies":[{"name":"wp","href":"https:\/\/api.w.org\/{rel}","templated":true}]}}