{"id":104164,"date":"2025-09-09T21:21:07","date_gmt":"2025-09-09T21:21:07","guid":{"rendered":"https:\/\/www.europesays.com\/es\/104164\/"},"modified":"2025-09-09T21:21:07","modified_gmt":"2025-09-09T21:21:07","slug":"neutralizan-la-etapa-16-de-la-vuelta-a-8-km-del-final-por-las-protestas-por-gaza","status":"publish","type":"post","link":"https:\/\/www.europesays.com\/es\/104164\/","title":{"rendered":"Neutralizan la etapa 16 de La Vuelta a 8 km del final por las protestas por Gaza"},"content":{"rendered":"<p>La decimosexta etapa de <b>La Vuelta Ciclista a Espa\u00f1a<\/b>, que se disputa este martes entre Poio y Mos Castro de Herville (Galicia), <b>ha sido neutralizada a 8 km de meta<\/b> <b>a causa de las protestas por Gaza<\/b> que se han producido por la participaci\u00f3n del equipo Israel\u2013Premier Tech en la ronda ciclista.\u00a0<\/p>\n<p>Cientos de personas han secundado las protestas convocadas por el colectivo Galiza por Palestina para denunciar la invasi\u00f3n militar de Israel en el territorio ocupado de Gaza y la agentes de la Guardia Civil y Polic\u00eda Nacional han intervenido con cargas e identificaciones.<\/p>\n<p>En el alto de San Cosme se han concentrado numerosas personas impidiendo el paso de la comitiva lo que ha provocado momentos de tensi\u00f3n entre las fuerzas de seguridad y los manifestantes.<\/p>\n<p>En Pontevedra, donde la convocatoria ha tenido mayor respaldo, los manifestantes se han concentrado en dos puntos que han estado plagados de banderas palestinas. Al paso de la caravana ciclista se han escuchado gritos como \u00abNo es una guerra, es un genocidio\u00bb o \u00abIsrael asesina, La Vuelta patrocina\u201d.<\/p>\n<p>Las fuerzas de seguridad tambi\u00e9n han tenido que retirar un \u00e1rbol atravesado en la carretera en el ascenso al Alto de Groba.<\/p>\n<p>Finalmente, la direcci\u00f3n de La Vuelta ha decidido cortar la etapa y decidir el ganador y los tiempos para la clasificaci\u00f3n a 8 kil\u00f3metros de la l\u00ednea de meta, debido a \u201cuna protesta que est\u00e1 bloqueando la carrera\u201d.<\/p>\n","protected":false},"excerpt":{"rendered":"La decimosexta etapa de La Vuelta Ciclista a Espa\u00f1a, que se disputa este martes entre Poio y Mos&hellip;\n","protected":false},"author":2,"featured_media":104165,"comment_status":"","ping_status":"","sticky":false,"template":"","format":"standard","meta":{"footnotes":""},"categories":[273],"tags":[313,312,168,25,24,1256,76,492,23,167],"class_list":{"0":"post-104164","1":"post","2":"type-post","3":"status-publish","4":"format-standard","5":"has-post-thumbnail","7":"category-ciclismo","8":"tag-ciclismo","9":"tag-cycling","10":"tag-deportes","11":"tag-es","12":"tag-espana","13":"tag-franja-de-gaza","14":"tag-palestina","15":"tag-sociedad","16":"tag-spain","17":"tag-sports"},"share_on_mastodon":{"url":"","error":""},"_links":{"self":[{"href":"https:\/\/www.europesays.com\/es\/wp-json\/wp\/v2\/posts\/104164","targetHints":{"allow":["GET"]}}],"collection":[{"href":"https:\/\/www.europesays.com\/es\/wp-json\/wp\/v2\/posts"}],"about":[{"href":"https:\/\/www.europesays.com\/es\/wp-json\/wp\/v2\/types\/post"}],"author":[{"embeddable":true,"href":"https:\/\/www.europesays.com\/es\/wp-json\/wp\/v2\/users\/2"}],"replies":[{"embeddable":true,"href":"https:\/\/www.europesays.com\/es\/wp-json\/wp\/v2\/comments?post=104164"}],"version-history":[{"count":0,"href":"https:\/\/www.europesays.com\/es\/wp-json\/wp\/v2\/posts\/104164\/revisions"}],"wp:featuredmedia":[{"embeddable":true,"href":"https:\/\/www.europesays.com\/es\/wp-json\/wp\/v2\/media\/104165"}],"wp:attachment":[{"href":"https:\/\/www.europesays.com\/es\/wp-json\/wp\/v2\/media?parent=104164"}],"wp:term":[{"taxonomy":"category","embeddable":true,"href":"https:\/\/www.europesays.com\/es\/wp-json\/wp\/v2\/categories?post=104164"},{"taxonomy":"post_tag","embeddable":true,"href":"https:\/\/www.europesays.com\/es\/wp-json\/wp\/v2\/tags?post=104164"}],"curies":[{"name":"wp","href":"https:\/\/api.w.org\/{rel}","templated":true}]}}