{"id":104168,"date":"2025-09-09T21:23:03","date_gmt":"2025-09-09T21:23:03","guid":{"rendered":"https:\/\/www.europesays.com\/es\/104168\/"},"modified":"2025-09-09T21:23:03","modified_gmt":"2025-09-09T21:23:03","slug":"baloncesto-casademont-zaragoza-la-previa-del-casademont-zaragoza-valencia-un-rival-de-altura-para-pillar-sensaciones","status":"publish","type":"post","link":"https:\/\/www.europesays.com\/es\/104168\/","title":{"rendered":"Baloncesto | Casademont Zaragoza | La previa del Casademont Zaragoza-Valencia: Un rival de altura para pillar sensaciones"},"content":{"rendered":"<p class=\"ft-text\"><strong>El Casademont Zaragoza <\/strong>sigue preparando la nueva temporada y <strong>afronta este mi\u00e9rcoles (19.00 horas) su segundo test de pretemporada con la disputa del ya tradicional Memorial Pepe Lanzuela frente al Valencia Basket<\/strong> en el Pabell\u00f3n de los Planos (Teruel). Los de Jes\u00fas Ram\u00edrez cayeron el pasado domingo en el encuentro inicial de la preparaci\u00f3n ante el Tenerife (73-85) y este duelo tiene que servir para que los jugadores se sigan adaptando al juego que les pide el entrenador.<\/p>\n<p class=\"ft-text\">Para ese encuentro contra el equipo insular, <strong>Ram\u00edrez recuper\u00f3 a la mayor parte de sus efectivos, aunque Bell-Haynes no cont\u00f3 con minutos en el partido<\/strong>, pero lo m\u00e1s previsible es que tras haber descansado pueda disputar sus primeros minutos baj\u00f3 las \u00f3rdenes del t\u00e9cnico catal\u00e1n y <strong>el jugador que tambi\u00e9n puede debutar ser\u00e1 Santi Yusta<\/strong>, ya que el capit\u00e1n se ha incorporado con el equipo despu\u00e9s de su participaci\u00f3n en el Eurobasket. <strong>La \u00fanica baja segura para este duelo ser\u00e1 Marco Spissu<\/strong>, que pese a que Italia ha ca\u00eddo eliminado del torneo, no ha vuelto todav\u00eda a los entrenamientos.<\/p>\n<p class=\"ft-text\">Pese a que el Casademont solo lleva un partido con Ram\u00edrez en el banquillo, ese amistoso dejo visos prometedores sobre lo que puede ser el equipo aragon\u00e9s esta temporada. S<strong>e vio a un equipo m\u00e1s f\u00edsico con Stephens y Robinson<\/strong> predominando en ese aspecto, y tanto Joaqu\u00edn Rodr\u00edguez como Stevenson mostraron sus armas desde el tiro exterior, ambos fueron de lo mejor del equipo en este encuentro inicial. Eso s\u00ed, f<strong>altaban dos piezas important\u00edsimas de este conjunto como son Bell-Haynes y Santi Yusta,<\/strong> que se les presupone como los l\u00edderes de la plantilla y cuando empiecen a tener minutos su presencia en la cancha deber\u00eda subir el nivel, respecto a las primeras impresiones del conjunto aragon\u00e9s.<\/p>\n<p class=\"ft-text\">Por su parte, <strong>el Valencia Basket tambi\u00e9n cay\u00f3 en su estreno de la pretemporada contra el UCAM Murcia (92-85),<\/strong> aunque Pedro Mart\u00ednez, entrenador del equipo, <strong>solo pudo contar con ocho jugadores de la primera plantilla<\/strong> y para cuatro de ellos (Kameron Taylor, Omari Moore, Neal Sako e Isaac Nogu\u00e9s-Gonz\u00e1lez) fue su debut con la camiseta taronja. Por lo que el t\u00e9cnico del conjunto valenciano no dispuso de sus efectivos m\u00e1s importantes para el primer duelo de su preparaci\u00f3n.<\/p>\n<p class=\"ft-text\">La mejor noticia para Pedro Mart\u00ednez es que<strong> los internacionales espa\u00f1oles<\/strong> (Josep Puerto, el aragon\u00e9s Jaime Pradilla, Xabi L\u00f3pez-Arostegui, Sergio De Larrea y Yankuba Sima) <strong>ya est\u00e1n de vuelta en los entrenamientos <\/strong>despu\u00e9s de su participaci\u00f3n en el Eurobasket. Aunque tendr\u00e1 <strong>dos bajas aseguradas,<\/strong> debido a que <strong>Darius Thompson<\/strong> no se ha reincorporado con el equipo despu\u00e9s de la eliminaci\u00f3n de Italia y <strong>Nate Reuvers<\/strong> no est\u00e1 recuperado al 100% de sus molestias en el tobillo.<\/p>\n<p class=\"ft-text\">Debido a las bajas con las que cuenta, el entrenador del conjunto valenciano vuelve a llevarse a cuatro jugadores de la cantera para este encuentro (Jorge Carot, \u00c1lex Blanco, Tomas Talcis y Valerio-Bodon) que ya tuvieron minutos en el primer duelo de la pretemporada.<\/p>\n","protected":false},"excerpt":{"rendered":"El Casademont Zaragoza sigue preparando la nueva temporada y afronta este mi\u00e9rcoles (19.00 horas) su segundo test de&hellip;\n","protected":false},"author":2,"featured_media":104169,"comment_status":"","ping_status":"","sticky":false,"template":"","format":"standard","meta":{"footnotes":""},"categories":[269],"tags":[299,298,2511,5369,168,25,24,22611,6260,23,167,235,2916,491],"class_list":{"0":"post-104168","1":"post","2":"type-post","3":"status-publish","4":"format-standard","5":"has-post-thumbnail","7":"category-baloncesto","8":"tag-baloncesto","9":"tag-basketball","10":"tag-casademont","11":"tag-casademont-zaragoza","12":"tag-deportes","13":"tag-es","14":"tag-espana","15":"tag-previa","16":"tag-rival","17":"tag-spain","18":"tag-sports","19":"tag-valencia","20":"tag-valencia-basket","21":"tag-zaragoza"},"share_on_mastodon":{"url":"","error":""},"_links":{"self":[{"href":"https:\/\/www.europesays.com\/es\/wp-json\/wp\/v2\/posts\/104168","targetHints":{"allow":["GET"]}}],"collection":[{"href":"https:\/\/www.europesays.com\/es\/wp-json\/wp\/v2\/posts"}],"about":[{"href":"https:\/\/www.europesays.com\/es\/wp-json\/wp\/v2\/types\/post"}],"author":[{"embeddable":true,"href":"https:\/\/www.europesays.com\/es\/wp-json\/wp\/v2\/users\/2"}],"replies":[{"embeddable":true,"href":"https:\/\/www.europesays.com\/es\/wp-json\/wp\/v2\/comments?post=104168"}],"version-history":[{"count":0,"href":"https:\/\/www.europesays.com\/es\/wp-json\/wp\/v2\/posts\/104168\/revisions"}],"wp:featuredmedia":[{"embeddable":true,"href":"https:\/\/www.europesays.com\/es\/wp-json\/wp\/v2\/media\/104169"}],"wp:attachment":[{"href":"https:\/\/www.europesays.com\/es\/wp-json\/wp\/v2\/media?parent=104168"}],"wp:term":[{"taxonomy":"category","embeddable":true,"href":"https:\/\/www.europesays.com\/es\/wp-json\/wp\/v2\/categories?post=104168"},{"taxonomy":"post_tag","embeddable":true,"href":"https:\/\/www.europesays.com\/es\/wp-json\/wp\/v2\/tags?post=104168"}],"curies":[{"name":"wp","href":"https:\/\/api.w.org\/{rel}","templated":true}]}}