{"id":104211,"date":"2025-09-09T21:47:08","date_gmt":"2025-09-09T21:47:08","guid":{"rendered":"https:\/\/www.europesays.com\/es\/104211\/"},"modified":"2025-09-09T21:47:08","modified_gmt":"2025-09-09T21:47:08","slug":"el-fan-local-que-entona-su-cancion-a-mas-de-12-000-kilometros-de-bilbao","status":"publish","type":"post","link":"https:\/\/www.europesays.com\/es\/104211\/","title":{"rendered":"el fan local que entona su canci\u00f3n a m\u00e1s de 12.000 kil\u00f3metros de Bilbao"},"content":{"rendered":"<p>\n        <a href=\"https:\/\/www.deia.eus\/tags\/dani-vivian\/\" title=\"Dani Vivian\" class=\"link copy\" rel=\"nofollow noopener\" target=\"_blank\"><strong>Dani Vivian<\/strong><\/a><strong> ha llegado a Indonesia<\/strong>. Pero <strong>no lo ha hecho de manera f\u00edsica<\/strong>, ha sido su m\u00edtica canci\u00f3n la que ha aterrizado en las islas Gili, del pa\u00eds asi\u00e1tico. En un v\u00eddeo grabado y hecho p\u00fablico en redes sociales por tres j\u00f3venes que se han ido un mes de aventura por el sudeste asi\u00e1tico, <strong>se ve a un residente de Indonesia cantando la canci\u00f3n creada para el central rojiblanco.<\/strong>\n<\/p>\n<p class=\"article-body__text \">\n        <strong>\u00abY si te chocas con Dani <\/strong><strong>pal <\/strong><strong>hospital<\/strong>\u00ab, repite en dos ocasiones haci\u00e9ndose \u00e9l mismo los coros mientras las j\u00f3venes graban el momento. \u00ab<strong>Dani Vivian, \u00a1teniente!<\/strong>\u00ab, finaliza. \u00abS\u00ed hombre, qu\u00e9 padre\u00bb, comenta un athleticzale en la publicaci\u00f3n que acumula m\u00e1s de 175.000 visualizaciones y m\u00e1s de 21.000 &#8216;me gusta&#8217; en TikTok, el v\u00eddeo m\u00e1s visto de la cuenta hasta la fecha.\n<\/p>\n<p class=\"article-body__text \">\n        Incluso hay quien en los comentarios del v\u00eddeo tambi\u00e9n se anima a hacerle los coros: \u00abYo no soy delantero, yo soy central&#8230;\u00bb. <strong>Una publicaci\u00f3n a la que el Athletic ha contestado con dos emoticonos: un coraz\u00f3n rojo y una cara graciosa con la lengua fuera.<\/strong><\/p>\n","protected":false},"excerpt":{"rendered":"Dani Vivian ha llegado a Indonesia. Pero no lo ha hecho de manera f\u00edsica, ha sido su m\u00edtica&hellip;\n","protected":false},"author":2,"featured_media":104212,"comment_status":"","ping_status":"","sticky":false,"template":"","format":"standard","meta":{"footnotes":""},"categories":[268],"tags":[36328,1996,168,25,24,12725,8470,280,282,12606,2552,281,23,167,36327],"class_list":{"0":"post-104211","1":"post","2":"type-post","3":"status-publish","4":"format-standard","5":"has-post-thumbnail","7":"category-futbol","8":"tag-canta","9":"tag-dani","10":"tag-deportes","11":"tag-es","12":"tag-espana","13":"tag-famoso","14":"tag-fan","15":"tag-football","16":"tag-futbol","17":"tag-indonesia","18":"tag-local","19":"tag-soccer","20":"tag-spain","21":"tag-sports","22":"tag-vivian"},"share_on_mastodon":{"url":"","error":""},"_links":{"self":[{"href":"https:\/\/www.europesays.com\/es\/wp-json\/wp\/v2\/posts\/104211","targetHints":{"allow":["GET"]}}],"collection":[{"href":"https:\/\/www.europesays.com\/es\/wp-json\/wp\/v2\/posts"}],"about":[{"href":"https:\/\/www.europesays.com\/es\/wp-json\/wp\/v2\/types\/post"}],"author":[{"embeddable":true,"href":"https:\/\/www.europesays.com\/es\/wp-json\/wp\/v2\/users\/2"}],"replies":[{"embeddable":true,"href":"https:\/\/www.europesays.com\/es\/wp-json\/wp\/v2\/comments?post=104211"}],"version-history":[{"count":0,"href":"https:\/\/www.europesays.com\/es\/wp-json\/wp\/v2\/posts\/104211\/revisions"}],"wp:featuredmedia":[{"embeddable":true,"href":"https:\/\/www.europesays.com\/es\/wp-json\/wp\/v2\/media\/104212"}],"wp:attachment":[{"href":"https:\/\/www.europesays.com\/es\/wp-json\/wp\/v2\/media?parent=104211"}],"wp:term":[{"taxonomy":"category","embeddable":true,"href":"https:\/\/www.europesays.com\/es\/wp-json\/wp\/v2\/categories?post=104211"},{"taxonomy":"post_tag","embeddable":true,"href":"https:\/\/www.europesays.com\/es\/wp-json\/wp\/v2\/tags?post=104211"}],"curies":[{"name":"wp","href":"https:\/\/api.w.org\/{rel}","templated":true}]}}