{"id":104215,"date":"2025-09-09T21:49:09","date_gmt":"2025-09-09T21:49:09","guid":{"rendered":"https:\/\/www.europesays.com\/es\/104215\/"},"modified":"2025-09-09T21:49:09","modified_gmt":"2025-09-09T21:49:09","slug":"banksy-regresa-a-londres-con-un-mural-en-el-que-un-juez-golpea-a-un-manifestante-tirado-en-el-suelo-cultura","status":"publish","type":"post","link":"https:\/\/www.europesays.com\/es\/104215\/","title":{"rendered":"Banksy regresa a Londres con un mural en el que un juez golpea a un manifestante tirado en el suelo | Cultura"},"content":{"rendered":"<p class=\"\">En la principal sede judicial de Londres, un juez golpea a un manifestante tirado en el suelo. Banksy lo ha hecho de nuevo. Se trata de un mural que el misterioso artista callejero ha estampado este lunes en los Reales Tribunales de Justicia de la capital brit\u00e1nica. La obra llega en plena pol\u00e9mica por la <a href=\"https:\/\/elpais.com\/internacional\/2023-10-31\/starmer-se-enfrenta-a-una-crisis-interna-en-el-partido-laborista-por-su-alineamiento-con-israel.html\" target=\"_self\" rel=\"nofollow noopener\" title=\"https:\/\/elpais.com\/internacional\/2023-10-31\/starmer-se-enfrenta-a-una-crisis-interna-en-el-partido-laborista-por-su-alineamiento-con-israel.html\">escalada de detenciones vinculadas al grupo Acci\u00f3n Palestina, ilegalizado por el Gobierno<\/a>. El juez, ataviado con toga y peluca, azota al manifestante, que porta una pancarta aparentemente manchada de sangre. La pintura ha quedado cubierta a lo largo de la ma\u00f1ana, seg\u00fan la radiotelevisi\u00f3n p\u00fablica BBC. Pero ya hab\u00eda sido fotografiada.<\/p>\n<p class=\"\">La pintura se hizo viral en redes sociales. El misterioso artista callejero reivindic\u00f3 en su cuenta de Instagram la autor\u00eda de la imagen. Ni el mural ni la publicaci\u00f3n aluden a una situaci\u00f3n concreta. Pero coincide con la pol\u00e9mica abierta en Reino Unido por <a href=\"https:\/\/elpais.com\/internacional\/2025-06-23\/el-gobierno-de-starmer-aplicara-la-ley-antiterrorista-a-una-organizacion-propalestina.html\" target=\"_self\" rel=\"nofollow noopener\" title=\"https:\/\/elpais.com\/internacional\/2025-06-23\/el-gobierno-de-starmer-aplicara-la-ley-antiterrorista-a-una-organizacion-propalestina.html\">la represi\u00f3n de las protestas en apoyo de Acci\u00f3n Palestina, apenas unos d\u00edas despu\u00e9s de que unas 900 personas fueran detenidas<\/a> en una de estas concentraciones. Frente a la obra de Banksy permanecen dos vigilantes de seguridad, vallas met\u00e1licas y dos paneles negros.<\/p>\n<p>M\u00e1s informaci\u00f3n<\/p>\n<p class=\"\">Banksy vuelve a actuar despu\u00e9s de que el pasado 30 de mayo apareciera <a href=\"https:\/\/elpais.com\/cultura\/2025-05-30\/banksy-publica-su-nueva-obra-de-arte-urbano-sin-revelar-su-ubicacion-exacta.html\" target=\"_self\" rel=\"nofollow noopener\" title=\"https:\/\/elpais.com\/cultura\/2025-05-30\/banksy-publica-su-nueva-obra-de-arte-urbano-sin-revelar-su-ubicacion-exacta.html\">una de sus obras en Marsella (Francia)<\/a>. Ahora regresa a la capital brit\u00e1nica despu\u00e9s de crear en agosto de 2024 nueve obras de tem\u00e1tica animal, entre ellas la famosa garita de Polic\u00eda situada en la City (distrito financiero) y reconvertida en un tanque de pira\u00f1as.<\/p>\n<p><img alt=\"Manifestantes discuten con la polic\u00eda durante una protesta en apoyo al grupo Acci\u00f3n Palestina, el pasado 6 de septiembre en Londres.\" decoding=\"auto\" class=\"_re lazyload a_m-h\" height=\"276\"  width=\"414\"  src=\"https:\/\/www.europesays.com\/es\/wp-content\/uploads\/2025\/09\/26EIIKX2SVAHXBTWCFZ37S4VHM.jpg\" loading=\"lazy\"\/>Manifestantes discuten con la polic\u00eda durante una protesta en apoyo al grupo Acci\u00f3n Palestina, el pasado 6 de septiembre en Londres.Joanna Chan (AP)<\/p>\n<p class=\"\"><a href=\"https:\/\/museobanksy.es\/museo-banksy-madrid\/\" target=\"_self\" rel=\"nofollow noopener\" title=\"https:\/\/museobanksy.es\/museo-banksy-madrid\/\">El artista es conocido por sus reivindicaciones en su obra y se\u00f1alar problemas sociales<\/a>, pol\u00edticos y medioambientales a trav\u00e9s de su arte callejero en varias partes del mundo; sus obras son muy cotizadas, llegando a alcanzar decenas de millones de euros en subastas. <\/p>\n","protected":false},"excerpt":{"rendered":"En la principal sede judicial de Londres, un juez golpea a un manifestante tirado en el suelo. Banksy&hellip;\n","protected":false},"author":2,"featured_media":104216,"comment_status":"","ping_status":"","sticky":false,"template":"","format":"standard","meta":{"footnotes":""},"categories":[173],"tags":[229,233,231,230,19696,209,232,234,146,147,25,24,25263,7228,76,2444,23],"class_list":{"0":"post-104215","1":"post","2":"type-post","3":"status-publish","4":"format-standard","5":"has-post-thumbnail","7":"category-arte-y-diseno","8":"tag-arte","9":"tag-arte-y-diseno","10":"tag-arts","11":"tag-arts-and-design","12":"tag-banksy","13":"tag-cultura","14":"tag-design","15":"tag-diseno","16":"tag-entertainment","17":"tag-entretenimiento","18":"tag-es","19":"tag-espana","20":"tag-grafiti","21":"tag-londres","22":"tag-palestina","23":"tag-reino-unido","24":"tag-spain"},"share_on_mastodon":{"url":"","error":""},"_links":{"self":[{"href":"https:\/\/www.europesays.com\/es\/wp-json\/wp\/v2\/posts\/104215","targetHints":{"allow":["GET"]}}],"collection":[{"href":"https:\/\/www.europesays.com\/es\/wp-json\/wp\/v2\/posts"}],"about":[{"href":"https:\/\/www.europesays.com\/es\/wp-json\/wp\/v2\/types\/post"}],"author":[{"embeddable":true,"href":"https:\/\/www.europesays.com\/es\/wp-json\/wp\/v2\/users\/2"}],"replies":[{"embeddable":true,"href":"https:\/\/www.europesays.com\/es\/wp-json\/wp\/v2\/comments?post=104215"}],"version-history":[{"count":0,"href":"https:\/\/www.europesays.com\/es\/wp-json\/wp\/v2\/posts\/104215\/revisions"}],"wp:featuredmedia":[{"embeddable":true,"href":"https:\/\/www.europesays.com\/es\/wp-json\/wp\/v2\/media\/104216"}],"wp:attachment":[{"href":"https:\/\/www.europesays.com\/es\/wp-json\/wp\/v2\/media?parent=104215"}],"wp:term":[{"taxonomy":"category","embeddable":true,"href":"https:\/\/www.europesays.com\/es\/wp-json\/wp\/v2\/categories?post=104215"},{"taxonomy":"post_tag","embeddable":true,"href":"https:\/\/www.europesays.com\/es\/wp-json\/wp\/v2\/tags?post=104215"}],"curies":[{"name":"wp","href":"https:\/\/api.w.org\/{rel}","templated":true}]}}