{"id":104217,"date":"2025-09-09T21:50:11","date_gmt":"2025-09-09T21:50:11","guid":{"rendered":"https:\/\/www.europesays.com\/es\/104217\/"},"modified":"2025-09-09T21:50:11","modified_gmt":"2025-09-09T21:50:11","slug":"yo-no-creo-que-la-longevidad-traiga-sabiduria-solo-hay-que-observar-a-las-personas-con-mas-de-80-anos-2","status":"publish","type":"post","link":"https:\/\/www.europesays.com\/es\/104217\/","title":{"rendered":"Yo no creo que la longevidad traiga sabidur\u00eda, \ufeff\ufeffsolo hay que observar a las personas con m\u00e1s de 80 a\u00f1os"},"content":{"rendered":"<p data-journey-content=\"true\" data-node-id=\"3\" class=\"css-i9p093 emevuu60\">La vitoriana Eva Garc\u00eda S\u00e1enz de Urturi (1972) ha vendido m\u00e1s de 4 millones de ejemplares solamente con su c\u00e9lebre saga protagonizada por Kraken (formada hasta el momento por <a href=\"https:\/\/www.amazon.es\/Estuche-Trilog%C3%ADa-Ciudad-Blanca-silencio\/dp\/8408285254?tag=esquirespain-21\" target=\"_blank\" rel=\"nofollow noopener\" data-vars-ga-outbound-link=\"https:\/\/www.amazon.es\/Estuche-Trilog%C3%ADa-Ciudad-Blanca-silencio\/dp\/8408285254\" data-vars-ga-ux-element=\"Hyperlink\" data-vars-ga-call-to-action=\"El silencio de la ciudad blanca\" data-vars-ga-product-id=\"1ac59bb3-afea-49e5-8d80-d737cbb6b2a1\" data-node-id=\"3.1.0\" data-href=\"https:\/\/www.amazon.es\/Estuche-Trilog%C3%ADa-Ciudad-Blanca-silencio\/dp\/8408285254\" data-product-url=\"https:\/\/www.amazon.es\/Estuche-Trilog%C3%ADa-Ciudad-Blanca-silencio\/dp\/8408285254\" data-affiliate=\"true\" data-affiliate-url=\"https:\/\/www.amazon.es\/Estuche-Trilog%C3%ADa-Ciudad-Blanca-silencio\/dp\/8408285254?tag=esquirespain-21\" data-affiliate-network=\"{&quot;afflink_redirect&quot;:&quot;\/_p\/afflink\/wAhq\/amazon-s-estuche-trilog-c3-ada-ciudad-blanca-silencio-dp-8285254&quot;,&quot;site_id&quot;:&quot;92d07c0b-730d-4727-bddc-68f85354bda9&quot;,&quot;network&quot;:{&quot;name&quot;:&quot;Amazon&quot;},&quot;metadata&quot;:{&quot;links&quot;:{&quot;default&quot;:&quot;https:\/\/www.amazon.es\/Estuche-Trilog%C3%ADa-Ciudad-Blanca-silencio\/dp\/8408285254?tag=esquirespain-21&quot;}}}\" data-vars-ga-product-price=\"0,00\u00a0$\" data-vars-ga-product-retailer-id=\"5cd1219b-6f55-414b-86a5-943462bdba54\" data-vars-ga-link-treatment=\"(not set) | (not set)\" class=\"body-link product-links css-1kzkd1m e1aq0z090\">El silencio de la ciudad blanca<\/a> (2016), <a href=\"https:\/\/www.amazon.es\/Estuche-Trilog%C3%ADa-Ciudad-Blanca-silencio\/dp\/8408285254?tag=esquirespain-21\" target=\"_blank\" rel=\"nofollow noopener\" data-vars-ga-outbound-link=\"https:\/\/www.amazon.es\/Estuche-Trilog%C3%ADa-Ciudad-Blanca-silencio\/dp\/8408285254\" data-vars-ga-ux-element=\"Hyperlink\" data-vars-ga-call-to-action=\"Los ritos del agua\" data-vars-ga-product-id=\"1ac59bb3-afea-49e5-8d80-d737cbb6b2a1\" data-node-id=\"3.3.0\" data-href=\"https:\/\/www.amazon.es\/Estuche-Trilog%C3%ADa-Ciudad-Blanca-silencio\/dp\/8408285254\" data-product-url=\"https:\/\/www.amazon.es\/Estuche-Trilog%C3%ADa-Ciudad-Blanca-silencio\/dp\/8408285254\" data-affiliate=\"true\" data-affiliate-url=\"https:\/\/www.amazon.es\/Estuche-Trilog%C3%ADa-Ciudad-Blanca-silencio\/dp\/8408285254?tag=esquirespain-21\" data-affiliate-network=\"{&quot;afflink_redirect&quot;:&quot;\/_p\/afflink\/wAhq\/amazon-s-estuche-trilog-c3-ada-ciudad-blanca-silencio-dp-8285254&quot;,&quot;site_id&quot;:&quot;92d07c0b-730d-4727-bddc-68f85354bda9&quot;,&quot;network&quot;:{&quot;name&quot;:&quot;Amazon&quot;},&quot;metadata&quot;:{&quot;links&quot;:{&quot;default&quot;:&quot;https:\/\/www.amazon.es\/Estuche-Trilog%C3%ADa-Ciudad-Blanca-silencio\/dp\/8408285254?tag=esquirespain-21&quot;}}}\" data-vars-ga-product-price=\"0,00\u00a0$\" data-vars-ga-product-retailer-id=\"5cd1219b-6f55-414b-86a5-943462bdba54\" data-vars-ga-link-treatment=\"(not set) | (not set)\" class=\"body-link product-links css-1kzkd1m e1aq0z090\">Los ritos del agua<\/a> (2017), <a href=\"https:\/\/www.amazon.es\/Estuche-Trilog%C3%ADa-Ciudad-Blanca-silencio\/dp\/8408285254?tag=esquirespain-21\" target=\"_blank\" rel=\"nofollow noopener\" data-vars-ga-outbound-link=\"https:\/\/www.amazon.es\/Estuche-Trilog%C3%ADa-Ciudad-Blanca-silencio\/dp\/8408285254\" data-vars-ga-ux-element=\"Hyperlink\" data-vars-ga-call-to-action=\"Los se\u00f1ores del tiempo\" data-vars-ga-product-id=\"1ac59bb3-afea-49e5-8d80-d737cbb6b2a1\" data-node-id=\"3.5.0\" data-href=\"https:\/\/www.amazon.es\/Estuche-Trilog%C3%ADa-Ciudad-Blanca-silencio\/dp\/8408285254\" data-product-url=\"https:\/\/www.amazon.es\/Estuche-Trilog%C3%ADa-Ciudad-Blanca-silencio\/dp\/8408285254\" data-affiliate=\"true\" data-affiliate-url=\"https:\/\/www.amazon.es\/Estuche-Trilog%C3%ADa-Ciudad-Blanca-silencio\/dp\/8408285254?tag=esquirespain-21\" data-affiliate-network=\"{&quot;afflink_redirect&quot;:&quot;\/_p\/afflink\/wAhq\/amazon-s-estuche-trilog-c3-ada-ciudad-blanca-silencio-dp-8285254&quot;,&quot;site_id&quot;:&quot;92d07c0b-730d-4727-bddc-68f85354bda9&quot;,&quot;network&quot;:{&quot;name&quot;:&quot;Amazon&quot;},&quot;metadata&quot;:{&quot;links&quot;:{&quot;default&quot;:&quot;https:\/\/www.amazon.es\/Estuche-Trilog%C3%ADa-Ciudad-Blanca-silencio\/dp\/8408285254?tag=esquirespain-21&quot;}}}\" data-vars-ga-product-price=\"0,00\u00a0$\" data-vars-ga-product-retailer-id=\"5cd1219b-6f55-414b-86a5-943462bdba54\" data-vars-ga-link-treatment=\"(not set) | (not set)\" class=\"body-link product-links css-1kzkd1m e1aq0z090\">Los se\u00f1ores del tiempo<\/a> (2018), <a href=\"https:\/\/www.amazon.es\/El-Libro-Negro-las-Horas\/dp\/840826964X?tag=esquirespain-21\" target=\"_blank\" rel=\"nofollow noopener\" data-vars-ga-outbound-link=\"https:\/\/www.amazon.es\/El-Libro-Negro-las-Horas\/dp\/840826964X\" data-vars-ga-ux-element=\"Hyperlink\" data-vars-ga-call-to-action=\"El Libro Negro de las Horas \" data-vars-ga-product-id=\"6810c938-e50e-4d5b-b435-f1c5c4fff511\" data-node-id=\"3.7\" data-href=\"https:\/\/www.amazon.es\/El-Libro-Negro-las-Horas\/dp\/840826964X\" data-product-url=\"https:\/\/www.amazon.es\/El-Libro-Negro-las-Horas\/dp\/840826964X\" data-affiliate=\"true\" data-affiliate-url=\"https:\/\/www.amazon.es\/El-Libro-Negro-las-Horas\/dp\/840826964X?tag=esquirespain-21\" data-affiliate-network=\"{&quot;afflink_redirect&quot;:&quot;\/_p\/afflink\/wAho\/amazon-s-el-libro-negro-las-horas-dp-826964x&quot;,&quot;site_id&quot;:&quot;92d07c0b-730d-4727-bddc-68f85354bda9&quot;,&quot;network&quot;:{&quot;name&quot;:&quot;Amazon&quot;},&quot;metadata&quot;:{&quot;links&quot;:{&quot;default&quot;:&quot;https:\/\/www.amazon.es\/El-Libro-Negro-las-Horas\/dp\/840826964X?tag=esquirespain-21&quot;}}}\" data-vars-ga-product-price=\"0,00\u00a0$\" data-vars-ga-product-retailer-id=\"e217203a-b2fe-41f8-a0eb-d4a89937bd91\" data-vars-ga-link-treatment=\"(not set) | (not set)\" class=\"body-link product-links css-1kzkd1m e1aq0z090\">El Libro Negro de las Horas <\/a>(2022) y <a href=\"https:\/\/www.amazon.es\/El-%C3%81ngel-Ciudad-Kraken-misterio\/dp\/8408285130?tag=esquirespain-21\" target=\"_blank\" rel=\"nofollow noopener\" data-vars-ga-outbound-link=\"https:\/\/www.amazon.es\/El-%C3%81ngel-Ciudad-Kraken-misterio\/dp\/8408285130\" data-vars-ga-ux-element=\"Hyperlink\" data-vars-ga-call-to-action=\"El \u00c1ngel de la Ciudad\" data-vars-ga-product-id=\"7abe25b4-df15-4822-abc9-5ee85ab1b126\" data-node-id=\"3.9.0\" data-href=\"https:\/\/www.amazon.es\/El-%C3%81ngel-Ciudad-Kraken-misterio\/dp\/8408285130\" data-product-url=\"https:\/\/www.amazon.es\/El-%C3%81ngel-Ciudad-Kraken-misterio\/dp\/8408285130\" data-affiliate=\"true\" data-affiliate-url=\"https:\/\/www.amazon.es\/El-%C3%81ngel-Ciudad-Kraken-misterio\/dp\/8408285130?tag=esquirespain-21\" data-affiliate-network=\"{&quot;afflink_redirect&quot;:&quot;\/_p\/afflink\/wAhp\/amazon-s-el-c3-81ngel-ciudad-kraken-misterio-dp-8285130&quot;,&quot;site_id&quot;:&quot;92d07c0b-730d-4727-bddc-68f85354bda9&quot;,&quot;network&quot;:{&quot;name&quot;:&quot;Amazon&quot;},&quot;metadata&quot;:{&quot;links&quot;:{&quot;default&quot;:&quot;https:\/\/www.amazon.es\/El-%C3%81ngel-Ciudad-Kraken-misterio\/dp\/8408285130?tag=esquirespain-21&quot;}}}\" data-vars-ga-product-price=\"0,00\u00a0$\" data-vars-ga-product-retailer-id=\"04296573-3142-4ec4-b7d1-76c3d3224486\" data-vars-ga-link-treatment=\"(not set) | (not set)\" class=\"body-link product-links css-1kzkd1m e1aq0z090\">El \u00c1ngel de la Ciudad<\/a> (2023). Todo un fen\u00f3meno literario traducido a m\u00e1s de una quincena de lenguas y que ha llevado al Gobierno Vasco a crear rutas con los escenarios de dichas novelas. Adem\u00e1s, la primera de las partes se adapt\u00f3 a la gran pantalla bajo la direcci\u00f3n de Daniel Calparsoro y con Bel\u00e9n Rueda, Javier Rey y Aura Garrido entre el elenco, y ahora se prepara una versi\u00f3n en serie.<\/p>\n<p data-journey-content=\"true\" data-node-id=\"6\" class=\"css-i9p093 emevuu60\">Esta escritora diplomada en \u00d3ptica y Optometr\u00eda gan\u00f3, adem\u00e1s, el Premio Planeta en 2020 por el thriller hist\u00f3rico <a href=\"https:\/\/www.amazon.es\/Aquitania-Planeta-limitada-Colecci%C3%B3n-especial\/dp\/8408278568\/ref=sr_1_1?__mk_es_ES=%C3%85M%C3%85%C5%BD%C3%95%C3%91&amp;crid=YA522MADVXD5&amp;dib=eyJ2IjoiMSJ9.zxsDdnfRxdLMGtuBqx5Du38veYXdqO2KUlasnt4kQ6yePNr8hEElkrmE8d8HKI4vSUxZf3ETWdmMtr9S4fV-MmIJxTQSe6Tm84zo2ODPzVF5Y5XEInlLvtyr823ii6FUToeMMKxzJHxkFILV0IToo1KV3aV-5zU6ZKzovgCZ6V2CMRwCYILqzR5yn3L8y0V1PgxH4IgJD_IACI1gxgrbAHUxLIT1fbpU3_ZYuoFBVkG621E6GTR3vhcWORxqn-1Vk5DFe-wLuAH7i0jEo0bd7OknAwBIPYbLVvD8ki-zinY.-jghocP2N5OBe2vSuFrrbKvaD-4-BJhvqA65xxp1ipU&amp;dib_tag=se&amp;keywords=Aquitania&amp;qid=1751882326&amp;sprefix=aquitania%2Caps%2C134&amp;sr=8-1&amp;tag=esquirespain-21\" target=\"_blank\" rel=\"nofollow noopener\" data-vars-ga-outbound-link=\"https:\/\/www.amazon.es\/Aquitania-Planeta-limitada-Colecci%C3%B3n-especial\/dp\/8408278568\/ref=sr_1_1?__mk_es_ES=%C3%85M%C3%85%C5%BD%C3%95%C3%91&amp;crid=YA522MADVXD5&amp;dib=eyJ2IjoiMSJ9.zxsDdnfRxdLMGtuBqx5Du38veYXdqO2KUlasnt4kQ6yePNr8hEElkrmE8d8HKI4vSUxZf3ETWdmMtr9S4fV-MmIJxTQSe6Tm84zo2ODPzVF5Y5XEInlLvtyr823ii6FUToeMMKxzJHxkFILV0IToo1KV3aV-5zU6ZKzovgCZ6V2CMRwCYILqzR5yn3L8y0V1PgxH4IgJD_IACI1gxgrbAHUxLIT1fbpU3_ZYuoFBVkG621E6GTR3vhcWORxqn-1Vk5DFe-wLuAH7i0jEo0bd7OknAwBIPYbLVvD8ki-zinY.-jghocP2N5OBe2vSuFrrbKvaD-4-BJhvqA65xxp1ipU&amp;dib_tag=se&amp;keywords=Aquitania&amp;qid=1751882326&amp;sprefix=aquitania%2Caps%2C134&amp;sr=8-1\" data-vars-ga-ux-element=\"Hyperlink\" data-vars-ga-call-to-action=\"Aquitania\" data-vars-ga-product-id=\"72ffe698-1bfe-4557-bc26-cdb869bea9f6\" data-node-id=\"6.3.0\" data-href=\"https:\/\/www.amazon.es\/Aquitania-Planeta-limitada-Colecci%C3%B3n-especial\/dp\/8408278568\/ref=sr_1_1?__mk_es_ES=%C3%85M%C3%85%C5%BD%C3%95%C3%91&amp;crid=YA522MADVXD5&amp;dib=eyJ2IjoiMSJ9.zxsDdnfRxdLMGtuBqx5Du38veYXdqO2KUlasnt4kQ6yePNr8hEElkrmE8d8HKI4vSUxZf3ETWdmMtr9S4fV-MmIJxTQSe6Tm84zo2ODPzVF5Y5XEInlLvtyr823ii6FUToeMMKxzJHxkFILV0IToo1KV3aV-5zU6ZKzovgCZ6V2CMRwCYILqzR5yn3L8y0V1PgxH4IgJD_IACI1gxgrbAHUxLIT1fbpU3_ZYuoFBVkG621E6GTR3vhcWORxqn-1Vk5DFe-wLuAH7i0jEo0bd7OknAwBIPYbLVvD8ki-zinY.-jghocP2N5OBe2vSuFrrbKvaD-4-BJhvqA65xxp1ipU&amp;dib_tag=se&amp;keywords=Aquitania&amp;qid=1751882326&amp;sprefix=aquitania%2Caps%2C134&amp;sr=8-1\" data-product-url=\"https:\/\/www.amazon.es\/Aquitania-Planeta-limitada-Colecci%C3%B3n-especial\/dp\/8408278568\/ref=sr_1_1?__mk_es_ES=%C3%85M%C3%85%C5%BD%C3%95%C3%91&amp;crid=YA522MADVXD5&amp;dib=eyJ2IjoiMSJ9.zxsDdnfRxdLMGtuBqx5Du38veYXdqO2KUlasnt4kQ6yePNr8hEElkrmE8d8HKI4vSUxZf3ETWdmMtr9S4fV-MmIJxTQSe6Tm84zo2ODPzVF5Y5XEInlLvtyr823ii6FUToeMMKxzJHxkFILV0IToo1KV3aV-5zU6ZKzovgCZ6V2CMRwCYILqzR5yn3L8y0V1PgxH4IgJD_IACI1gxgrbAHUxLIT1fbpU3_ZYuoFBVkG621E6GTR3vhcWORxqn-1Vk5DFe-wLuAH7i0jEo0bd7OknAwBIPYbLVvD8ki-zinY.-jghocP2N5OBe2vSuFrrbKvaD-4-BJhvqA65xxp1ipU&amp;dib_tag=se&amp;keywords=Aquitania&amp;qid=1751882326&amp;sprefix=aquitania%2Caps%2C134&amp;sr=8-1\" data-affiliate=\"true\" data-affiliate-url=\"https:\/\/www.amazon.es\/Aquitania-Planeta-limitada-Colecci%C3%B3n-especial\/dp\/8408278568\/ref=sr_1_1?__mk_es_ES=%C3%85M%C3%85%C5%BD%C3%95%C3%91&amp;crid=YA522MADVXD5&amp;dib=eyJ2IjoiMSJ9.zxsDdnfRxdLMGtuBqx5Du38veYXdqO2KUlasnt4kQ6yePNr8hEElkrmE8d8HKI4vSUxZf3ETWdmMtr9S4fV-MmIJxTQSe6Tm84zo2ODPzVF5Y5XEInlLvtyr823ii6FUToeMMKxzJHxkFILV0IToo1KV3aV-5zU6ZKzovgCZ6V2CMRwCYILqzR5yn3L8y0V1PgxH4IgJD_IACI1gxgrbAHUxLIT1fbpU3_ZYuoFBVkG621E6GTR3vhcWORxqn-1Vk5DFe-wLuAH7i0jEo0bd7OknAwBIPYbLVvD8ki-zinY.-jghocP2N5OBe2vSuFrrbKvaD-4-BJhvqA65xxp1ipU&amp;dib_tag=se&amp;keywords=Aquitania&amp;qid=1751882326&amp;sprefix=aquitania%2Caps%2C134&amp;sr=8-1&amp;tag=esquirespain-21\" data-affiliate-network=\"{&quot;afflink_redirect&quot;:&quot;\/_p\/afflink\/wCQu\/amazon-s-aquitania-planeta-limitada-colecci-c3-b3n-pecial-dp-8278568-ref-sr-1-1&quot;,&quot;site_id&quot;:&quot;92d07c0b-730d-4727-bddc-68f85354bda9&quot;,&quot;network&quot;:{&quot;name&quot;:&quot;Amazon&quot;},&quot;metadata&quot;:{&quot;links&quot;:{&quot;default&quot;:&quot;https:\/\/www.amazon.es\/Aquitania-Planeta-limitada-Colecci%C3%B3n-especial\/dp\/8408278568\/ref=sr_1_1?__mk_es_ES=%C3%85M%C3%85%C5%BD%C3%95%C3%91&amp;crid=YA522MADVXD5&amp;dib=eyJ2IjoiMSJ9.zxsDdnfRxdLMGtuBqx5Du38veYXdqO2KUlasnt4kQ6yePNr8hEElkrmE8d8HKI4vSUxZf3ETWdmMtr9S4fV-MmIJxTQSe6Tm84zo2ODPzVF5Y5XEInlLvtyr823ii6FUToeMMKxzJHxkFILV0IToo1KV3aV-5zU6ZKzovgCZ6V2CMRwCYILqzR5yn3L8y0V1PgxH4IgJD_IACI1gxgrbAHUxLIT1fbpU3_ZYuoFBVkG621E6GTR3vhcWORxqn-1Vk5DFe-wLuAH7i0jEo0bd7OknAwBIPYbLVvD8ki-zinY.-jghocP2N5OBe2vSuFrrbKvaD-4-BJhvqA65xxp1ipU&amp;dib_tag=se&amp;keywords=Aquitania&amp;qid=1751882326&amp;sprefix=aquitania%2Caps%2C134&amp;sr=8-1&amp;tag=esquirespain-21&quot;}}}\" data-vars-ga-product-price=\"0,00\u00a0$\" data-vars-ga-product-retailer-id=\"c8c58ded-7e3c-4a90-89f9-4e6fe4074bcf\" data-vars-ga-link-treatment=\"(not set) | (not set)\" class=\"body-link product-links css-1kzkd1m e1aq0z090\">Aquitania<\/a>. Sin embargo, antes de todo este rotundo \u00e9xito, S\u00e1enz de Urturi comenz\u00f3 en el mundo editorial con la denominada \u00abSaga de los longevos\u00bb. Una trilog\u00eda literaria que se inici\u00f3 con <a href=\"https:\/\/www.amazon.es\/saga-longevos-Vieja-Familia-Planeta\/dp\/8408292692\/ref=sr_1_1?__mk_es_ES=%C3%85M%C3%85%C5%BD%C3%95%C3%91&amp;crid=2SNX1OU8NMC2J&amp;dib=eyJ2IjoiMSJ9.49QHc2_2UYfZKBYDHVncyPrrNlKf7gMpQZxkB-DrdmKhAWg6SL_qDePhnS-O2neczpBQEZ5epd_hBc0cFHWZ6IBKo0lyyoWsYbyppvHyFADzmSxFgSGH3jjZr_dbYo5Ds61HMcWaWUYb6VZBWXUK7Q.UD6BAnN_IIYKMrg-aP-VSGV4gj1bvHu28eHsBLeAfTQ&amp;dib_tag=se&amp;keywords=La+vieja+familia&amp;qid=1751882394&amp;sprefix=la+vieja+familia%2Caps%2C172&amp;sr=8-1&amp;tag=esquirespain-21\" target=\"_blank\" rel=\"nofollow noopener\" data-vars-ga-outbound-link=\"https:\/\/www.amazon.es\/saga-longevos-Vieja-Familia-Planeta\/dp\/8408292692\/ref=sr_1_1?__mk_es_ES=%C3%85M%C3%85%C5%BD%C3%95%C3%91&amp;crid=2SNX1OU8NMC2J&amp;dib=eyJ2IjoiMSJ9.49QHc2_2UYfZKBYDHVncyPrrNlKf7gMpQZxkB-DrdmKhAWg6SL_qDePhnS-O2neczpBQEZ5epd_hBc0cFHWZ6IBKo0lyyoWsYbyppvHyFADzmSxFgSGH3jjZr_dbYo5Ds61HMcWaWUYb6VZBWXUK7Q.UD6BAnN_IIYKMrg-aP-VSGV4gj1bvHu28eHsBLeAfTQ&amp;dib_tag=se&amp;keywords=La+vieja+familia&amp;qid=1751882394&amp;sprefix=la+vieja+familia%2Caps%2C172&amp;sr=8-1\" data-vars-ga-ux-element=\"Hyperlink\" data-vars-ga-call-to-action=\"La vieja familia\" data-vars-ga-product-id=\"0621e937-f44f-44e2-a6eb-678d7cc89f04\" data-node-id=\"6.5.0\" data-href=\"https:\/\/www.amazon.es\/saga-longevos-Vieja-Familia-Planeta\/dp\/8408292692\/ref=sr_1_1?__mk_es_ES=%C3%85M%C3%85%C5%BD%C3%95%C3%91&amp;crid=2SNX1OU8NMC2J&amp;dib=eyJ2IjoiMSJ9.49QHc2_2UYfZKBYDHVncyPrrNlKf7gMpQZxkB-DrdmKhAWg6SL_qDePhnS-O2neczpBQEZ5epd_hBc0cFHWZ6IBKo0lyyoWsYbyppvHyFADzmSxFgSGH3jjZr_dbYo5Ds61HMcWaWUYb6VZBWXUK7Q.UD6BAnN_IIYKMrg-aP-VSGV4gj1bvHu28eHsBLeAfTQ&amp;dib_tag=se&amp;keywords=La+vieja+familia&amp;qid=1751882394&amp;sprefix=la+vieja+familia%2Caps%2C172&amp;sr=8-1\" data-product-url=\"https:\/\/www.amazon.es\/saga-longevos-Vieja-Familia-Planeta\/dp\/8408292692\/ref=sr_1_1?__mk_es_ES=%C3%85M%C3%85%C5%BD%C3%95%C3%91&amp;crid=2SNX1OU8NMC2J&amp;dib=eyJ2IjoiMSJ9.49QHc2_2UYfZKBYDHVncyPrrNlKf7gMpQZxkB-DrdmKhAWg6SL_qDePhnS-O2neczpBQEZ5epd_hBc0cFHWZ6IBKo0lyyoWsYbyppvHyFADzmSxFgSGH3jjZr_dbYo5Ds61HMcWaWUYb6VZBWXUK7Q.UD6BAnN_IIYKMrg-aP-VSGV4gj1bvHu28eHsBLeAfTQ&amp;dib_tag=se&amp;keywords=La+vieja+familia&amp;qid=1751882394&amp;sprefix=la+vieja+familia%2Caps%2C172&amp;sr=8-1\" data-affiliate=\"true\" data-affiliate-url=\"https:\/\/www.amazon.es\/saga-longevos-Vieja-Familia-Planeta\/dp\/8408292692\/ref=sr_1_1?__mk_es_ES=%C3%85M%C3%85%C5%BD%C3%95%C3%91&amp;crid=2SNX1OU8NMC2J&amp;dib=eyJ2IjoiMSJ9.49QHc2_2UYfZKBYDHVncyPrrNlKf7gMpQZxkB-DrdmKhAWg6SL_qDePhnS-O2neczpBQEZ5epd_hBc0cFHWZ6IBKo0lyyoWsYbyppvHyFADzmSxFgSGH3jjZr_dbYo5Ds61HMcWaWUYb6VZBWXUK7Q.UD6BAnN_IIYKMrg-aP-VSGV4gj1bvHu28eHsBLeAfTQ&amp;dib_tag=se&amp;keywords=La+vieja+familia&amp;qid=1751882394&amp;sprefix=la+vieja+familia%2Caps%2C172&amp;sr=8-1&amp;tag=esquirespain-21\" data-affiliate-network=\"{&quot;afflink_redirect&quot;:&quot;\/_p\/afflink\/wCRi\/amazon-s-saga-longevos-vieja-familia-planeta-dp-8292692-ref-sr-1-1&quot;,&quot;site_id&quot;:&quot;92d07c0b-730d-4727-bddc-68f85354bda9&quot;,&quot;network&quot;:{&quot;name&quot;:&quot;Amazon&quot;},&quot;metadata&quot;:{&quot;links&quot;:{&quot;default&quot;:&quot;https:\/\/www.amazon.es\/saga-longevos-Vieja-Familia-Planeta\/dp\/8408292692\/ref=sr_1_1?__mk_es_ES=%C3%85M%C3%85%C5%BD%C3%95%C3%91&amp;crid=2SNX1OU8NMC2J&amp;dib=eyJ2IjoiMSJ9.49QHc2_2UYfZKBYDHVncyPrrNlKf7gMpQZxkB-DrdmKhAWg6SL_qDePhnS-O2neczpBQEZ5epd_hBc0cFHWZ6IBKo0lyyoWsYbyppvHyFADzmSxFgSGH3jjZr_dbYo5Ds61HMcWaWUYb6VZBWXUK7Q.UD6BAnN_IIYKMrg-aP-VSGV4gj1bvHu28eHsBLeAfTQ&amp;dib_tag=se&amp;keywords=La+vieja+familia&amp;qid=1751882394&amp;sprefix=la+vieja+familia%2Caps%2C172&amp;sr=8-1&amp;tag=esquirespain-21&quot;}}}\" data-vars-ga-product-price=\"0,00\u00a0$\" data-vars-ga-product-retailer-id=\"89453b07-0e75-4cac-be73-cccfdcb31a3a\" data-vars-ga-link-treatment=\"(not set) | (not set)\" class=\"body-link product-links css-1kzkd1m e1aq0z090\">La vieja familia<\/a> (2012), editada por La Esfera de los Libros, y continu\u00f3 con <a href=\"https:\/\/www.amazon.es\/saga-longevos-Hijos-Ad%C3%A1n-Planeta\/dp\/8408298003\/ref=sr_1_1?__mk_es_ES=%C3%85M%C3%85%C5%BD%C3%95%C3%91&amp;crid=2XL4PXQV20EYK&amp;dib=eyJ2IjoiMSJ9.ubqFmekYjmxXLaJxGSN5Fr0yL3fCwBI6BqIL2tmDI4O5ePgz3vrQ-gZwGHb9JzlD2OuA8TqtVWFM42digGvk2rahw8Nwk_0mFT7T4pFSLHiRmekpgFNch1ni8lSLDqoJ32J4H5D1iRAvKds9F-9scW7NKcSdVCJMCrfAPUDLRxTBReVjTfOVtYzIB-bT9-heQhWavSXOcenWkfiUTnpDmf2UDwklXIhb5_LRqtfuU_81eSY75SPfY9LlzthBzsJ2Oivu5vCPz4_Cel_kxm-u6Kt3xMMTZ5gvAx9CvQfQzIA.PZfPwYp5kveSa5JFG1pl7jlVoaKgprIzNxLIRTB3Xb4&amp;dib_tag=se&amp;keywords=Los+hijos+de+Ad%C3%A1n&amp;qid=1751882421&amp;sprefix=los+hijos+de+ad%C3%A1n%2Caps%2C158&amp;sr=8-1&amp;tag=esquirespain-21\" target=\"_blank\" rel=\"nofollow noopener\" data-vars-ga-outbound-link=\"https:\/\/www.amazon.es\/saga-longevos-Hijos-Ad%C3%A1n-Planeta\/dp\/8408298003\/ref=sr_1_1?__mk_es_ES=%C3%85M%C3%85%C5%BD%C3%95%C3%91&amp;crid=2XL4PXQV20EYK&amp;dib=eyJ2IjoiMSJ9.ubqFmekYjmxXLaJxGSN5Fr0yL3fCwBI6BqIL2tmDI4O5ePgz3vrQ-gZwGHb9JzlD2OuA8TqtVWFM42digGvk2rahw8Nwk_0mFT7T4pFSLHiRmekpgFNch1ni8lSLDqoJ32J4H5D1iRAvKds9F-9scW7NKcSdVCJMCrfAPUDLRxTBReVjTfOVtYzIB-bT9-heQhWavSXOcenWkfiUTnpDmf2UDwklXIhb5_LRqtfuU_81eSY75SPfY9LlzthBzsJ2Oivu5vCPz4_Cel_kxm-u6Kt3xMMTZ5gvAx9CvQfQzIA.PZfPwYp5kveSa5JFG1pl7jlVoaKgprIzNxLIRTB3Xb4&amp;dib_tag=se&amp;keywords=Los+hijos+de+Ad%C3%A1n&amp;qid=1751882421&amp;sprefix=los+hijos+de+ad%C3%A1n%2Caps%2C158&amp;sr=8-1\" data-vars-ga-ux-element=\"Hyperlink\" data-vars-ga-call-to-action=\"Los hijos de Ad\u00e1n\" data-vars-ga-product-id=\"26897279-a983-4ecd-a805-0d90e47ccbdc\" data-node-id=\"6.7.0\" data-href=\"https:\/\/www.amazon.es\/saga-longevos-Hijos-Ad%C3%A1n-Planeta\/dp\/8408298003\/ref=sr_1_1?__mk_es_ES=%C3%85M%C3%85%C5%BD%C3%95%C3%91&amp;crid=2XL4PXQV20EYK&amp;dib=eyJ2IjoiMSJ9.ubqFmekYjmxXLaJxGSN5Fr0yL3fCwBI6BqIL2tmDI4O5ePgz3vrQ-gZwGHb9JzlD2OuA8TqtVWFM42digGvk2rahw8Nwk_0mFT7T4pFSLHiRmekpgFNch1ni8lSLDqoJ32J4H5D1iRAvKds9F-9scW7NKcSdVCJMCrfAPUDLRxTBReVjTfOVtYzIB-bT9-heQhWavSXOcenWkfiUTnpDmf2UDwklXIhb5_LRqtfuU_81eSY75SPfY9LlzthBzsJ2Oivu5vCPz4_Cel_kxm-u6Kt3xMMTZ5gvAx9CvQfQzIA.PZfPwYp5kveSa5JFG1pl7jlVoaKgprIzNxLIRTB3Xb4&amp;dib_tag=se&amp;keywords=Los+hijos+de+Ad%C3%A1n&amp;qid=1751882421&amp;sprefix=los+hijos+de+ad%C3%A1n%2Caps%2C158&amp;sr=8-1\" data-product-url=\"https:\/\/www.amazon.es\/saga-longevos-Hijos-Ad%C3%A1n-Planeta\/dp\/8408298003\/ref=sr_1_1?__mk_es_ES=%C3%85M%C3%85%C5%BD%C3%95%C3%91&amp;crid=2XL4PXQV20EYK&amp;dib=eyJ2IjoiMSJ9.ubqFmekYjmxXLaJxGSN5Fr0yL3fCwBI6BqIL2tmDI4O5ePgz3vrQ-gZwGHb9JzlD2OuA8TqtVWFM42digGvk2rahw8Nwk_0mFT7T4pFSLHiRmekpgFNch1ni8lSLDqoJ32J4H5D1iRAvKds9F-9scW7NKcSdVCJMCrfAPUDLRxTBReVjTfOVtYzIB-bT9-heQhWavSXOcenWkfiUTnpDmf2UDwklXIhb5_LRqtfuU_81eSY75SPfY9LlzthBzsJ2Oivu5vCPz4_Cel_kxm-u6Kt3xMMTZ5gvAx9CvQfQzIA.PZfPwYp5kveSa5JFG1pl7jlVoaKgprIzNxLIRTB3Xb4&amp;dib_tag=se&amp;keywords=Los+hijos+de+Ad%C3%A1n&amp;qid=1751882421&amp;sprefix=los+hijos+de+ad%C3%A1n%2Caps%2C158&amp;sr=8-1\" data-affiliate=\"true\" data-affiliate-url=\"https:\/\/www.amazon.es\/saga-longevos-Hijos-Ad%C3%A1n-Planeta\/dp\/8408298003\/ref=sr_1_1?__mk_es_ES=%C3%85M%C3%85%C5%BD%C3%95%C3%91&amp;crid=2XL4PXQV20EYK&amp;dib=eyJ2IjoiMSJ9.ubqFmekYjmxXLaJxGSN5Fr0yL3fCwBI6BqIL2tmDI4O5ePgz3vrQ-gZwGHb9JzlD2OuA8TqtVWFM42digGvk2rahw8Nwk_0mFT7T4pFSLHiRmekpgFNch1ni8lSLDqoJ32J4H5D1iRAvKds9F-9scW7NKcSdVCJMCrfAPUDLRxTBReVjTfOVtYzIB-bT9-heQhWavSXOcenWkfiUTnpDmf2UDwklXIhb5_LRqtfuU_81eSY75SPfY9LlzthBzsJ2Oivu5vCPz4_Cel_kxm-u6Kt3xMMTZ5gvAx9CvQfQzIA.PZfPwYp5kveSa5JFG1pl7jlVoaKgprIzNxLIRTB3Xb4&amp;dib_tag=se&amp;keywords=Los+hijos+de+Ad%C3%A1n&amp;qid=1751882421&amp;sprefix=los+hijos+de+ad%C3%A1n%2Caps%2C158&amp;sr=8-1&amp;tag=esquirespain-21\" data-affiliate-network=\"{&quot;afflink_redirect&quot;:&quot;\/_p\/afflink\/wCRp\/amazon-s-saga-longevos-hijos-ad-c3-a1n-planeta-dp-8298003-ref-sr-1-1&quot;,&quot;site_id&quot;:&quot;92d07c0b-730d-4727-bddc-68f85354bda9&quot;,&quot;network&quot;:{&quot;name&quot;:&quot;Amazon&quot;},&quot;metadata&quot;:{&quot;links&quot;:{&quot;default&quot;:&quot;https:\/\/www.amazon.es\/saga-longevos-Hijos-Ad%C3%A1n-Planeta\/dp\/8408298003\/ref=sr_1_1?__mk_es_ES=%C3%85M%C3%85%C5%BD%C3%95%C3%91&amp;crid=2XL4PXQV20EYK&amp;dib=eyJ2IjoiMSJ9.ubqFmekYjmxXLaJxGSN5Fr0yL3fCwBI6BqIL2tmDI4O5ePgz3vrQ-gZwGHb9JzlD2OuA8TqtVWFM42digGvk2rahw8Nwk_0mFT7T4pFSLHiRmekpgFNch1ni8lSLDqoJ32J4H5D1iRAvKds9F-9scW7NKcSdVCJMCrfAPUDLRxTBReVjTfOVtYzIB-bT9-heQhWavSXOcenWkfiUTnpDmf2UDwklXIhb5_LRqtfuU_81eSY75SPfY9LlzthBzsJ2Oivu5vCPz4_Cel_kxm-u6Kt3xMMTZ5gvAx9CvQfQzIA.PZfPwYp5kveSa5JFG1pl7jlVoaKgprIzNxLIRTB3Xb4&amp;dib_tag=se&amp;keywords=Los+hijos+de+Ad%C3%A1n&amp;qid=1751882421&amp;sprefix=los+hijos+de+ad%C3%A1n%2Caps%2C158&amp;sr=8-1&amp;tag=esquirespain-21&quot;}}}\" data-vars-ga-product-price=\"0,00\u00a0$\" data-vars-ga-product-retailer-id=\"b9c80406-9440-40d1-8eb5-505ae0d564f9\" data-vars-ga-link-treatment=\"(not set) | (not set)\" class=\"body-link product-links css-1kzkd1m e1aq0z090\">Los hijos de Ad\u00e1n<\/a> (2014), una novela que la propia autora se autopublic\u00f3. El pasado a\u00f1o, el sello Planeta public\u00f3 una edici\u00f3n revisada de la primera parte y en este a\u00f1o 2025 se ha estrenado la segunda parte, as\u00ed como la tercera y \u00faltima de la serie: <a href=\"https:\/\/www.amazon.es\/saga-longevos-Camino-Padre-Planeta\/dp\/8408304755\/ref=sr_1_1?__mk_es_ES=%C3%85M%C3%85%C5%BD%C3%95%C3%91&amp;crid=3L8F7019TRKSK&amp;dib=eyJ2IjoiMSJ9.MGpImLXhrt-kHnt3sBDhCP-tYCtTF9a74wZ2OyKWqA7aI8Uyz-UFpcwj7p6MVznTUedjHiFGkVM_LROYKNs8hSeb88Z_QDSOck6J_eCkTgw-WGIIXbFGxPMcifkhoH0o6kaMa40ZD3bfsFjWx0C9H-2lk-uJda4WOGqDxhz9t0gTbDHKLNM17HFb3P9CP6tn8QFNyAYyH1zt-JEaSZRFc1d5W-FEYzvWu1cv0N5qG9WfKznhd3NdNM7krsPVV_VbZ5NUxLCjL8hI-t8sBkxb4ml64o0NBzSSU61Gr0FvdKY.2fUJ4209d30RoMeg80rlYUUPq3DxzQm5nkUjAnUcuFY&amp;dib_tag=se&amp;keywords=El+Camino+del+Padre&amp;qid=1751882441&amp;sprefix=el+camino+del+padre%2Caps%2C158&amp;sr=8-1&amp;tag=esquirespain-21\" target=\"_blank\" rel=\"nofollow noopener\" data-vars-ga-outbound-link=\"https:\/\/www.amazon.es\/saga-longevos-Camino-Padre-Planeta\/dp\/8408304755\/ref=sr_1_1?__mk_es_ES=%C3%85M%C3%85%C5%BD%C3%95%C3%91&amp;crid=3L8F7019TRKSK&amp;dib=eyJ2IjoiMSJ9.MGpImLXhrt-kHnt3sBDhCP-tYCtTF9a74wZ2OyKWqA7aI8Uyz-UFpcwj7p6MVznTUedjHiFGkVM_LROYKNs8hSeb88Z_QDSOck6J_eCkTgw-WGIIXbFGxPMcifkhoH0o6kaMa40ZD3bfsFjWx0C9H-2lk-uJda4WOGqDxhz9t0gTbDHKLNM17HFb3P9CP6tn8QFNyAYyH1zt-JEaSZRFc1d5W-FEYzvWu1cv0N5qG9WfKznhd3NdNM7krsPVV_VbZ5NUxLCjL8hI-t8sBkxb4ml64o0NBzSSU61Gr0FvdKY.2fUJ4209d30RoMeg80rlYUUPq3DxzQm5nkUjAnUcuFY&amp;dib_tag=se&amp;keywords=El+Camino+del+Padre&amp;qid=1751882441&amp;sprefix=el+camino+del+padre%2Caps%2C158&amp;sr=8-1\" data-vars-ga-ux-element=\"Hyperlink\" data-vars-ga-call-to-action=\"El Camino del Padre\" data-vars-ga-product-id=\"8e8d7b22-5b2b-455a-894d-45128f9be406\" data-node-id=\"6.9.0\" data-href=\"https:\/\/www.amazon.es\/saga-longevos-Camino-Padre-Planeta\/dp\/8408304755\/ref=sr_1_1?__mk_es_ES=%C3%85M%C3%85%C5%BD%C3%95%C3%91&amp;crid=3L8F7019TRKSK&amp;dib=eyJ2IjoiMSJ9.MGpImLXhrt-kHnt3sBDhCP-tYCtTF9a74wZ2OyKWqA7aI8Uyz-UFpcwj7p6MVznTUedjHiFGkVM_LROYKNs8hSeb88Z_QDSOck6J_eCkTgw-WGIIXbFGxPMcifkhoH0o6kaMa40ZD3bfsFjWx0C9H-2lk-uJda4WOGqDxhz9t0gTbDHKLNM17HFb3P9CP6tn8QFNyAYyH1zt-JEaSZRFc1d5W-FEYzvWu1cv0N5qG9WfKznhd3NdNM7krsPVV_VbZ5NUxLCjL8hI-t8sBkxb4ml64o0NBzSSU61Gr0FvdKY.2fUJ4209d30RoMeg80rlYUUPq3DxzQm5nkUjAnUcuFY&amp;dib_tag=se&amp;keywords=El+Camino+del+Padre&amp;qid=1751882441&amp;sprefix=el+camino+del+padre%2Caps%2C158&amp;sr=8-1\" data-product-url=\"https:\/\/www.amazon.es\/saga-longevos-Camino-Padre-Planeta\/dp\/8408304755\/ref=sr_1_1?__mk_es_ES=%C3%85M%C3%85%C5%BD%C3%95%C3%91&amp;crid=3L8F7019TRKSK&amp;dib=eyJ2IjoiMSJ9.MGpImLXhrt-kHnt3sBDhCP-tYCtTF9a74wZ2OyKWqA7aI8Uyz-UFpcwj7p6MVznTUedjHiFGkVM_LROYKNs8hSeb88Z_QDSOck6J_eCkTgw-WGIIXbFGxPMcifkhoH0o6kaMa40ZD3bfsFjWx0C9H-2lk-uJda4WOGqDxhz9t0gTbDHKLNM17HFb3P9CP6tn8QFNyAYyH1zt-JEaSZRFc1d5W-FEYzvWu1cv0N5qG9WfKznhd3NdNM7krsPVV_VbZ5NUxLCjL8hI-t8sBkxb4ml64o0NBzSSU61Gr0FvdKY.2fUJ4209d30RoMeg80rlYUUPq3DxzQm5nkUjAnUcuFY&amp;dib_tag=se&amp;keywords=El+Camino+del+Padre&amp;qid=1751882441&amp;sprefix=el+camino+del+padre%2Caps%2C158&amp;sr=8-1\" data-affiliate=\"true\" data-affiliate-url=\"https:\/\/www.amazon.es\/saga-longevos-Camino-Padre-Planeta\/dp\/8408304755\/ref=sr_1_1?__mk_es_ES=%C3%85M%C3%85%C5%BD%C3%95%C3%91&amp;crid=3L8F7019TRKSK&amp;dib=eyJ2IjoiMSJ9.MGpImLXhrt-kHnt3sBDhCP-tYCtTF9a74wZ2OyKWqA7aI8Uyz-UFpcwj7p6MVznTUedjHiFGkVM_LROYKNs8hSeb88Z_QDSOck6J_eCkTgw-WGIIXbFGxPMcifkhoH0o6kaMa40ZD3bfsFjWx0C9H-2lk-uJda4WOGqDxhz9t0gTbDHKLNM17HFb3P9CP6tn8QFNyAYyH1zt-JEaSZRFc1d5W-FEYzvWu1cv0N5qG9WfKznhd3NdNM7krsPVV_VbZ5NUxLCjL8hI-t8sBkxb4ml64o0NBzSSU61Gr0FvdKY.2fUJ4209d30RoMeg80rlYUUPq3DxzQm5nkUjAnUcuFY&amp;dib_tag=se&amp;keywords=El+Camino+del+Padre&amp;qid=1751882441&amp;sprefix=el+camino+del+padre%2Caps%2C158&amp;sr=8-1&amp;tag=esquirespain-21\" data-affiliate-network=\"{&quot;afflink_redirect&quot;:&quot;\/_p\/afflink\/wCRo\/amazon-s-saga-longevos-camino-padre-planeta-dp-8755-ref-sr-1-1&quot;,&quot;site_id&quot;:&quot;92d07c0b-730d-4727-bddc-68f85354bda9&quot;,&quot;network&quot;:{&quot;name&quot;:&quot;Amazon&quot;},&quot;metadata&quot;:{&quot;links&quot;:{&quot;default&quot;:&quot;https:\/\/www.amazon.es\/saga-longevos-Camino-Padre-Planeta\/dp\/8408304755\/ref=sr_1_1?__mk_es_ES=%C3%85M%C3%85%C5%BD%C3%95%C3%91&amp;crid=3L8F7019TRKSK&amp;dib=eyJ2IjoiMSJ9.MGpImLXhrt-kHnt3sBDhCP-tYCtTF9a74wZ2OyKWqA7aI8Uyz-UFpcwj7p6MVznTUedjHiFGkVM_LROYKNs8hSeb88Z_QDSOck6J_eCkTgw-WGIIXbFGxPMcifkhoH0o6kaMa40ZD3bfsFjWx0C9H-2lk-uJda4WOGqDxhz9t0gTbDHKLNM17HFb3P9CP6tn8QFNyAYyH1zt-JEaSZRFc1d5W-FEYzvWu1cv0N5qG9WfKznhd3NdNM7krsPVV_VbZ5NUxLCjL8hI-t8sBkxb4ml64o0NBzSSU61Gr0FvdKY.2fUJ4209d30RoMeg80rlYUUPq3DxzQm5nkUjAnUcuFY&amp;dib_tag=se&amp;keywords=El+Camino+del+Padre&amp;qid=1751882441&amp;sprefix=el+camino+del+padre%2Caps%2C158&amp;sr=8-1&amp;tag=esquirespain-21&quot;}}}\" data-vars-ga-product-price=\"0,00\u00a0$\" data-vars-ga-product-retailer-id=\"7fcd4f8f-f643-4ced-b8bf-c8240c0618ac\" data-vars-ga-link-treatment=\"(not set) | (not set)\" class=\"body-link product-links css-1kzkd1m e1aq0z090\">El Camino del Padre<\/a>.<\/p>\n<p>Estuche &#8216;La saga de los longevos&#8217;: (&#8216;La vieja familia&#8217; + &#8216;Los hijos de Ad\u00e1n&#8217; + &#8216;El Camino del Padre&#8217; de Eva G.\u00aa S\u00e1enz de Urturi<\/p>\n<p><a target=\"_blank\" rel=\"nofollow noopener\" data-theme-key=\"product-image-wrapper\" href=\"https:\/\/www.amazon.es\/dp\/8408305271?tag=esquirespain-21\" aria-label=\"64\u00a0\u20ac en Amazon for Estuche &#039;La saga de los longevos&#039;: (&#039;La vieja familia&#039; + &#039;Los hijos de Ad\u00e1n&#039; + &#039;El Camino del Padre&#039; de Eva G.\u00aa S\u00e1enz de Urturi\" data-href=\"https:\/\/www.amazon.es\/dp\/8408305271\" data-product-url=\"https:\/\/www.amazon.es\/dp\/8408305271\" data-affiliate=\"true\" data-affiliate-url=\"https:\/\/www.amazon.es\/dp\/8408305271?tag=esquirespain-21\" data-affiliate-network=\"{&quot;afflink_redirect&quot;:&quot;\/_p\/afflink\/wAhZ\/amazon-estuche-la-saga-de-los&quot;,&quot;site_id&quot;:&quot;92d07c0b-730d-4727-bddc-68f85354bda9&quot;,&quot;network&quot;:{&quot;name&quot;:&quot;Amazon&quot;},&quot;metadata&quot;:{&quot;links&quot;:{&quot;default&quot;:&quot;https:\/\/www.amazon.es\/dp\/8408305271?tag=esquirespain-21&quot;}}}\" data-vars-ga-call-to-action=\"64\u00a0\u20ac en Amazon\" data-vars-ga-media-role=\"\" data-vars-ga-media-type=\"Single Product Embed\" data-vars-ga-outbound-link=\"https:\/\/www.amazon.es\/dp\/8408305271\" data-vars-ga-product-brand=\"PLANETA\" data-vars-ga-product-id=\"309ce279-0c9c-45c2-bd11-fade8498f39f\" data-vars-ga-product-price=\"64,31\u00a0\u20ac\" data-vars-ga-product-retailer-id=\"50e13e9d-5fe5-400e-bd1f-a91d342cf78e\" data-vars-ga-product-sem3-brand=\"PLANETA\" data-vars-ga-product-sem3-category=\"Ficci\u00f3n fant\u00e1stica de acci\u00f3n y aventura\" data-vars-ga-link-treatment=\"(not set) | (not set)\" data-vars-ga-sku=\"8408305271\" data-vars-ga-magento-tracking=\"1\" class=\"product-image-link ebgq4gw2 e1b8bpvs0 css-g6od0w e1c1bym14\"><img  alt=\"Estuche 'La saga de los longevos': ('La vieja familia' + 'Los hijos de Ad\u00e1n' + 'El Camino del Padre' de Eva G.\u00aa S\u00e1enz de Urturi\" title=\"Estuche 'La saga de los longevos': ('La vieja familia' + 'Los hijos de Ad\u00e1n' + 'El Camino del Padre' de Eva G.\u00aa S\u00e1enz de Urturi\" src=\"https:\/\/www.europesays.com\/es\/wp-content\/uploads\/2025\/09\/1751581084-51NISeRc3QL.jpg\" width=\"1000\" height=\"706\" decoding=\"async\" loading=\"lazy\"\/><\/a><\/p>\n<p data-journey-content=\"true\" data-node-id=\"9\" class=\"css-i9p093 emevuu60\">Conversamos con Urturi v\u00eda telef\u00f3nica acerca del cierre de esta trilog\u00eda, de su trayectoria literaria \u2014en torno a los quince a\u00f1os\u2014 y de otras interesantes cuestiones como la longevidad del ser humano, lo que dice la ciencia al respecto y esa necesidad de la sociedad actual de no envejecer. <\/p>\n<blockquote data-theme-key=\"pullquote\" class=\"css-1eiql25 e1pe3zr91\">\n<blockquote class=\"css-xw57yn e1pe3zr90\"><p>\u00abSe estaba creando un fen\u00f3meno de culto con esta saga y decidimos no pasar m\u00e1s a\u00f1os as\u00ed y cerrar esta etapa literaria\u00bb<\/p><\/blockquote>\n<\/blockquote>\n<p data-journey-content=\"true\" data-node-id=\"14\" class=\"css-i9p093 emevuu60\"><strong data-node-id=\"14.0\">\u00bfPor qu\u00e9 decides retomar ahora esta saga y darle un final?<br data-node-id=\"14.0.1\"\/><\/strong>Ha sido por la insistencia de los lectores, que no la han dejado en el olvido y han estado durante doce a\u00f1os, tanto en las firmas de libros como en las redes sociales, pidiendo que terminara la trilog\u00eda, que le diese un cierre. Adem\u00e1s, tambi\u00e9n ped\u00edan la primera y segunda parte en papel, que estaban agotadas y por las webs de segunda mano estaban vendi\u00e9ndose por m\u00e1s de 700 euros. Y la versi\u00f3n en ingl\u00e9s por m\u00e1s de 1.000 d\u00f3lares. Los precios iban a\u00f1o a a\u00f1o subiendo mucho. Se estaba creando un fen\u00f3meno de culto y decidimos no pasar m\u00e1s a\u00f1os as\u00ed y cerrar esta etapa literaria.<\/p>\n<p data-journey-content=\"true\" data-node-id=\"16\" class=\"css-i9p093 emevuu60\"><strong data-node-id=\"16.0\">Y esas dos primeras partes han sido revisadas para dicha reedici\u00f3n en Planeta.<br data-node-id=\"16.0.1\"\/><\/strong>Claro, ha sido un a\u00f1o entero reescribiendo las dos. Hay lectores que tienen las ediciones antiguas y me preguntan si comprar las nuevas y les digo que yo lo har\u00eda porque, adem\u00e1s de publicarse en una edici\u00f3n de lujo muy cuidada, las historias est\u00e1n reescritas tal y como yo escribo ahora. Como escribo en 2025 y no como escrib\u00eda en 2009; ahora hay diez novelas de por medio, un oficio de diecis\u00e9is a\u00f1os.<\/p>\n<p data-journey-content=\"true\" data-node-id=\"18\" class=\"css-i9p093 emevuu60\"><strong data-node-id=\"18.0\">\u00bfC\u00f3mo ha sido volver a acercarte a estos personajes y despedirte de ellos?<br data-node-id=\"18.0.1\"\/><\/strong>No he estado alejado de ellos porque estos personajes aparecen tambi\u00e9n en la \u00abTrilog\u00eda de la Ciudad Blanca\u00bb, tanto en Los ritos del agua como en Los se\u00f1ores del tiempo. Y en lo que respecta al desenlace, yo en 2014 ya hab\u00eda realizado toda la escaleta de la trilog\u00eda, por lo que esta tercera parte estaba bastante terminada. As\u00ed que no he tenido que pensar c\u00f3mo terminar la saga, puesto que ya estaba escrito cu\u00e1l iba a ser el final y cu\u00e1l iba a ser la suerte de cada uno de los personajes.<\/p>\n<blockquote data-theme-key=\"pullquote\" class=\"css-1eiql25 e1pe3zr91\">\n<blockquote class=\"css-xw57yn e1pe3zr90\"><p>\u00abSi con 65 a\u00f1os tenemos el cerebro y el cuerpo de una persona de 30, podr\u00edamos seguir trabajando todos, no ser\u00eda necesaria la jubilaci\u00f3n. Esto resolver\u00e1 un gran problema para todos los Gobiernos\u00bb<\/p><\/blockquote>\n<\/blockquote>\n<p data-journey-content=\"true\" data-node-id=\"21\" class=\"css-i9p093 emevuu60\"><strong data-node-id=\"21.0\">De nuevo en esta tercera novela se narra una historia desarrollada en diferentes territorios del mundo y en distintos contextos hist\u00f3ricos. \u00bfC\u00f3mo fue la labor de documentaci\u00f3n?<br data-node-id=\"21.0.1\"\/><\/strong>En El Camino del Padre se recorre el Camino de Santiago (la parte de Navarra y La Rioja), pero tambi\u00e9n se tratan aspectos de la cultura vikinga, por lo que viaj\u00e9 hasta Noruega y Suecia y all\u00ed visit\u00e9 museos que recrean el d\u00eda a d\u00eda de los vikingos de hace mil a\u00f1os. Se recrea, adem\u00e1s, la Batalla de Kinsale, que sucedi\u00f3 en el sur de Irlanda, hasta donde tambi\u00e9n viaj\u00e9 aunque fue dif\u00edcil llegar y en donde contrat\u00e9 a una gu\u00eda espa\u00f1ola que me explic\u00f3 lo sucedido. Visit\u00e9 tambi\u00e9n el Museo de los Padres Peregrinos en Massachusetts o el Pierpont Morgan de Nueva York. Fui a todos los escenarios de esta novela, al igual que de las anteriores: Santander, Monte Castillo, Costa Quebrada\u2026<\/p>\n<p>&#8216;La saga de los longevos 3. El Camino del Padre&#8217; de Eva G.\u00aa S\u00e1enz de Urturi [Planeta]<\/p>\n<p><a target=\"_blank\" rel=\"nofollow noopener\" data-theme-key=\"product-image-wrapper\" href=\"https:\/\/www.amazon.es\/dp\/8408304755?tag=esquirespain-21\" aria-label=\"22\u00a0\u20ac en Amazon for &#039;La saga de los longevos 3. El Camino del Padre&#039; de Eva G.\u00aa S\u00e1enz de Urturi [Planeta]\" data-href=\"https:\/\/www.amazon.es\/dp\/8408304755\" data-product-url=\"https:\/\/www.amazon.es\/dp\/8408304755\" data-affiliate=\"true\" data-affiliate-url=\"https:\/\/www.amazon.es\/dp\/8408304755?tag=esquirespain-21\" data-affiliate-network=\"{&quot;afflink_redirect&quot;:&quot;\/_p\/afflink\/wAha\/amazon-la-saga-de-los-longevos&quot;,&quot;site_id&quot;:&quot;92d07c0b-730d-4727-bddc-68f85354bda9&quot;,&quot;network&quot;:{&quot;name&quot;:&quot;Amazon&quot;},&quot;metadata&quot;:{&quot;links&quot;:{&quot;default&quot;:&quot;https:\/\/www.amazon.es\/dp\/8408304755?tag=esquirespain-21&quot;}}}\" data-vars-ga-call-to-action=\"22\u00a0\u20ac en Amazon\" data-vars-ga-media-role=\"\" data-vars-ga-media-type=\"Single Product Embed\" data-vars-ga-outbound-link=\"https:\/\/www.amazon.es\/dp\/8408304755\" data-vars-ga-product-brand=\"Editorial Planeta\" data-vars-ga-product-id=\"12668ed2-5522-44cb-aac0-896b75d6e520\" data-vars-ga-product-price=\"21,75\u00a0\u20ac\" data-vars-ga-product-retailer-id=\"f15282d7-57b6-4f71-8031-b5bc9e251b24\" data-vars-ga-product-sem3-brand=\"Editorial Planeta\" data-vars-ga-product-sem3-category=\"Ficci\u00f3n fant\u00e1stica de acci\u00f3n y aventura\" data-vars-ga-link-treatment=\"(not set) | (not set)\" data-vars-ga-sku=\"8408304755\" data-vars-ga-magento-tracking=\"1\" class=\"product-image-link ebgq4gw2 e1b8bpvs0 css-g6od0w e1c1bym14\"><img  alt=\"'La saga de los longevos 3. El Camino del Padre' de Eva G.\u00aa S\u00e1enz de Urturi [Planeta]\" title=\"'La saga de los longevos 3. El Camino del Padre' de Eva G.\u00aa S\u00e1enz de Urturi [Planeta]\" src=\"https:\/\/www.europesays.com\/es\/wp-content\/uploads\/2025\/09\/1751581154-61-7psAt1mL.jpg\" width=\"657\" height=\"1000\" decoding=\"async\" loading=\"lazy\"\/><\/a><\/p>\n<p data-journey-content=\"true\" data-node-id=\"24\" class=\"css-i9p093 emevuu60\"><strong data-node-id=\"24.0\">Son muchos lugares, muchas \u00e9pocas, muchos personajes, diferentes puntos de vista\u2026 Debe ser dif\u00edcil estructurarlo bien para que todo encaje.<br data-node-id=\"24.0.1\"\/><\/strong>En esta tercera novela vemos el punto de vista de Adriana, el punto de vista de Iago, y se suma el punto de vista del villano, del antagonista, que es muy interesante porque es un personaje muy fr\u00edo, gran mani\u00e1tico del control y est\u00e1 muy pendiente de su aspecto. Al fin vemos lo que hay en su cabeza. Entonces tener tantas voces y que a la vez se vaya narrando la trama s\u00ed que requiere mucha organizaci\u00f3n y preparaci\u00f3n previa. Por eso antes del primer borrador yo suelo dedicar entre tres y seis meses \u00fanicamente al escaletado y a crear todo el entramado de la trama principal y las subtramas. <\/p>\n<p data-journey-content=\"true\" data-node-id=\"26\" class=\"css-i9p093 emevuu60\"><strong data-node-id=\"26.0\">La longevidad (que no la mortalidad, como bien se aprecia en la trilog\u00eda) es la base de la que parte esta trilog\u00eda. \u00bfPor qu\u00e9 quisiste ahondar en este tema? \u00bfC\u00f3mo surgi\u00f3?<br data-node-id=\"26.0.1\"\/><\/strong>Yo soy de ciencias puras y nunca dejo de leer revistas cient\u00edficas. En 2009, cuando comienzo a escribir esta historia, hab\u00eda un boom tanto a nivel nacional como internacional en relaci\u00f3n a diversos estudios antienvejecimiento. En aquel momento la comunidad cient\u00edfica estaba un poco en pa\u00f1ales, no se ten\u00eda tan claro como se tiene ahora. Una de las teor\u00edas m\u00e1s fuertes era la de los tel\u00f3meros, pero exist\u00edan otras muchas. Ahora, en 2025, se tiene claro que el antienvejecimiento se desarrollar\u00e1 a trav\u00e9s de la terapia g\u00e9nica \u2014es decir, con una inyecci\u00f3n que mantenga los tel\u00f3meros largos sin activar la telomerasa, que es la que activa los genes del c\u00e1ncer\u2014 y se est\u00e1 hablando ya de una fecha, de 2045. La idea es que no den la cara enfermedades relacionadas con el envejecimiento. Los nanobots y la Inteligencia Artificial tambi\u00e9n ser\u00e1n de ayuda.<\/p>\n<p data-journey-content=\"true\" data-node-id=\"28\" class=\"css-i9p093 emevuu60\"><strong data-node-id=\"28.0\">Hay en la sociedad actual una necesidad de no envejecer, de mantenerse eternamente joven. Tanto en lo que se refiere a la salud como en lo referido a la apariencia.<br data-node-id=\"28.0.1\"\/><\/strong>El gran problema es la cuesti\u00f3n de la salud, porque ahora mismo la mayor parte de las muertes en el mundo suceden por enfermedades asociadas al envejecimiento, y eso supone un gran problema para los Gobiernos. Adem\u00e1s, si con 65 a\u00f1os tenemos el cerebro y el cuerpo de una persona de 30, podr\u00edamos seguir trabajando todos, no ser\u00eda necesaria la jubilaci\u00f3n. Esto resolver\u00e1 un gran problema para todos los Gobiernos del mundo como es el problema de las pensiones. As\u00ed que interesa a todos: a ciudadanos y a Gobiernos.<\/p>\n<blockquote data-theme-key=\"pullquote\" class=\"css-1eiql25 e1pe3zr91\">\n<blockquote class=\"css-xw57yn e1pe3zr90\"><p>\u00abLo que los m\u00e9dicos siempre ven es que casi nadie est\u00e1 preparado para la muerte. Nadie est\u00e1 preparado para morir en paz\u00bb<\/p><\/blockquote>\n<\/blockquote>\n<p data-journey-content=\"true\" data-node-id=\"31\" class=\"css-i9p093 emevuu60\"><strong data-node-id=\"31.0\">\u00bfQu\u00e9 consideras que ser\u00eda lo mejor y lo peor de no envejecer durante tant\u00edsimos a\u00f1os?<br data-node-id=\"31.0.1\"\/><\/strong>Hay personas que dicen que les aterra poder vivir durante siglos, pero lo que los m\u00e9dicos siempre ven es que casi nadie est\u00e1 preparado para la muerte; es decir, que cuando a alguien le dan un diagn\u00f3stico fatal hace lo posible para vivir, incluso someterse a tratamientos muy dolorosos. Nadie est\u00e1 preparado para morir en paz. As\u00ed que eso ser\u00eda lo mejor de vivir durante mucho tiempo. Y lo peor ser\u00eda la cantidad de duelos y traumas que iremos acumulando. Al contrario de lo que se piensa, yo no creo que vivir muchos a\u00f1os nos trae sabidur\u00eda. Seremos m\u00e1s experimentados, pero no necesariamente m\u00e1s sabios. Es necesario priorizar la salud mental.<\/p>\n<p data-journey-content=\"true\" data-node-id=\"33\" class=\"css-i9p093 emevuu60\"><strong data-node-id=\"33.0\">Interesante eso de que envejecer no te hace m\u00e1s sabio.<br data-node-id=\"33.0.1\"\/><\/strong>S\u00f3lo hay que observar a las personas con m\u00e1s de 80 a\u00f1os. \u00bfRealmente son m\u00e1s sabios? Se escucha mucho decir eso de \u201cel abuelo o la abuela es as\u00ed y ya no va a cambiar\u201d. O eso de \u201cya es demasiado mayor para que cambie\u201d. La gente, realmente, se enquista en su manera de ser y, sobre todo, en sus defectos de car\u00e1cter. Las personas arrastran sus defectos y son muy dif\u00edciles hacerles cambiar de h\u00e1bitos una vez envejecen. Si no hay un buen trabajo de salud mental las creencias limitantes de los individuos se enquistar\u00e1n.<\/p>\n<blockquote data-theme-key=\"pullquote\" class=\"css-1eiql25 e1pe3zr91\">\n<blockquote class=\"css-xw57yn e1pe3zr90\"><p>\u00abCuando empec\u00e9 con la premisa de esta historia ten\u00eda 37 a\u00f1os y pensaba que s\u00ed me gustar\u00eda ser longeva. Ahora mismo no. Con 86 a\u00f1os y medio, que es la media de esperanza de vida de las mujeres en Espa\u00f1a actualmente, yo creo que es suficiente\u00bb<\/p><\/blockquote>\n<\/blockquote>\n<p><img draggable=\"true\" alt=\"woman holding a book in a library setting with shelves full of books\" title=\"S\u00e1enz de Urturi. Sole Hafner, 2025\" loading=\"lazy\" width=\"640\" height=\"960\" decoding=\"async\" data-nimg=\"1\" style=\"color:transparent;width:100%;height:auto;\"   src=\"https:\/\/www.europesays.com\/es\/wp-content\/uploads\/2025\/09\/egsu-sole-2025-6867030ba0853.jpeg\" class=\"css-0 e1g79fud0\"\/><\/p>\n<p>Sole Hafner<\/p>\n<p data-journey-content=\"true\" data-node-id=\"37\" class=\"css-i9p093 emevuu60\"><strong data-node-id=\"37.0\">Despu\u00e9s de haber escrito esta trilog\u00eda, \u00bfte gustar\u00eda ser longeva tambi\u00e9n?<br data-node-id=\"37.0.1\"\/><\/strong>Cuando empec\u00e9 con la premisa de esta historia ten\u00eda 37 a\u00f1os y pensaba que s\u00ed, pero despu\u00e9s de haber estado durante diecis\u00e9is a\u00f1os plante\u00e1ndomelo y poni\u00e9ndome en la piel hipot\u00e9tica de estos personajes, mi conclusi\u00f3n ahora mismo es que no. Con 86 a\u00f1os y medio, que es la media de esperanza de vida de las mujeres en Espa\u00f1a actualmente, yo creo que es suficiente. <br data-node-id=\"37.2\"\/><\/p>\n<p data-journey-content=\"true\" data-node-id=\"39\" class=\"css-i9p093 emevuu60\"><strong data-node-id=\"39.0\">Aparte del saber cient\u00edfico y las dosis de intriga, en tus novelas se aprecia un gusto especial por la Historia, por el pasado de la Humanidad.<br data-node-id=\"39.0.1\"\/><\/strong>S\u00ed, siempre me interes\u00f3. Tal vez porque soy vasca y en la cultura vasca las ra\u00edces son muy importantes. He crecido en una tierra en la que ve\u00eda los restos del pasado, la zona de la monta\u00f1a alavesa est\u00e1 plagada de d\u00f3lmenes, por ejemplo. Todo el norte espa\u00f1ol es una zona que lleva habitada desde hace m\u00e1s de 40.000 a\u00f1os y todos esos vestigios han estado muy presente en mi d\u00eda a d\u00eda. Adem\u00e1s, mi padre era una persona muy culta y me llevaba a visitar museos y a recorrer Espa\u00f1a en busca de su pasado. As\u00ed que ese amor por la Historia lo naturalic\u00e9 desde peque\u00f1a y aunque haya estudiado \u00d3ptica y Optometr\u00eda siempre estaba leyendo ensayos hist\u00f3ricos y muchas biograf\u00edas.<\/p>\n<p data-journey-content=\"true\" data-node-id=\"41\" class=\"css-i9p093 emevuu60\"><strong data-node-id=\"41.0\">\u00bfHay que reivindicar esa pasi\u00f3n por la Historia?<br data-node-id=\"41.0.1\"\/><\/strong>Es que la Historia siempre tiene mucho que ense\u00f1arnos. Muchas veces pensamos que estamos pasando por sucesos por primera vez en la Historia y no es as\u00ed. Cuando leo, por ejemplo, a Julio C\u00e9sar o a Her\u00f3doto y comentan que muchos padres se quejan de que los hijos no respetan las costumbres\u2026 Qu\u00e9 actual, \u00bfno? (Risas). Me sorprende en ocasiones que me suene tan actual libros escritos hace unos mil a\u00f1os.<\/p>\n<blockquote data-theme-key=\"pullquote\" class=\"css-1eiql25 e1pe3zr91\">\n<blockquote class=\"css-xw57yn e1pe3zr90\"><p>\u00abLo que yo s\u00e9 como ser humano es much\u00edsimo m\u00e1s que si hubiese seguido trabajando como \u00f3ptico o en la Universidad. El bagaje cultural y el conocimiento que me han aportado este oficio es muy grande\u00bb<\/p><\/blockquote>\n<\/blockquote>\n<p data-journey-content=\"true\" data-node-id=\"44\" class=\"css-i9p093 emevuu60\"><strong data-node-id=\"44.0\">Son 16 a\u00f1os desde que comenzaste a escribir esa trilog\u00eda que ahora en 2025 das por finalizada. \u00bfQu\u00e9 balance haces de tu trayectoria literaria?<br data-node-id=\"44.0.1\"\/><\/strong>Estoy orgullosa de haber escrito sin restricciones en cuanto a g\u00e9neros. He escrito novelas hist\u00f3ricas, thrillers, esta saga que pone nervioso a periodistas y libreros porque no pueden circunscribirla a un solo g\u00e9nero\u2026 Tambi\u00e9n me enorgullezco de que, con todo lo que me he documentado durante estos a\u00f1os para mis novelas, lo que yo s\u00e9 como ser humano es much\u00edsimo m\u00e1s que si hubiese seguido trabajando como \u00f3ptico o en la Universidad. El bagaje cultural y el conocimiento \u2014de la Historia o de la psicolog\u00eda humana\u2014 que me han aportado este oficio es muy grande.<\/p>\n<p data-journey-content=\"true\" data-node-id=\"46\" class=\"css-i9p093 emevuu60\"><strong data-node-id=\"46.0\">Por \u00faltimo, \u00bfnos recomiendas uno o dos libros que hayas le\u00eddo recientemente para devorarlos este verano?<br data-node-id=\"46.0.1\"\/><\/strong>Lo \u00faltimo que he le\u00eddo ha sido <a href=\"https:\/\/www.amazon.es\/vegetariana-Random-House-Han-Kang\/dp\/8439743890?tag=esquirespain-21\" target=\"_blank\" rel=\"nofollow noopener\" data-vars-ga-outbound-link=\"https:\/\/www.amazon.es\/vegetariana-Random-House-Han-Kang\/dp\/8439743890\" data-vars-ga-ux-element=\"Hyperlink\" data-vars-ga-call-to-action=\"La vegetariana\" data-vars-ga-product-id=\"97226359-9230-40ac-b600-b9676284830c\" data-node-id=\"46.2.0\" data-href=\"https:\/\/www.amazon.es\/vegetariana-Random-House-Han-Kang\/dp\/8439743890\" data-product-url=\"https:\/\/www.amazon.es\/vegetariana-Random-House-Han-Kang\/dp\/8439743890\" data-affiliate=\"true\" data-affiliate-url=\"https:\/\/www.amazon.es\/vegetariana-Random-House-Han-Kang\/dp\/8439743890?tag=esquirespain-21\" data-affiliate-network=\"{&quot;afflink_redirect&quot;:&quot;\/_p\/afflink\/wAhY\/amazon-s-vegetariana-random-house-han-kang-dp-8439743890&quot;,&quot;site_id&quot;:&quot;92d07c0b-730d-4727-bddc-68f85354bda9&quot;,&quot;network&quot;:{&quot;name&quot;:&quot;Amazon&quot;},&quot;metadata&quot;:{&quot;links&quot;:{&quot;default&quot;:&quot;https:\/\/www.amazon.es\/vegetariana-Random-House-Han-Kang\/dp\/8439743890?tag=esquirespain-21&quot;}}}\" data-vars-ga-product-price=\"0,00\u00a0$\" data-vars-ga-product-retailer-id=\"71ae9d05-119d-48f0-95f4-2342265c5f2b\" data-vars-ga-link-treatment=\"(not set) | (not set)\" class=\"body-link product-links css-1kzkd1m e1aq0z090\">La vegetariana<\/a> de Han Kang. Me gust\u00f3 y me dio mucho fr\u00edo el punto de vista del marido cuando describ\u00eda a su mujer en t\u00e9rminos tan pragm\u00e1ticos. Y ahora estoy leyendo <a href=\"https:\/\/www.amazon.es\/Las-hijas-horribles-Ed-VARIOS\/dp\/8419119407?tag=esquirespain-21\" target=\"_blank\" rel=\"nofollow noopener\" data-vars-ga-outbound-link=\"https:\/\/www.amazon.es\/Las-hijas-horribles-Ed-VARIOS\/dp\/8419119407\" data-vars-ga-ux-element=\"Hyperlink\" data-vars-ga-call-to-action=\"Las hijas horribles\" data-vars-ga-product-id=\"aed24a09-ad57-46ae-8953-bfcd90a49783\" data-node-id=\"46.4.0\" data-href=\"https:\/\/www.amazon.es\/Las-hijas-horribles-Ed-VARIOS\/dp\/8419119407\" data-product-url=\"https:\/\/www.amazon.es\/Las-hijas-horribles-Ed-VARIOS\/dp\/8419119407\" data-affiliate=\"true\" data-affiliate-url=\"https:\/\/www.amazon.es\/Las-hijas-horribles-Ed-VARIOS\/dp\/8419119407?tag=esquirespain-21\" data-affiliate-network=\"{&quot;afflink_redirect&quot;:&quot;\/_p\/afflink\/wAhn\/amazon-s-las-hijas-horribl-ed-varios-dp-8419119407&quot;,&quot;site_id&quot;:&quot;92d07c0b-730d-4727-bddc-68f85354bda9&quot;,&quot;network&quot;:{&quot;name&quot;:&quot;Amazon&quot;},&quot;metadata&quot;:{&quot;links&quot;:{&quot;default&quot;:&quot;https:\/\/www.amazon.es\/Las-hijas-horribles-Ed-VARIOS\/dp\/8419119407?tag=esquirespain-21&quot;}}}\" data-vars-ga-product-price=\"0,00\u00a0$\" data-vars-ga-product-retailer-id=\"7b6ed634-f19a-468d-a45e-fbac69c65588\" data-vars-ga-link-treatment=\"(not set) | (not set)\" class=\"body-link product-links css-1kzkd1m e1aq0z090\">Las hijas horribles<\/a> de Blanca Lacasa, que tambi\u00e9n me est\u00e1 gustando mucho, es muy valiente y cualquier hija deber\u00eda leerlo.<\/p>\n<p>&#8216;La vegetariana&#8217; de Han Kang [Random House]<\/p>\n<p><a target=\"_blank\" rel=\"nofollow noopener\" data-theme-key=\"product-image-wrapper\" href=\"https:\/\/www.amazon.es\/dp\/8439743890?tag=esquirespain-21\" aria-label=\"20\u00a0\u20ac en Amazon for &#039;La vegetariana&#039; de Han Kang [Random House]\" data-href=\"https:\/\/www.amazon.es\/dp\/8439743890\" data-product-url=\"https:\/\/www.amazon.es\/dp\/8439743890\" data-affiliate=\"true\" data-affiliate-url=\"https:\/\/www.amazon.es\/dp\/8439743890?tag=esquirespain-21\" data-affiliate-network=\"{&quot;afflink_redirect&quot;:&quot;\/_p\/afflink\/wCV5\/amazon-la-vegetariana-random-house&quot;,&quot;site_id&quot;:&quot;92d07c0b-730d-4727-bddc-68f85354bda9&quot;,&quot;network&quot;:{&quot;name&quot;:&quot;Amazon&quot;},&quot;metadata&quot;:{&quot;links&quot;:{&quot;default&quot;:&quot;https:\/\/www.amazon.es\/dp\/8439743890?tag=esquirespain-21&quot;}}}\" data-vars-ga-call-to-action=\"20\u00a0\u20ac en Amazon\" data-vars-ga-media-role=\"\" data-vars-ga-media-type=\"Single Product Embed\" data-vars-ga-outbound-link=\"https:\/\/www.amazon.es\/dp\/8439743890\" data-vars-ga-product-id=\"7f36201a-054a-4b75-9290-70c0fae97609\" data-vars-ga-product-price=\"19,85\u00a0\u20ac\" data-vars-ga-product-retailer-id=\"74e9b6db-2e0b-4683-ba99-8d5ab40d41fd\" data-vars-ga-product-sem3-category=\"Ciencias de la Tierra\" data-vars-ga-link-treatment=\"(not set) | (not set)\" data-vars-ga-sku=\"8439743890\" data-vars-ga-magento-tracking=\"1\" class=\"product-image-link ebgq4gw2 e1b8bpvs0 css-g6od0w e1c1bym14\"><img  alt=\"'La vegetariana' de Han Kang [Random House]\" title=\"'La vegetariana' de Han Kang [Random House]\" src=\"https:\/\/www.europesays.com\/es\/wp-content\/uploads\/2025\/09\/1715017544-71i1PN0PeVL.jpg\" width=\"1519\" height=\"2560\" decoding=\"async\" loading=\"lazy\"\/><\/a><\/p>\n<p>&#8216;Las hijas horribles&#8217; de Blanca Lacasa [Libros del K.O.]<\/p>\n<p><a target=\"_blank\" rel=\"nofollow noopener\" data-theme-key=\"product-image-wrapper\" href=\"https:\/\/www.amazon.es\/dp\/8419119407?tag=esquirespain-21\" aria-label=\"21\u00a0\u20ac en Amazon for &#039;Las hijas horribles&#039; de Blanca Lacasa [Libros del K.O.]\" data-href=\"https:\/\/www.amazon.es\/dp\/8419119407\" data-product-url=\"https:\/\/www.amazon.es\/dp\/8419119407\" data-affiliate=\"true\" data-affiliate-url=\"https:\/\/www.amazon.es\/dp\/8419119407?tag=esquirespain-21\" data-affiliate-network=\"{&quot;afflink_redirect&quot;:&quot;\/_p\/afflink\/wCV6\/amazon-las-hijas-horribl-3a-ed&quot;,&quot;site_id&quot;:&quot;92d07c0b-730d-4727-bddc-68f85354bda9&quot;,&quot;network&quot;:{&quot;name&quot;:&quot;Amazon&quot;},&quot;metadata&quot;:{&quot;links&quot;:{&quot;default&quot;:&quot;https:\/\/www.amazon.es\/dp\/8419119407?tag=esquirespain-21&quot;}}}\" data-vars-ga-call-to-action=\"21\u00a0\u20ac en Amazon\" data-vars-ga-media-role=\"\" data-vars-ga-media-type=\"Single Product Embed\" data-vars-ga-outbound-link=\"https:\/\/www.amazon.es\/dp\/8419119407\" data-vars-ga-product-id=\"770b828d-022c-4648-b0d9-211348f8ea3d\" data-vars-ga-product-price=\"20,80\u00a0\u20ac\" data-vars-ga-product-retailer-id=\"77edb04f-3ee5-46cd-9c12-470c1cb14d6f\" data-vars-ga-product-sem3-category=\"Periodismo\" data-vars-ga-link-treatment=\"(not set) | (not set)\" data-vars-ga-sku=\"8419119407\" data-vars-ga-magento-tracking=\"1\" class=\"product-image-link ebgq4gw2 e1b8bpvs0 css-g6od0w e1c1bym14\"><img  alt=\"'Las hijas horribles' de Blanca Lacasa [Libros del K.O.]\" title=\"'Las hijas horribles' de Blanca Lacasa [Libros del K.O.]\" src=\"https:\/\/www.europesays.com\/es\/wp-content\/uploads\/2025\/09\/1713960281-61Crp2aNFfL.jpg\" width=\"781\" height=\"1200\" decoding=\"async\" loading=\"lazy\"\/><\/a><\/p>\n","protected":false},"excerpt":{"rendered":"La vitoriana Eva Garc\u00eda S\u00e1enz de Urturi (1972) ha vendido m\u00e1s de 4 millones de ejemplares solamente con&hellip;\n","protected":false},"author":2,"featured_media":104218,"comment_status":"","ping_status":"","sticky":false,"template":"","format":"standard","meta":{"footnotes":""},"categories":[172],"tags":[224,1180,146,147,25,24,225,8237,23],"class_list":{"0":"post-104217","1":"post","2":"type-post","3":"status-publish","4":"format-standard","5":"has-post-thumbnail","7":"category-libros","8":"tag-books","9":"tag-editorial","10":"tag-entertainment","11":"tag-entretenimiento","12":"tag-es","13":"tag-espana","14":"tag-libros","15":"tag-redis","16":"tag-spain"},"share_on_mastodon":{"url":"","error":""},"_links":{"self":[{"href":"https:\/\/www.europesays.com\/es\/wp-json\/wp\/v2\/posts\/104217","targetHints":{"allow":["GET"]}}],"collection":[{"href":"https:\/\/www.europesays.com\/es\/wp-json\/wp\/v2\/posts"}],"about":[{"href":"https:\/\/www.europesays.com\/es\/wp-json\/wp\/v2\/types\/post"}],"author":[{"embeddable":true,"href":"https:\/\/www.europesays.com\/es\/wp-json\/wp\/v2\/users\/2"}],"replies":[{"embeddable":true,"href":"https:\/\/www.europesays.com\/es\/wp-json\/wp\/v2\/comments?post=104217"}],"version-history":[{"count":0,"href":"https:\/\/www.europesays.com\/es\/wp-json\/wp\/v2\/posts\/104217\/revisions"}],"wp:featuredmedia":[{"embeddable":true,"href":"https:\/\/www.europesays.com\/es\/wp-json\/wp\/v2\/media\/104218"}],"wp:attachment":[{"href":"https:\/\/www.europesays.com\/es\/wp-json\/wp\/v2\/media?parent=104217"}],"wp:term":[{"taxonomy":"category","embeddable":true,"href":"https:\/\/www.europesays.com\/es\/wp-json\/wp\/v2\/categories?post=104217"},{"taxonomy":"post_tag","embeddable":true,"href":"https:\/\/www.europesays.com\/es\/wp-json\/wp\/v2\/tags?post=104217"}],"curies":[{"name":"wp","href":"https:\/\/api.w.org\/{rel}","templated":true}]}}