{"id":104225,"date":"2025-09-09T21:55:10","date_gmt":"2025-09-09T21:55:10","guid":{"rendered":"https:\/\/www.europesays.com\/es\/104225\/"},"modified":"2025-09-09T21:55:10","modified_gmt":"2025-09-09T21:55:10","slug":"el-brote-hospitalario-de-salmonela-se-cerrara-el-jueves-los-analisis-han-resultado-negativos","status":"publish","type":"post","link":"https:\/\/www.europesays.com\/es\/104225\/","title":{"rendered":"El brote hospitalario de salmonela se cerrar\u00e1 el jueves: \u00abLos an\u00e1lisis han resultado negativos\u00bb"},"content":{"rendered":"<p><a class=\"v-mdl-ath__fig-a\" href=\"https:\/\/www.canarias7.es\/autor\/carmen-delia-aranda-rodriguez-3370.html\" title=\"Carmen Delia Aranda Rodr\u00edguez\" rel=\"nofollow noopener\" target=\"_blank\"><br \/>\n<img decoding=\"async\" class=\"v-mdl-ath__img\" src=\"https:\/\/www.europesays.com\/es\/wp-content\/uploads\/2025\/09\/autor-3370-foto-1.jpeg\" alt=\"Carmen Delia Aranda Rodr\u00edguez\"\/><br \/>\n<\/a><\/p>\n<p class=\"v-mdl-ath__p v-mdl-ath__p--6\">\nMi\u00e9rcoles, 10 de septiembre 2025, 02:00<\/p>\n<p class=\"v-p\">El <strong>brote de salmonela <\/strong>notificado el pasado 19 de agosto en el complejo hospitalario Insular Materno Infantil podr\u00eda darse por concluido este jueves, siempre que no se detecten nuevos casos, seg\u00fan inform\u00f3 este martes en el pleno del Parlamento la consejera canaria de Sanidad, Esther Monz\u00f3n.<\/p>\n<p class=\"v-p\">El foco infeccioso, originado en la <strong>cocina central del hospital Insular de Gran Canaria<\/strong>, afect\u00f3 a<strong> 23 personas <\/strong>que desarrollaron s\u00edntomas gastrointestinales entre los d\u00edas 16 y 23 de agosto y que ya han recibido el alta epidemiol\u00f3gica, precis\u00f3 Monz\u00f3n en respuesta a una pregunta de formulada por el socialista Miguel \u00c1ngel P\u00e9rez del Pino. Los pacientes afectados por la toxiinfecci\u00f3n estaban ingresados en los hospitales Insular, Materno Infantil y en el polivalente anexo al Juan Carlos I, donde resultaron infectadas diez personas.<\/p>\n<p class=\"v-p\">Hasta ahora, los <strong>an\u00e1lisis <\/strong>de las muestras de los alimentos y de los espacios donde se manipularon no han permitido identificar el origen del brote. \u00abTodos los alimentos examinados, tanto de los servidos en los d\u00edas en los que aparecieron los casos como en jornadas posteriores,<strong> han dado negativo por salmonela<\/strong>\u00bb, explic\u00f3 Monz\u00f3n.<\/p>\n<p class=\"v-p\">No obstante, se\u00f1al\u00f3 que se <strong>han remitido muestras al Instituto Nacional de Microbiolog\u00eda<\/strong>, del Instutituto de Salud Carlos III, en cumplimiento del protocolo de actuaci\u00f3n previsto para estos episodios. \u00abEn todo momento, tanto la Direcci\u00f3n General de Salud P\u00fablica como la gerencia del complejo hospitalario actuaron con rapidez\u00bb, asegur\u00f3 la consejera.<\/p>\n<p class=\"v-p\"> Entre las medidas de control adoptadas, cit\u00f3 el aislamiento de los pacientes, limpiezas de choque, la vigilancia cl\u00ednica y microbiol\u00f3gica, as\u00ed como el recordatorio de las normas de higiene en la manipulaci\u00f3n de alimentos al personal implicado. \u00abEstos brotes son posibles, pero el protocolo ha funcionado perfectmente bien\u00bb, concluy\u00f3.<\/p>\n<p>Seguridad sanitaria comprometida<\/p>\n<p class=\"v-p\">Por su parte, P\u00e9rez del Pino reproch\u00f3 que el brote, detectado inicialmente en once personas hospitalizadas, se extendiera a otras tantas. \u00abEse <strong>incremento exponencial <\/strong>de los casos se puede deber a un fallo sistem\u00e1tico del protocolo de seguridad alimentaria y de vigilancia epidemiol\u00f3gica\u00bb, advirti\u00f3 el diputado del grupo socialista.<\/p>\n<p class=\"v-p\">Adem\u00e1s, Del Pino record\u00f3 que el origen estuvo en la cocina central del hospital Insular, un espacio <strong>donde la seguridad \u00abdeber\u00eda ser m\u00e1xima\u00bb<\/strong>. \u00abTardaron demasiado en inmovilizar los alimentos sospechosos y en obtener los resultados anal\u00edticos\u00bb, critic\u00f3 el diputado regional, calificando de inaceptable la demora por tratarse de enfermos y personas vulnerables.<\/p>\n<p><a href=\"http:\/\/www.canarias7.es\/sociedad\/salud\/dos-nuevos-casos-elevan-pacientes-afectados-brote-20250827140753-nt.html#vtm_modulosEngag=mod-rel:sociedad:noticia:1:cmp:1-not\" class=\"v-a-link\" aria-label=\"Imagen\" rel=\"nofollow noopener\" target=\"_blank\"><\/p>\n<p><img decoding=\"async\" loading=\"lazy\" src=\"https:\/\/s1.ppllstatics.com\/canarias7\/www\/multimedia\/2025\/08\/27\/cocina-kdcB--366x256@Canarias7.jpg\" class=\"v-a-img\" width=\"258\" height=\"180\" alt=\"\" data-voc-vtm-id=\"in-text-traffic\"\/><\/p>\n<p><\/a><\/p>\n<p>Comenta<\/p>\n<p>Reporta un error<\/p>\n","protected":false},"excerpt":{"rendered":"Mi\u00e9rcoles, 10 de septiembre 2025, 02:00 El brote de salmonela notificado el pasado 19 de agosto en el&hellip;\n","protected":false},"author":2,"featured_media":104226,"comment_status":"","ping_status":"","sticky":false,"template":"","format":"standard","meta":{"footnotes":""},"categories":[92],"tags":[1705,11335,12626,25,24,165,36336,887,36337,5814,12771,166,23],"class_list":{"0":"post-104225","1":"post","2":"type-post","3":"status-publish","4":"format-standard","5":"has-post-thumbnail","7":"category-salud","8":"tag-analisis","9":"tag-brote","10":"tag-cerrara","11":"tag-es","12":"tag-espana","13":"tag-health","14":"tag-hospitalario","15":"tag-jueves","16":"tag-negativos","17":"tag-resultado","18":"tag-salmonela","19":"tag-salud","20":"tag-spain"},"share_on_mastodon":{"url":"","error":""},"_links":{"self":[{"href":"https:\/\/www.europesays.com\/es\/wp-json\/wp\/v2\/posts\/104225","targetHints":{"allow":["GET"]}}],"collection":[{"href":"https:\/\/www.europesays.com\/es\/wp-json\/wp\/v2\/posts"}],"about":[{"href":"https:\/\/www.europesays.com\/es\/wp-json\/wp\/v2\/types\/post"}],"author":[{"embeddable":true,"href":"https:\/\/www.europesays.com\/es\/wp-json\/wp\/v2\/users\/2"}],"replies":[{"embeddable":true,"href":"https:\/\/www.europesays.com\/es\/wp-json\/wp\/v2\/comments?post=104225"}],"version-history":[{"count":0,"href":"https:\/\/www.europesays.com\/es\/wp-json\/wp\/v2\/posts\/104225\/revisions"}],"wp:featuredmedia":[{"embeddable":true,"href":"https:\/\/www.europesays.com\/es\/wp-json\/wp\/v2\/media\/104226"}],"wp:attachment":[{"href":"https:\/\/www.europesays.com\/es\/wp-json\/wp\/v2\/media?parent=104225"}],"wp:term":[{"taxonomy":"category","embeddable":true,"href":"https:\/\/www.europesays.com\/es\/wp-json\/wp\/v2\/categories?post=104225"},{"taxonomy":"post_tag","embeddable":true,"href":"https:\/\/www.europesays.com\/es\/wp-json\/wp\/v2\/tags?post=104225"}],"curies":[{"name":"wp","href":"https:\/\/api.w.org\/{rel}","templated":true}]}}