{"id":104275,"date":"2025-09-09T22:26:07","date_gmt":"2025-09-09T22:26:07","guid":{"rendered":"https:\/\/www.europesays.com\/es\/104275\/"},"modified":"2025-09-09T22:26:07","modified_gmt":"2025-09-09T22:26:07","slug":"es-algo-que-no-tengo-superado-del-todo","status":"publish","type":"post","link":"https:\/\/www.europesays.com\/es\/104275\/","title":{"rendered":"&#8216;Es algo que no tengo superado del todo&#8217;"},"content":{"rendered":"<p>Los toros, uno de los temas m\u00e1s controvertidos en la actualidad. Y de toros, toreo y antitaurinismo han hablado este martes <b>Xabier Fortes y Albert Boadella<\/b> en La Noche en 24 Horas.<\/p>\n<p>Durante su entrevista al dramaturgo e intelectual catal\u00e1n, Fortes ha preguntado a Boadella por su afici\u00f3n taurina, a lo que este no ha dudado en entrar de lleno. Conocido apasionado del toreo, Albert Boadella ha recordado que este gusto le lleg\u00f3 de ni\u00f1o, llegando a <b>conocer a Manolete<\/b> en su primera infancia.\u00a0<\/p>\n<p>\u00abSiempre he tenido gran afici\u00f3n, <b>pienso que es un arte extraordinario<\/b> que ha sobrevivido a una \u00e9poca dif\u00edcil por las dificultades que tiene la cuesti\u00f3n animal\u00edstica\u00bb, ha explicado Boadella, dando paso a que Xabier Fortes le preguntase si \u00abentend\u00eda\u00bb a la \u00abotra parte\u00bb, la antitaurina que no ve un arte sino un maltrato.<\/p>\n<p>\u00abPor supuesto, yo entiendo perfectamente que a mucha gente le pueda repugnar y <b>es natural que existan grupos antitaurinos<\/b>\u00ab, ha continuado Boadella, que ah\u00ed ha hecho un aparte. Porque el dramaturgo catal\u00e1n ha <b>denunciado los insultos, las amenazas y los mensajes violentos<\/b> recibidos por parte de antitaurinos \u00abque me deseaban hasta un c\u00e1ncer&#8230;\u00bb.\u00a0<\/p>\n<p>En ese punto, <b>Xabier Fortes <\/b>ha tomado la palabra para explicar que \u00abme pasan cosas parecidas&#8230; por ese y por otros temas\u00bb. El periodista ha remarcado que \u00ab<b>yo tambi\u00e9n voy a los toros<\/b> y&#8230; la vida es como es me caen por eso, la vida es como es\u00bb.<\/p>\n<p>Complementariamente, el responsable de La Noche en 24 Horas\u00a0ha matizado que, pese a su afici\u00f3n, \u00ab<b>yo tambien entiendo mucho la otra parte<\/b>. El que me dice &#8216;oye Xabi, hay un animal de 500 kilos, 600 kilos, al que meten picas, banderillas y una espada&#8230;\u00bb.\u00a0<\/p>\n<p>\u00ab<b>Es una contradicci\u00f3n<\/b>, posiblemente, pero es algo que <b>no tengo superado del todo<\/b> y lo entiendo\u00bb, ha rematado, antes de que \u00e9l y Albert Boadella cambiasen de tercio.<\/p>\n","protected":false},"excerpt":{"rendered":"Los toros, uno de los temas m\u00e1s controvertidos en la actualidad. Y de toros, toreo y antitaurinismo han&hellip;\n","protected":false},"author":2,"featured_media":104276,"comment_status":"","ping_status":"","sticky":false,"template":"","format":"standard","meta":{"footnotes":""},"categories":[277],"tags":[373,168,25,24,36353,23,167,374,444,36352],"class_list":{"0":"post-104275","1":"post","2":"type-post","3":"status-publish","4":"format-standard","5":"has-post-thumbnail","7":"category-toreo","8":"tag-bullfighting","9":"tag-deportes","10":"tag-es","11":"tag-espana","12":"tag-la-noche-en-24-horas","13":"tag-spain","14":"tag-sports","15":"tag-toreo","16":"tag-toros","17":"tag-xabier-fortes"},"share_on_mastodon":{"url":"","error":""},"_links":{"self":[{"href":"https:\/\/www.europesays.com\/es\/wp-json\/wp\/v2\/posts\/104275","targetHints":{"allow":["GET"]}}],"collection":[{"href":"https:\/\/www.europesays.com\/es\/wp-json\/wp\/v2\/posts"}],"about":[{"href":"https:\/\/www.europesays.com\/es\/wp-json\/wp\/v2\/types\/post"}],"author":[{"embeddable":true,"href":"https:\/\/www.europesays.com\/es\/wp-json\/wp\/v2\/users\/2"}],"replies":[{"embeddable":true,"href":"https:\/\/www.europesays.com\/es\/wp-json\/wp\/v2\/comments?post=104275"}],"version-history":[{"count":0,"href":"https:\/\/www.europesays.com\/es\/wp-json\/wp\/v2\/posts\/104275\/revisions"}],"wp:featuredmedia":[{"embeddable":true,"href":"https:\/\/www.europesays.com\/es\/wp-json\/wp\/v2\/media\/104276"}],"wp:attachment":[{"href":"https:\/\/www.europesays.com\/es\/wp-json\/wp\/v2\/media?parent=104275"}],"wp:term":[{"taxonomy":"category","embeddable":true,"href":"https:\/\/www.europesays.com\/es\/wp-json\/wp\/v2\/categories?post=104275"},{"taxonomy":"post_tag","embeddable":true,"href":"https:\/\/www.europesays.com\/es\/wp-json\/wp\/v2\/tags?post=104275"}],"curies":[{"name":"wp","href":"https:\/\/api.w.org\/{rel}","templated":true}]}}