{"id":104310,"date":"2025-09-09T22:48:04","date_gmt":"2025-09-09T22:48:04","guid":{"rendered":"https:\/\/www.europesays.com\/es\/104310\/"},"modified":"2025-09-09T22:48:04","modified_gmt":"2025-09-09T22:48:04","slug":"cita-para-el-balonmano-en-el-corazon-de-almeria","status":"publish","type":"post","link":"https:\/\/www.europesays.com\/es\/104310\/","title":{"rendered":"Cita para el balonmano en el coraz\u00f3n de Almer\u00eda"},"content":{"rendered":"<p class=\"v-mdl-ath__p v-mdl-ath__p--6\">\nMartes, 9 de septiembre 2025, 23:03<\/p>\n<p class=\"v-p\">Almer\u00eda se prepara para vivir un fin de semana de intenso balonmano femenino con la celebraci\u00f3n de la vig\u00e9simo segunda edici\u00f3n de la Final de la Copa de Andaluc\u00eda, que tendr\u00e1 lugar el pr\u00f3ximo 20 de septiembre, a las 12:00 horas, en el hist\u00f3rico Palacio de los Juegos Mediterr\u00e1neos. La entrada ser\u00e1 libre hasta completar el aforo, lo que permitir\u00e1 a todos los aficionados almerienses al balonmano, que son muchos, disfrutar de un espect\u00e1culo deportivo que combina emoci\u00f3n, talento y cantera, recuperando la actividad en primera l\u00ednea, que no se da en la capital desde hace bastantes temporadas con el m\u00edtico Goya.<\/p>\n<p class=\"v-p\">La competici\u00f3n fue presentada oficialmente por el concejal de Ciudad Activa, Movilidad Urbana y Deporte, Antonio Casimiro, junto al presidente de la Federaci\u00f3n Andaluza de Balonmano, el tambi\u00e9n almeriense Sebasti\u00e1n Fern\u00e1ndez, y la delegada provincial, Roma Garc\u00eda.<\/p>\n<p class=\"v-p\"><strong>Mucha historia<\/strong><\/p>\n<p class=\"v-p\">Casimiro destac\u00f3 que el Palacio de los Juegos Mediterr\u00e1neos es un escenario emblem\u00e1tico de la ciudad \u2013que vivi\u00f3 batallas \u00e9picas en el Rafael Florido\u2013, pero del mismo modo tambi\u00e9n un espacio cargado de historia y simbolismo, especialmente este a\u00f1o, en el que se enmarca dentro de los actos conmemorativos del 20\u00ba aniversario de los Juegos Mediterr\u00e1neos de Almer\u00eda 2005. \u00abEstos Juegos Mediterr\u00e1neos proyectaron a Almer\u00eda como ciudad capaz de acoger competiciones internacionales de primer nivel y dejaron un legado deportivo que sigue vivo. Hoy, eventos como esta final muestran que la ciudad mantiene esa esencia y sigue siendo referente en el deporte\u00bb, afirm\u00f3 el edil.<\/p>\n<p class=\"v-p\">En cuanto a la competici\u00f3n, la final enfrentar\u00e1 al M\u00e1laga Costa del Sol, equipo que milita en la m\u00e1xima categor\u00eda del balonmano espa\u00f1ol, contra el vencedor de la semifinal que disputar\u00e1n Adesal de C\u00f3rdoba y Montequinto de Dos Hermanas (Sevilla).<\/p>\n<p class=\"v-p\"><strong>Encuentro previo<\/strong><\/p>\n<p class=\"v-p\">Sebasti\u00e1n Fern\u00e1ndez resalt\u00f3 que la jornada incluir\u00e1 un encuentro previo entre las jugadoras y la base del balonmano almeriense, fomentando el intercambio de experiencias y motivando a la cantera local, \u00ablo que sin duda enriquecer\u00e1 a los j\u00f3venes y reafirma el papel de Almer\u00eda como ciudad promotora del deporte base\u00bb, indic\u00f3.<\/p>\n<p class=\"v-p\">Adem\u00e1s de su vertiente deportiva, el evento se inscribe en la estrategia municipal de posicionar a Almer\u00eda como referente del turismo deportivo. Casimiro record\u00f3 que en 2024 m\u00e1s de 50.000 personas visitaron la ciudad para participar o disfrutar de competiciones, generando un importante impacto econ\u00f3mico y tur\u00edstico. \u00abEsta final ser\u00e1, sin lugar a dudas, un espect\u00e1culo para los aficionados al balonmano, del mismo modo que tambi\u00e9n pone de relieve la uni\u00f3n entre instituciones, clubes, empresas y sociedad. Un mensaje que refleja el lema &#8216;Juntos Podemos&#8217; y la capacidad de Almer\u00eda para seguir acogiendo grandes eventos deportivos de relevancia nacional e internacional\u00bb, concluy\u00f3 el concejal, animando a todos los almerienses a acudir y disfrutar de la \u00e9lite del balonmano andaluz.<\/p>\n<p>Comenta<\/p>\n<p>Reporta un error<\/p>\n","protected":false},"excerpt":{"rendered":"Martes, 9 de septiembre 2025, 23:03 Almer\u00eda se prepara para vivir un fin de semana de intenso balonmano&hellip;\n","protected":false},"author":2,"featured_media":104311,"comment_status":"","ping_status":"","sticky":false,"template":"","format":"standard","meta":{"footnotes":""},"categories":[278],"tags":[5644,376,7716,4835,168,25,24,375,23,167],"class_list":{"0":"post-104310","1":"post","2":"type-post","3":"status-publish","4":"format-standard","5":"has-post-thumbnail","7":"category-balonmano","8":"tag-almeria","9":"tag-balonmano","10":"tag-cita","11":"tag-corazon","12":"tag-deportes","13":"tag-es","14":"tag-espana","15":"tag-handball","16":"tag-spain","17":"tag-sports"},"share_on_mastodon":{"url":"","error":""},"_links":{"self":[{"href":"https:\/\/www.europesays.com\/es\/wp-json\/wp\/v2\/posts\/104310","targetHints":{"allow":["GET"]}}],"collection":[{"href":"https:\/\/www.europesays.com\/es\/wp-json\/wp\/v2\/posts"}],"about":[{"href":"https:\/\/www.europesays.com\/es\/wp-json\/wp\/v2\/types\/post"}],"author":[{"embeddable":true,"href":"https:\/\/www.europesays.com\/es\/wp-json\/wp\/v2\/users\/2"}],"replies":[{"embeddable":true,"href":"https:\/\/www.europesays.com\/es\/wp-json\/wp\/v2\/comments?post=104310"}],"version-history":[{"count":0,"href":"https:\/\/www.europesays.com\/es\/wp-json\/wp\/v2\/posts\/104310\/revisions"}],"wp:featuredmedia":[{"embeddable":true,"href":"https:\/\/www.europesays.com\/es\/wp-json\/wp\/v2\/media\/104311"}],"wp:attachment":[{"href":"https:\/\/www.europesays.com\/es\/wp-json\/wp\/v2\/media?parent=104310"}],"wp:term":[{"taxonomy":"category","embeddable":true,"href":"https:\/\/www.europesays.com\/es\/wp-json\/wp\/v2\/categories?post=104310"},{"taxonomy":"post_tag","embeddable":true,"href":"https:\/\/www.europesays.com\/es\/wp-json\/wp\/v2\/tags?post=104310"}],"curies":[{"name":"wp","href":"https:\/\/api.w.org\/{rel}","templated":true}]}}