{"id":104312,"date":"2025-09-09T22:49:10","date_gmt":"2025-09-09T22:49:10","guid":{"rendered":"https:\/\/www.europesays.com\/es\/104312\/"},"modified":"2025-09-09T22:49:10","modified_gmt":"2025-09-09T22:49:10","slug":"cumbre-de-osornio-faenon-de-puro-mexico-a-un-torrenueva-de-vuelta","status":"publish","type":"post","link":"https:\/\/www.europesays.com\/es\/104312\/","title":{"rendered":"Cumbre de Osornio, faen\u00f3n de puro M\u00e9xico a un Torrenueva de vuelta"},"content":{"rendered":"<p><strong>Emiliano Osornio<\/strong> brind\u00f3 faena grande, cumbre, al sobrero de <strong>Torrenueva<\/strong> que hizo quinto, por los dos pitones, a la altura del bravo novillo que tuvo enfrente premiado con la vuelta al ruedo. Obra redonda, sin m\u00e1cula rematada adem\u00e1s de modo inapelable con el acero. Ser\u00e1 dif\u00edcil volver a ver torear as\u00ed a lo largo de la feria.<\/p>\n<p>Antes, las ver\u00f3nicas de<strong> Emiliano Osornio<\/strong> fueron lo m\u00e1s destacado de la lidia del segundo, otro toro con alzada y romana que no tuvo raza ni recorrido en la muleta y no permiti\u00f3 el lucimiento del torero mexicano.<\/p>\n<p>Oreja para<strong> Jes\u00fas Romero<\/strong> del que abri\u00f3 plaza. Novillo con trap\u00edo de toro de plaza de primera y novillero ya preparado para tomar la alternativa por c\u00f3mo resolvi\u00f3 los problemas que le plante\u00f3 un animal parado y a la defensiva. Adem\u00e1s lo tumb\u00f3 de un rotundo volapi\u00e9. De imponentes hechuras fue el cuarto, con el que <strong>Jes\u00fas Romero<\/strong> volvi\u00f3 a desenvolverse con oficio y lo tumb\u00f3 de una gran estocada. Dio la vuelta al ruedo tras leve petici\u00f3n.<\/p>\n<p><strong>Ignacio Candelas<\/strong> acus\u00f3 su poco rodaje en el tercero, animal complejo que exigi\u00f3 firmeza y oficio. El torero de <strong>Ronda<\/strong> incluso sufri\u00f3 una fuerte voltereta, sin aparentes consecuencias. Silencio tras aviso. El sexto fue un novillo muy parado desde que sali\u00f3 al ruedo. In\u00e9dito qued\u00f3 <strong>Candelas<\/strong>. Silencio tras aviso.<\/p>\n<p><strong>Arganda del Rey (Madrid).<\/strong> Martes 9 de septiembre de 2025. Cinco novillos de <strong>Aldeanueva,<\/strong> de grandes hechuras y parados, y un bravo sobrero de<strong> Torrenueva (5\u00ba bis),<\/strong> de nombre Jabato, n\u00ba 6, negro entrepelado, de muy buen juego, premiado con la vuelta al ruedo. <strong>Jes\u00fas Romero,<\/strong> que sustitu\u00eda a Bruno Aloi, oreja y vuelta al ruedo tras leve petici\u00f3n;<strong> Emiliano Osornio<\/strong>, silencio y dos orejas; e <strong>Ignacio Candelas<\/strong>, silencio tras aviso en ambos. <strong>Entrada<\/strong>: No Hay Billetes.<\/p>\n","protected":false},"excerpt":{"rendered":"Emiliano Osornio brind\u00f3 faena grande, cumbre, al sobrero de Torrenueva que hizo quinto, por los dos pitones, a&hellip;\n","protected":false},"author":2,"featured_media":104313,"comment_status":"","ping_status":"","sticky":false,"template":"","format":"standard","meta":{"footnotes":""},"categories":[277],"tags":[45,12289,373,168,36357,25,24,36358,15808,36359,1226,1227,23,167,374],"class_list":{"0":"post-104312","1":"post","2":"type-post","3":"status-publish","4":"format-standard","5":"has-post-thumbnail","7":"category-toreo","8":"tag-45","9":"tag-arganda-del-rey","10":"tag-bullfighting","11":"tag-deportes","12":"tag-emiliano-osornio","13":"tag-es","14":"tag-espana","15":"tag-feria-de-la-vid-de-oro","16":"tag-ignacio-candelas","17":"tag-jesus-romero","18":"tag-noticias-de-toros","19":"tag-noticias-taurinas","20":"tag-spain","21":"tag-sports","22":"tag-toreo"},"share_on_mastodon":{"url":"","error":""},"_links":{"self":[{"href":"https:\/\/www.europesays.com\/es\/wp-json\/wp\/v2\/posts\/104312","targetHints":{"allow":["GET"]}}],"collection":[{"href":"https:\/\/www.europesays.com\/es\/wp-json\/wp\/v2\/posts"}],"about":[{"href":"https:\/\/www.europesays.com\/es\/wp-json\/wp\/v2\/types\/post"}],"author":[{"embeddable":true,"href":"https:\/\/www.europesays.com\/es\/wp-json\/wp\/v2\/users\/2"}],"replies":[{"embeddable":true,"href":"https:\/\/www.europesays.com\/es\/wp-json\/wp\/v2\/comments?post=104312"}],"version-history":[{"count":0,"href":"https:\/\/www.europesays.com\/es\/wp-json\/wp\/v2\/posts\/104312\/revisions"}],"wp:featuredmedia":[{"embeddable":true,"href":"https:\/\/www.europesays.com\/es\/wp-json\/wp\/v2\/media\/104313"}],"wp:attachment":[{"href":"https:\/\/www.europesays.com\/es\/wp-json\/wp\/v2\/media?parent=104312"}],"wp:term":[{"taxonomy":"category","embeddable":true,"href":"https:\/\/www.europesays.com\/es\/wp-json\/wp\/v2\/categories?post=104312"},{"taxonomy":"post_tag","embeddable":true,"href":"https:\/\/www.europesays.com\/es\/wp-json\/wp\/v2\/tags?post=104312"}],"curies":[{"name":"wp","href":"https:\/\/api.w.org\/{rel}","templated":true}]}}