{"id":104316,"date":"2025-09-09T22:53:14","date_gmt":"2025-09-09T22:53:14","guid":{"rendered":"https:\/\/www.europesays.com\/es\/104316\/"},"modified":"2025-09-09T22:53:14","modified_gmt":"2025-09-09T22:53:14","slug":"bernal-bate-a-landa-en-otro-final-recortado-por-las-protestas-contra-israel","status":"publish","type":"post","link":"https:\/\/www.europesays.com\/es\/104316\/","title":{"rendered":"Bernal bate a Landa en otro final recortado por las protestas contra Israel"},"content":{"rendered":"<p class=\"\"><b>Egan Bernal <\/b>conquist\u00f3 la <b>16\u00aa etapa de La Vuelta <\/b>por delante de <b>Mikel Landa. <\/b>Dos ilustres veteranos mano a mano. Dos hombres muy queridos por la afici\u00f3n. Un desenlace perfecto en cualquier carrera ciclista, si no fuera porque <b>el final en el Castro de Herville,<\/b> en la localidad de Mos, el pueblo de \u00d3scar Pereiro, ya hab\u00eda sido cancelado por la asistencia masiva de \u00d3scar Pereiro, ya hab\u00eda sido cancelado por la asistencia masiva de<a href=\"https:\/\/as.com\/ciclismo\/vuelta_espana\/las-protestas-dejan-la-vuelta-sin-un-nuevo-final-carretera-bloqueada-n\/\" target=\"_self\" rel=\"nofollow noopener\" title=\"https:\/\/as.com\/ciclismo\/vuelta_espana\/las-protestas-dejan-la-vuelta-sin-un-nuevo-final-carretera-bloqueada-n\/\"> <b>manifestantes contra el genocidio de Gaza.<\/b><\/a> La llegada se traslad\u00f3 a ocho kil\u00f3metros antes. All\u00ed esprintaron ambos, con victoria para el colombiano, que ni siquiera alz\u00f3 los brazos. Y eso que era un triunfo especial, porque ganaba por primera vez en una grande despu\u00e9s de su terrible accidente hace cuatro a\u00f1os. Fue un final fr\u00edo.<a href=\"https:\/\/as.com\/ciclismo\/la-vuelta-y-el-israel-solo-hay-una-solucion-y-todos-sabemos-cual-es-n\/\" target=\"_self\" rel=\"nofollow noopener\" title=\"https:\/\/as.com\/ciclismo\/la-vuelta-y-el-israel-solo-hay-una-solucion-y-todos-sabemos-cual-es-n\/\"> <b>Un nuevo golpe a la ronda, tras el sufrido en Bilbao. <\/b><\/a>Aqu\u00ed, al menos, el palmar\u00e9s recoger\u00e1 a un vencedor parcial. Poco consuelo.<\/p>\n<p class=\"\">La Vuelta ha empezado esta <a href=\"https:\/\/as.com\/ciclismo\/vuelta_espana\/semana-final-n\/\" target=\"_self\" rel=\"nofollow noopener\" title=\"https:\/\/as.com\/ciclismo\/vuelta_espana\/semana-final-n\/\"><b>\u00faltima semana<\/b><\/a> de carrera en una situaci\u00f3n competitiva m\u00e1s incierta de lo que apuntaban los pron\u00f3sticos. El propio<b> Jonas Vingegaard reconoce que esperaba llevar m\u00e1s ventaja que esos 48 segundos<\/b> que marcaban la clasificaci\u00f3n antes de partir este martes en el bello pueblo mar\u00edtimo de Poio. La organizaci\u00f3n se molest\u00f3 incluso en hacer las cuentas: 773 kil\u00f3metros de competici\u00f3n, con 13.643 metros de desnivel positivo. A\u00f1adan tambi\u00e9n la contrarreloj de ma\u00f1ana en Valladolid. Terreno suficiente para que la general pueda pegar un vuelco en uno u otro sentido.<\/p>\n<p class=\"\">El recorrido encendi\u00f3 esta \u00faltima traca con <a href=\"https:\/\/as.com\/ciclismo\/vuelta_espana\/vuelta-a-espana-2025-hoy-etapa-16-perfil-y-recorrido-n\/\" target=\"_self\" rel=\"nofollow noopener\" title=\"https:\/\/as.com\/ciclismo\/vuelta_espana\/vuelta-a-espana-2025-hoy-etapa-16-perfil-y-recorrido-n\/\"><b>una ratonera etapa en Galicia,<\/b><\/a> aquella jornada de media monta\u00f1a dibujada por Pereiro que impact\u00f3 en 2021, aquel d\u00eda que Superman L\u00f3pez abandon\u00f3 la Vuelta fuera de s\u00ed, despu\u00e9s de quedarse cortado, y que Jack Haig se alz\u00f3 al tercer pelda\u00f1o del podio. La jornada de este 2025 no fue tan decisiva como entonces, y menos despu\u00e9s de haber sido capada en su parte final, la subida a Castro de Herville, para salvaguardar la seguridad de los ciclistas ante<a href=\"https:\/\/as.com\/ciclismo\/vuelta_espana\/javier-guillen-pedimos-colaboracion-esto-es-ilegal-n\/\" target=\"_self\" rel=\"nofollow noopener\" title=\"https:\/\/as.com\/ciclismo\/vuelta_espana\/javier-guillen-pedimos-colaboracion-esto-es-ilegal-n\/\"> <b>una nueva manifestaci\u00f3n masiva contra la participaci\u00f3n del equipo Israel y el genocidio de Gaza.<\/b><\/a><\/p>\n<p class=\"\">Hasta que salt\u00f3 la noticia del recorte, que se estableci\u00f3 a ocho kil\u00f3metros, la etapa hab\u00eda deparado lances vibrantes, sobre todo por la presencia en la escapada del d\u00eda de esos dos ilustres, <a href=\"https:\/\/as.com\/ciclismo\/vuelta_espana\/etapa-16-de-la-vuelta-a-espana-2025-asi-queda-la-clasificacion-general-hoy-n\/\" target=\"_self\" rel=\"nofollow noopener\" title=\"https:\/\/as.com\/ciclismo\/vuelta_espana\/etapa-16-de-la-vuelta-a-espana-2025-asi-queda-la-clasificacion-general-hoy-n\/\"><b>Egan Bernal y Mikel Landa, que terminaron jug\u00e1ndose la victoria parcial,<\/b> <\/a>que se adjudic\u00f3 el colombiano. Despu\u00e9s de una salida fren\u00e9tica, a 51,5 kil\u00f3metros por hora, se form\u00f3 esa fuga con 17 corredores, en la que entraron los dos insignes veteranos, junto a otros nombres relevantes como <b>Marc Soler, Nico Denz, Bob Jungels, Jefferson Cepeda, Rudy Molard\u2026 <\/b>Buscadores de oro. La jornada tuvo momentos de Landismo, con el vasco coronando el \u00faltimo puerto del Prado, que acog\u00eda rampas del 20%. <b>Landa tiene buenas piernas en esta Vuelta, <\/b>solo limitada por sus persistentes dolores de espalda. No le dio para ganar, pero esta vez estuvo muy cerca.<\/p>\n<p>Noticias relacionadas<\/p>\n<p class=\"\">Por detr\u00e1s no hubo batalla. Y si alguien ten\u00eda pensado plantearla, nunca lo sabremos. Hay pistas de que el UAE Team podr\u00eda haber probado alguna cosa con Jo\u00e3o Almeida, porque fren\u00f3 a Soler, que iba destacado por delante. Paralelamente, <a href=\"https:\/\/as.com\/ciclismo\/vuelta_espana\/vuelta-a-espana-2025-hoy-en-directo-etapa-16-poio-mos-castro-de-herville-en-vivo-online-n\/\" target=\"_self\" rel=\"nofollow noopener\" title=\"https:\/\/as.com\/ciclismo\/vuelta_espana\/vuelta-a-espana-2025-hoy-en-directo-etapa-16-poio-mos-castro-de-herville-en-vivo-online-n\/\"><b>Vingegaard hab\u00eda pasado un mal trago, porque sufri\u00f3 una aver\u00eda<\/b><\/a> a menos de 20 kil\u00f3metros de la meta y cabalgaba en la parte final con una bicicleta de otra talla. Para colmo, en la salida hab\u00eda perdido a Victor Campenaerts, que se retir\u00f3 enfermo. <b>El Visma llega tocado a la recta final de La Vuelta. <\/b>Pero el dan\u00e9s sigue firme. Y tacha un nuevo d\u00eda enfundado con el maillot rojo. Un d\u00eda triste, por otro lado. <\/p>\n<p class=\"\"><b>\u00a1Tus opiniones importan!<\/b> Comenta en los art\u00edculos y suscr\u00edbete gratis a nuestra <a href=\"https:\/\/asfan.as.com\/newsletters\/\" target=\"_blank\" rel=\"nofollow noopener\" title=\"https:\/\/asfan.as.com\/newsletters\/\">newsletter<\/a> y a las alertas informativas en la <a href=\"https:\/\/as.com\/aplicacion-de-as-n\/\" target=\"_blank\" rel=\"nofollow noopener\" title=\"https:\/\/as.com\/aplicacion-de-as-n\/\">App<\/a> o el canal de <a href=\"https:\/\/www.whatsapp.com\/channel\/0029VaAasdA7j6g745nz9M10\" target=\"_blank\" rel=\"nofollow noopener\" title=\"https:\/\/www.whatsapp.com\/channel\/0029VaAasdA7j6g745nz9M10\">WhatsApp<\/a>. \u00bfBuscas licenciar contenido? Haz clic <a href=\"https:\/\/profesional.elpais.com\/soluciones-sindicacion?utm_medium=interno&amp;utm_source=crosslinking&amp;utm_campaign=sindicacion_as_pie_articulos\" target=\"_blank\" rel=\"nofollow noopener\" title=\"https:\/\/profesional.elpais.com\/soluciones-sindicacion?utm_medium=interno&amp;utm_source=crosslinking&amp;utm_campaign=sindicacion_as_pie_articulos\">aqu\u00ed<\/a><\/p>\n<p>\n        Etapas    <\/p>\n<ul class=\"stages\">\n<li>\n                                    <a href=\"https:\/\/as.com\/ciclismo\/vuelta_espana\/soler-se-sube-al-rodillo-n\/\" rel=\"nofollow noopener\" target=\"_blank\"><br \/>\n                                    <\/a><\/p>\n<tr>\n<td>\n                                14\n                            <\/td>\n<td>\n                                                            <img decoding=\"async\" title=\"TITLE_SPORT_EVENT_TYPE_MOUNTAIN\" loading=\"lazy\" class=\"s-inb icon\" src=\"https:\/\/as01.epimg.net\/img\/live-events\/iconset\/ciclismo\/hilly-stage.svg\" width=\"20\" height=\"20\"\/><\/p>\n<\/td>\n<td>\n<p>Avil\u00e9s &#8211; Alto de la Farrapona<\/p>\n<p>                                                                        <img decoding=\"async\" title=\"Espa\u00f1a\" loading=\"lazy\" class=\"in-team-logo\" src=\"https:\/\/static.prisa.com\/aside\/resizer\/resize\/img\/common\/countries\/esp.svg\" width=\"18\" height=\"12\" img=\"\"\/><\/p>\n<p>                                            Marc Soler<br \/>\n                                            UAD<\/p>\n<\/td>\n<td>\n<p class=\"km\">135 Km<\/p>\n<p class=\"date\">S\u00e1b. 06-Septiembre<\/p>\n<\/td>\n<\/tr>\n<\/li>\n<li>\n                                    <a href=\"https:\/\/as.com\/ciclismo\/otro-danes-en-la-vuelta-n\/\" rel=\"nofollow noopener\" target=\"_blank\"><br \/>\n                                    <\/a><\/p>\n<tr>\n<td>\n                                15\n                            <\/td>\n<td>\n                                                            <img decoding=\"async\" title=\"TITLE_SPORT_EVENT_TYPE_MOUNTAIN\" loading=\"lazy\" class=\"s-inb icon\" src=\"https:\/\/as01.epimg.net\/img\/live-events\/iconset\/ciclismo\/hilly-stage.svg\" width=\"20\" height=\"20\"\/><\/p>\n<\/td>\n<td>\n<p>A Veiga\/Vegadeo &#8211; Monforte de Lemos<\/p>\n<p>                                                                        <img decoding=\"async\" title=\"Dinamarca\" loading=\"lazy\" class=\"in-team-logo\" src=\"https:\/\/static.prisa.com\/aside\/resizer\/resize\/img\/common\/countries\/den.svg\" width=\"18\" height=\"12\" img=\"\"\/><\/p>\n<p>                                            Mads Pedersen<br \/>\n                                            LTK<\/p>\n<\/td>\n<td>\n<p class=\"km\">167 Km<\/p>\n<p class=\"date\">Dom. 07-Septiembre<\/p>\n<\/td>\n<\/tr>\n<\/li>\n<li>\n                                    <a href=\"https:\/\/as.com\/resultados\/ciclismo\/vuelta_espana\/2025\/directo\/regular_a_16_681b4e14073d432\/\" rel=\"nofollow noopener\" target=\"_blank\"><br \/>\n                                    <\/a><\/p>\n<tr>\n<td>\n                                16\n                            <\/td>\n<td>\n                                                            <img decoding=\"async\" title=\"TITLE_SPORT_EVENT_TYPE_MOUNTAIN\" loading=\"lazy\" class=\"s-inb icon\" src=\"https:\/\/as01.epimg.net\/img\/live-events\/iconset\/ciclismo\/hilly-stage.svg\" width=\"20\" height=\"20\"\/><\/p>\n<\/td>\n<td>\n<p>Poio &#8211; Mos Castro de Herville<\/p>\n<p>                                                                        <img decoding=\"async\" title=\"Colombia\" loading=\"lazy\" class=\"in-team-logo\" src=\"https:\/\/static.prisa.com\/aside\/resizer\/resize\/img\/common\/countries\/col.svg\" width=\"18\" height=\"12\" img=\"\"\/><\/p>\n<p>                                            Egan Bernal<br \/>\n                                            IGD<\/p>\n<\/td>\n<td>\n<p class=\"km\">167 Km<\/p>\n<p class=\"date\">Mar. 09-Septiembre<\/p>\n<\/td>\n<\/tr>\n<\/li>\n<li>\n<tr>\n<td>\n                                17\n                            <\/td>\n<td>\n                                                            <img decoding=\"async\" title=\"TITLE_SPORT_EVENT_TYPE_MOUNTAIN\" loading=\"lazy\" class=\"s-inb icon\" src=\"https:\/\/as01.epimg.net\/img\/live-events\/iconset\/ciclismo\/hilly-stage.svg\" width=\"20\" height=\"20\"\/><\/p>\n<\/td>\n<td>\n<p>O Barco de Valdeorras &#8211; Alto de El Morredero<\/p>\n<\/td>\n<td>\n<p class=\"km\">143 Km<\/p>\n<p class=\"date\">Mi\u00e9. 10-Septiembre<\/p>\n<\/td>\n<\/tr>\n<\/li>\n<li>\n<tr>\n<td>\n                                18\n                            <\/td>\n<td>\n                                                            <img decoding=\"async\" title=\"TITLE_SPORT_EVENT_TYPE_TIME_TRIAL\" loading=\"lazy\" class=\"s-inb icon\" src=\"https:\/\/as01.epimg.net\/img\/live-events\/iconset\/ciclismo\/crono-stage.svg\" width=\"20\" height=\"20\"\/><\/p>\n<\/td>\n<td>\n<p>Valladolid &#8211; Valladolid<\/p>\n<\/td>\n<td>\n<p class=\"km\">27 Km<\/p>\n<p class=\"date\">Jue. 11-Septiembre<\/p>\n<\/td>\n<\/tr>\n<\/li>\n<\/ul>\n","protected":false},"excerpt":{"rendered":"Egan Bernal conquist\u00f3 la 16\u00aa etapa de La Vuelta por delante de Mikel Landa. Dos ilustres veteranos mano&hellip;\n","protected":false},"author":2,"featured_media":104317,"comment_status":"","ping_status":"","sticky":false,"template":"","format":"standard","meta":{"footnotes":""},"categories":[273],"tags":[313,312,168,25,24,23,167],"class_list":{"0":"post-104316","1":"post","2":"type-post","3":"status-publish","4":"format-standard","5":"has-post-thumbnail","7":"category-ciclismo","8":"tag-ciclismo","9":"tag-cycling","10":"tag-deportes","11":"tag-es","12":"tag-espana","13":"tag-spain","14":"tag-sports"},"share_on_mastodon":{"url":"","error":""},"_links":{"self":[{"href":"https:\/\/www.europesays.com\/es\/wp-json\/wp\/v2\/posts\/104316","targetHints":{"allow":["GET"]}}],"collection":[{"href":"https:\/\/www.europesays.com\/es\/wp-json\/wp\/v2\/posts"}],"about":[{"href":"https:\/\/www.europesays.com\/es\/wp-json\/wp\/v2\/types\/post"}],"author":[{"embeddable":true,"href":"https:\/\/www.europesays.com\/es\/wp-json\/wp\/v2\/users\/2"}],"replies":[{"embeddable":true,"href":"https:\/\/www.europesays.com\/es\/wp-json\/wp\/v2\/comments?post=104316"}],"version-history":[{"count":0,"href":"https:\/\/www.europesays.com\/es\/wp-json\/wp\/v2\/posts\/104316\/revisions"}],"wp:featuredmedia":[{"embeddable":true,"href":"https:\/\/www.europesays.com\/es\/wp-json\/wp\/v2\/media\/104317"}],"wp:attachment":[{"href":"https:\/\/www.europesays.com\/es\/wp-json\/wp\/v2\/media?parent=104316"}],"wp:term":[{"taxonomy":"category","embeddable":true,"href":"https:\/\/www.europesays.com\/es\/wp-json\/wp\/v2\/categories?post=104316"},{"taxonomy":"post_tag","embeddable":true,"href":"https:\/\/www.europesays.com\/es\/wp-json\/wp\/v2\/tags?post=104316"}],"curies":[{"name":"wp","href":"https:\/\/api.w.org\/{rel}","templated":true}]}}