{"id":104318,"date":"2025-09-09T22:54:08","date_gmt":"2025-09-09T22:54:08","guid":{"rendered":"https:\/\/www.europesays.com\/es\/104318\/"},"modified":"2025-09-09T22:54:08","modified_gmt":"2025-09-09T22:54:08","slug":"renault-reafirma-su-compromiso-con-alpine-y-con-la-f1-a-largo-plazo","status":"publish","type":"post","link":"https:\/\/www.europesays.com\/es\/104318\/","title":{"rendered":"Renault reafirma su compromiso con Alpine y con la F1 \u00aba largo plazo\u00bb"},"content":{"rendered":"<p>El futuro de Renault en la F\u00f3rmula 1 ha sido durante mucho tiempo objeto de muchas especulaciones. Gran parte de ellas se derivan de los decepcionantes resultados del equipo de f\u00e1brica, que se llam\u00f3 Renault entre 2016 y 2020 antes de pasar a llamarse <a href=\"https:\/\/lat.motorsport.com\/team\/alpine\/37484\/\" target=\"_blank\" rel=\"noopener nofollow\">Alpine<\/a> a partir de 2021 -para resaltar la marca de prestigio del grupo franc\u00e9s-, pero tambi\u00e9n de un motor V6 turbo h\u00edbrido que, desde 2014, nunca ha jugado realmente en la liga reina.<\/p>\n<p>Desde hace m\u00e1s de un a\u00f1o, han surgido dudas en varios otros frentes. En primer lugar, los insistentes rumores -ya desmentidos- de que Renault quer\u00eda vender el equipo, y luego el simple hecho de que Renault decidiera abandonar su programa de motores para 2026, a pesar de que ya se hab\u00eda puesto en marcha. Esta situaci\u00f3n tard\u00f3 en confirmarse, pero finalmente se confirm\u00f3 a finales de septiembre de 2024. Mientras tanto, Flavio Briatore volv\u00eda a la actividad como asesor ejecutivo de Luca de Meo, entonces director general de Renault.<\/p>\n<p>   <img decoding=\"async\" draggable=\"false\" src=\"https:\/\/www.europesays.com\/es\/wp-content\/uploads\/2025\/09\/1757458448_964_fernando-alonso-aston-martin-r.jpg\" alt=\"Fernando Alonso, Aston Martin Racing, Franco Colapinto, Alpine\" width=\"1200\" height=\"800\" loading=\"lazy\"\/> <\/p>\n<p class=\"title\">Fernando Alonso, Aston Martin Racing, Franco Colapinto, Alpine<\/p>\n<p class=\"photographer\">Photo by: Jayce Illman \/ Getty Images<\/p>\n<p>Aunque el inicio de la campa\u00f1a 2025 no ha sido especialmente brillante para la escuder\u00eda de Enstone, que ha admitido dirigir su atenci\u00f3n r\u00e1pida y casi totalmente a 2026, la incertidumbre se ha visto acrecentada por <a href=\"https:\/\/lat.motorsport.com\/f1\/news\/de-meo-renuncia-renault-ceo\/10733202\/\" target=\"_self\" rel=\"noopener nofollow\">la salida de De Meo de su cargo<\/a>, anunciada en pleno GP de Canad\u00e1 el pasado mes de junio. Algunos tem\u00edan que la dimisi\u00f3n del italiano supusiera la sentencia de muerte para lo que quedaba de Renault en la F1 si su sucesor decid\u00eda cerrar las compuertas.<\/p>\n<p>Sin embargo, est\u00e1 claro que no es el caso. Su sustituto, Fran\u00e7ois Provost, estuvo presente el domingo en el paddock de Monza en una de sus primeras apariciones p\u00fablicas desde su nombramiento. Entrevistado por el Canal+ antes de la carrera, confirm\u00f3 que Renault s\u00ed tiene futuro en la F\u00f3rmula 1.\u00a0\u00abDe hecho, el principal objetivo de mi visita es reafirmar que nos quedamos en la F\u00f3rmula 1&#8243;, dijo, haci\u00e9ndose eco de los comentarios hechos por Briatore a finales de agosto. Seguiremos en la F\u00f3rmula 1 durante mucho tiempo\u00bb.<\/p>\n<p>El fin de semana de Monza comenz\u00f3 para Alpine con el anuncio de la ampliaci\u00f3n a largo plazo del contrato de <a href=\"https:\/\/lat.motorsport.com\/driver\/pierre-gasly\/469687\/\" target=\"_blank\" rel=\"noopener nofollow\">Pierre Gasly<\/a>, que ahora se compromete con el equipo hasta 2028. \u00abTambi\u00e9n es una se\u00f1al muy positiva. Creo que entramos en una nueva era, que ser\u00e1 por supuesto de rendimiento, pero sobre todo de estabilidad. Y el compromiso de Pierre es un buen ejemplo\u00bb.<\/p>\n<p>\u00abLa llegada de Steve [Nielsen] como Director de Operaciones tambi\u00e9n es un buen ejemplo\u00bb, a\u00f1adi\u00f3, mientras el brit\u00e1nico tomaba posesi\u00f3n de su cargo en Monza. \u00abAs\u00ed que, como ven, hemos pasado por muchas etapas\u00bb, concluy\u00f3 Provost.<\/p>\n<p>A modo de recordatorio, desde que el equipo regres\u00f3 a la F\u00f3rmula 1 como fabricante de pleno derecho en 2016, solo ha logrado una victoria (en el GP de Hungr\u00eda de 2021 con <a href=\"https:\/\/lat.motorsport.com\/driver\/esteban-ocon\/463655\/\" target=\"_blank\" rel=\"noopener nofollow\">Esteban Ocon<\/a>) por un total de nueve podios. En 2026, el equipo estar\u00e1 equipado con motores <a href=\"https:\/\/lat.motorsport.com\/team\/mercedes-amg-f1\/25731\/\" target=\"_blank\" rel=\"noopener nofollow\">Mercedes<\/a> cliente.<\/p>\n<p>M\u00e1s de la F1:<\/p>\n<p>En este art\u00edculo<\/p>\n<p>Sea el primero en enterarse y suscr\u00edbase para recibir actualizaciones por correo electr\u00f3nico en tiempo real sobre estos temas.<\/p>\n<p>    Suscr\u00edbase a nuevas alertas<\/p>\n","protected":false},"excerpt":{"rendered":"El futuro de Renault en la F\u00f3rmula 1 ha sido durante mucho tiempo objeto de muchas especulaciones. Gran&hellip;\n","protected":false},"author":2,"featured_media":104319,"comment_status":"","ping_status":"","sticky":false,"template":"","format":"standard","meta":{"footnotes":""},"categories":[270],"tags":[1331,33154,168,25,24,306,271,272,1230,33153,36360,36361,23,167],"class_list":{"0":"post-104318","1":"post","2":"type-post","3":"status-publish","4":"format-standard","5":"has-post-thumbnail","7":"category-formula-1","8":"tag-alpine","9":"tag-autodromo-nazionale-monza","10":"tag-deportes","11":"tag-es","12":"tag-espana","13":"tag-f1","14":"tag-formula-1","15":"tag-formula1","16":"tag-fu00f3rmula-1","17":"tag-gp-de-italia","18":"tag-renault-reafirma-su-compromiso-con-alpine-y-con-la-f1-a-largo-plazo","19":"tag-renault-sport","20":"tag-spain","21":"tag-sports"},"share_on_mastodon":{"url":"","error":""},"_links":{"self":[{"href":"https:\/\/www.europesays.com\/es\/wp-json\/wp\/v2\/posts\/104318","targetHints":{"allow":["GET"]}}],"collection":[{"href":"https:\/\/www.europesays.com\/es\/wp-json\/wp\/v2\/posts"}],"about":[{"href":"https:\/\/www.europesays.com\/es\/wp-json\/wp\/v2\/types\/post"}],"author":[{"embeddable":true,"href":"https:\/\/www.europesays.com\/es\/wp-json\/wp\/v2\/users\/2"}],"replies":[{"embeddable":true,"href":"https:\/\/www.europesays.com\/es\/wp-json\/wp\/v2\/comments?post=104318"}],"version-history":[{"count":0,"href":"https:\/\/www.europesays.com\/es\/wp-json\/wp\/v2\/posts\/104318\/revisions"}],"wp:featuredmedia":[{"embeddable":true,"href":"https:\/\/www.europesays.com\/es\/wp-json\/wp\/v2\/media\/104319"}],"wp:attachment":[{"href":"https:\/\/www.europesays.com\/es\/wp-json\/wp\/v2\/media?parent=104318"}],"wp:term":[{"taxonomy":"category","embeddable":true,"href":"https:\/\/www.europesays.com\/es\/wp-json\/wp\/v2\/categories?post=104318"},{"taxonomy":"post_tag","embeddable":true,"href":"https:\/\/www.europesays.com\/es\/wp-json\/wp\/v2\/tags?post=104318"}],"curies":[{"name":"wp","href":"https:\/\/api.w.org\/{rel}","templated":true}]}}