{"id":104350,"date":"2025-09-09T23:21:13","date_gmt":"2025-09-09T23:21:13","guid":{"rendered":"https:\/\/www.europesays.com\/es\/104350\/"},"modified":"2025-09-09T23:21:13","modified_gmt":"2025-09-09T23:21:13","slug":"la-vuelta-ciclista-a-espana-pasara-por-el-pardo","status":"publish","type":"post","link":"https:\/\/www.europesays.com\/es\/104350\/","title":{"rendered":"La Vuelta Ciclista a Espa\u00f1a pasar\u00e1 por El Pardo"},"content":{"rendered":"<p>Este a\u00f1o, La Vuelta Ciclista a Espa\u00f1a pasar\u00e1 por <strong><a href=\"https:\/\/www.elpardo.net\/inicio\/\" target=\"_blank\" rel=\"noopener nofollow\" title=\"El Pardo\">El Pardo<\/a><\/strong>. Lo har\u00e1 <strong>durante la \u00faltima etapa, que se celebrar\u00e1 el domingo 14 de septiembre<\/strong> con salida en Alalpardo y meta en Madrid.<\/p>\n<p>Est\u00e1 previsto que la llegada a nuestro barrio sea <strong>sobre las 17:20h<\/strong>. despu\u00e9s de que los corredores hayan recorrido 32 kil\u00f3metros y hayan pasado por Algete, San Sebasti\u00e1n de los Reyes, Alcobendas y Montecarmelo.<\/p>\n<p><strong>Recorrido<\/strong><\/p>\n<p>Entrar\u00e1n desde la Carretera Fuencarral-El Pardo y acceder\u00e1n a los jardines del <strong><a href=\"https:\/\/www.elpardo.net\/2011\/12\/21\/palacio-de-el-pardo\/\" target=\"_blank\" rel=\"noopener nofollow\" title=\"palacio\">palacio<\/a><\/strong>, desde donde saldr\u00e1n direcci\u00f3n Pista del<strong><a href=\"https:\/\/www.elpardo.net\/2011\/12\/21\/cristo-de-el-pardo\/\" target=\"_blank\" rel=\"noopener nofollow\" title=\" Cristo de El Pardo\"> Cristo de El Pardo<\/a><\/strong> para acceder a la Carretera de la Zarzuela por el control de Trofa. A partir de este momento, al ser \u00e1rea restringida, el p\u00fablico no podr\u00e1 ver a los corredores. S\u00ed podr\u00e1 hacerlo, cuando salgan de esta zona por el control de Valdemar\u00edn hacia la Carretera de El Pardo a la Playa, unos 10 minutos despu\u00e9s. El recorrido seguir\u00e1 por la Avenida del Padre Huidobro y la Carretera de Castilla. Desde all\u00ed, los ciclistas continuar\u00e1n hasta el Paseo de la Castellana.<\/p>\n<p><a href=\"https:\/\/www.elpardo.net\/wp-content\/uploads\/2025\/09\/La-Vuelta-El-Pardo-1.png\" target=\"_blank\" rel=\"noreferrer noopener nofollow\"><img loading=\"lazy\" decoding=\"async\" src=\"https:\/\/www.europesays.com\/es\/wp-content\/uploads\/2025\/09\/La-Vuelta-El-Pardo-1-1024x459.png\" alt=\"\" class=\"wp-image-48252\" width=\"770\" height=\"345\"  data-\/><\/a><\/p>\n<p>.<\/p>\n<p style=\"text-align: center;\">\u00a0<strong>TE RECOMENDAMOS:\u00a0<\/strong><\/p>\n<p><a href=\"https:\/\/www.educa2.madrid.org\/web\/centro.cc.sanfrancisco.madrid\" target=\"_blank\" rel=\"noopener noreferrer nofollow\"><img loading=\"lazy\" decoding=\"async\" class=\"wp-image-31665\" src=\"https:\/\/www.europesays.com\/es\/wp-content\/uploads\/2025\/09\/Colegio-San-Francisco-Mingorrubio-El-Pardo-2.png\" alt=\"\" width=\"251\" height=\"167\"\/><\/a><br \/>\n<a href=\"http:\/\/www.elpardo.net\/2021\/06\/01\/restaurante-san-francisco-reportaje\" target=\"_blank\" rel=\"noopener noreferrer nofollow\"><img loading=\"lazy\" decoding=\"async\" alt=\"\" width=\"251\" height=\"167\" src=\" http:\/\/www.elpardo.net\/wp-content\/uploads\/2012\/02\/DSCF1433-e1487349199381.jpg\" class=\"wp-image-31665 lazyload\" bad-src=\"data:image\/gif;base64,R0lGODlhAQABAAAAACH5BAEKAAEALAAAAAABAAEAAAICTAEAOw==\"\/><\/a><br \/>\n<a href=\"http:\/\/www.elpardo.net\/2012\/01\/01\/juriconsultores\/\" target=\"_blank\" rel=\"noopener noreferrer nofollow\"><img loading=\"lazy\" decoding=\"async\" class=\"wp-image-34288\" src=\"https:\/\/www.europesays.com\/es\/wp-content\/uploads\/2025\/09\/Gestoria-Juriconsultores-Julian.jpg\" alt=\"\" width=\"280\" height=\"186\"\/><\/a><br \/>\n<a id=\"attachment_22124\" align=\"alignleft \" href=\"http:\/\/www.elpardo.net\/2013\/04\/02\/clinica-dental-almudena-plaza-el-pardo\/\" target=\"_blank\" rel=\"noopener noreferrer nofollow\"><img loading=\"lazy\" decoding=\"async\" class=\"wp-image-22124 size-full\" src=\"https:\/\/www.europesays.com\/es\/wp-content\/uploads\/2025\/09\/Banner-nuevo-Almudena-Plaza-e1525776152255.jpg\" alt=\"\" width=\"251\" height=\"167\"\/><\/a><br \/>\n <a href=\"http:\/\/www.fhermarseguros.com\/\" target=\"_blank\" rel=\"noopener noreferrer nofollow\"><img loading=\"lazy\" decoding=\"async\" class=\"wp-image-31665\" src=\"https:\/\/www.europesays.com\/es\/wp-content\/uploads\/2025\/09\/Fhermar-Seguros.jpg\" alt=\"\" width=\"250\" height=\"200\"\/><\/a><\/p>\n","protected":false},"excerpt":{"rendered":"Este a\u00f1o, La Vuelta Ciclista a Espa\u00f1a pasar\u00e1 por El Pardo. Lo har\u00e1 durante la \u00faltima etapa, que&hellip;\n","protected":false},"author":2,"featured_media":104351,"comment_status":"","ping_status":"","sticky":false,"template":"","format":"standard","meta":{"footnotes":""},"categories":[273],"tags":[313,312,168,25,24,23,167],"class_list":{"0":"post-104350","1":"post","2":"type-post","3":"status-publish","4":"format-standard","5":"has-post-thumbnail","7":"category-ciclismo","8":"tag-ciclismo","9":"tag-cycling","10":"tag-deportes","11":"tag-es","12":"tag-espana","13":"tag-spain","14":"tag-sports"},"share_on_mastodon":{"url":"","error":""},"_links":{"self":[{"href":"https:\/\/www.europesays.com\/es\/wp-json\/wp\/v2\/posts\/104350","targetHints":{"allow":["GET"]}}],"collection":[{"href":"https:\/\/www.europesays.com\/es\/wp-json\/wp\/v2\/posts"}],"about":[{"href":"https:\/\/www.europesays.com\/es\/wp-json\/wp\/v2\/types\/post"}],"author":[{"embeddable":true,"href":"https:\/\/www.europesays.com\/es\/wp-json\/wp\/v2\/users\/2"}],"replies":[{"embeddable":true,"href":"https:\/\/www.europesays.com\/es\/wp-json\/wp\/v2\/comments?post=104350"}],"version-history":[{"count":0,"href":"https:\/\/www.europesays.com\/es\/wp-json\/wp\/v2\/posts\/104350\/revisions"}],"wp:featuredmedia":[{"embeddable":true,"href":"https:\/\/www.europesays.com\/es\/wp-json\/wp\/v2\/media\/104351"}],"wp:attachment":[{"href":"https:\/\/www.europesays.com\/es\/wp-json\/wp\/v2\/media?parent=104350"}],"wp:term":[{"taxonomy":"category","embeddable":true,"href":"https:\/\/www.europesays.com\/es\/wp-json\/wp\/v2\/categories?post=104350"},{"taxonomy":"post_tag","embeddable":true,"href":"https:\/\/www.europesays.com\/es\/wp-json\/wp\/v2\/tags?post=104350"}],"curies":[{"name":"wp","href":"https:\/\/api.w.org\/{rel}","templated":true}]}}