{"id":104354,"date":"2025-09-09T23:23:08","date_gmt":"2025-09-09T23:23:08","guid":{"rendered":"https:\/\/www.europesays.com\/es\/104354\/"},"modified":"2025-09-09T23:23:08","modified_gmt":"2025-09-09T23:23:08","slug":"soy-un-buen-penetrador-y-tirador-pero-puedo-aportar-dureza-y-en-defensa","status":"publish","type":"post","link":"https:\/\/www.europesays.com\/es\/104354\/","title":{"rendered":"Soy un buen penetrador y tirador, pero puedo aportar dureza y en defensa"},"content":{"rendered":"<p>Keandre Cook, alero del <a href=\"https:\/\/www.elprogreso.es\/video\/deporte-local-lugo\/noso-basket-xxxix-copa-galicia\/202509091950521906704.html\" rel=\"nofollow noopener\" target=\"_blank\"><strong>R\u00edo Breog\u00e1n<\/strong>,<\/a> fue presentado este martes en las instalaciones del Hotel F\u00f3rum Ceao, que dirige Marta Lozano, y fue di\u00e1fano al se\u00f1alar que poder disputar la Liga Endesa supone<strong> \u00abuna buena experiencia para m\u00ed\u00bb <\/strong>y que, consecuentemente, la oportunidad que le ofreci\u00f3 el club celeste \u00abten\u00eda que cogerla\u00bb.<\/p>\n<p>El baloncestista de Baltimore (EE.UU.) se defini\u00f3 a s\u00ed mismo como \u00abun buen penetrador y tirador\u00bb. \u00abPuedo jugar el pick and roll<strong>, tengo buenos fundamentos t\u00e9cnicos <\/strong>pero tambi\u00e9n puedo a portar dureza y ayudar en defensa\u00bb, indic\u00f3.<\/p>\n<p>Tito D\u00edaz, director deportivo del club del le\u00f3n, lo defini\u00f3 al presentarlo ante la prensa como \u00abun jugador completo\u00bb que adem\u00e1s \u00abasume responsabilidades\u00bb<strong>. \u00abSe trata de un excelente jugador de equipo, que puede jugar de &#8216;dos-tres&#8217;,<\/strong> una de nuestras referencias esta temporada, aunque obviamente todav\u00eda est\u00e1 adapt\u00e1ndose al equipo y a la ACB. Creo que va a tener una buena carrera en Europa\u00bb, se\u00f1al\u00f3 el directivo breoganista.<\/p>\n<p>Cook, efectivamente, expres\u00f3 que \u00abtodav\u00eda estamos conoci\u00e9ndonos y construyendo la qu\u00edmica de equipo\u00bb, pero no dud\u00f3 en subrayar que <strong>\u00ablas cosas est\u00e1n yendo<\/strong> bien para llevar solo dos semanas juntos\u00bb.<\/p>\n<p>El alero de Baltimore cree que \u00abformamos un buen equipo\u00bb<\/p>\n<p>En cuanto a qu\u00e9 opina de la plantilla del R\u00edo Breog\u00e1n<strong>, el dorsal n\u00famero 1 del cuadro de Lugo<\/strong> no dud\u00f3 en definirlo: \u00abEs un grupo de buenas personas, en las que cada jugador tiene unas habilidades y fortalezas con las que pueden ayudar. Formamos un buen equipo con esa suma de peque\u00f1as cosas que aportamos cada uno\u00bb.<\/p>\n<p>Keandre Cook asimismo fue transparente sobre las expectativas con las que arriba a su nuevo club. \u00abNo me las pongo. <strong>Vengo aqu\u00ed a ayudar al equipo<\/strong> y a intentar ganar el mayor n\u00famero posible de partidos\u00bb.<\/p>\n<p>Para finalizar, el de Maryland \u00a0afirm\u00f3 que ten\u00eda \u00abalgunos amigos en la Liga\u00bb y que <strong>est\u00e1 deseando enfrentarse a \u00abJames Batemon y Kemeron Taylor\u00bb,<\/strong> Con el escolta del Lleida coincidi\u00f3 en el a\u00f1o 2024 en el Brisbane Bullets de la NBL australiana; curiosamente, Batemos promedi\u00f3 15,3 puntos, 4 rebotes y 2,8 asistencias por encuentro, y Cook, 16,7, 4 y 2,9. Y es que las referencias con las que llega son magn\u00edficas. Ahora hay que corroborarlas en la ACB.<\/p>\n","protected":false},"excerpt":{"rendered":"Keandre Cook, alero del R\u00edo Breog\u00e1n, fue presentado este martes en las instalaciones del Hotel F\u00f3rum Ceao, que&hellip;\n","protected":false},"author":2,"featured_media":104355,"comment_status":"","ping_status":"","sticky":false,"template":"","format":"standard","meta":{"footnotes":""},"categories":[269],"tags":[302,299,298,8778,168,25,24,665,36372,23,167,8779],"class_list":{"0":"post-104354","1":"post","2":"type-post","3":"status-publish","4":"format-standard","5":"has-post-thumbnail","7":"category-baloncesto","8":"tag-acb","9":"tag-baloncesto","10":"tag-basketball","11":"tag-cb-breogan","12":"tag-deportes","13":"tag-es","14":"tag-espana","15":"tag-liga-endesa","16":"tag-salva-arco","17":"tag-spain","18":"tag-sports","19":"tag-tito-diaz"},"share_on_mastodon":{"url":"","error":""},"_links":{"self":[{"href":"https:\/\/www.europesays.com\/es\/wp-json\/wp\/v2\/posts\/104354","targetHints":{"allow":["GET"]}}],"collection":[{"href":"https:\/\/www.europesays.com\/es\/wp-json\/wp\/v2\/posts"}],"about":[{"href":"https:\/\/www.europesays.com\/es\/wp-json\/wp\/v2\/types\/post"}],"author":[{"embeddable":true,"href":"https:\/\/www.europesays.com\/es\/wp-json\/wp\/v2\/users\/2"}],"replies":[{"embeddable":true,"href":"https:\/\/www.europesays.com\/es\/wp-json\/wp\/v2\/comments?post=104354"}],"version-history":[{"count":0,"href":"https:\/\/www.europesays.com\/es\/wp-json\/wp\/v2\/posts\/104354\/revisions"}],"wp:featuredmedia":[{"embeddable":true,"href":"https:\/\/www.europesays.com\/es\/wp-json\/wp\/v2\/media\/104355"}],"wp:attachment":[{"href":"https:\/\/www.europesays.com\/es\/wp-json\/wp\/v2\/media?parent=104354"}],"wp:term":[{"taxonomy":"category","embeddable":true,"href":"https:\/\/www.europesays.com\/es\/wp-json\/wp\/v2\/categories?post=104354"},{"taxonomy":"post_tag","embeddable":true,"href":"https:\/\/www.europesays.com\/es\/wp-json\/wp\/v2\/tags?post=104354"}],"curies":[{"name":"wp","href":"https:\/\/api.w.org\/{rel}","templated":true}]}}