{"id":104380,"date":"2025-09-09T23:40:08","date_gmt":"2025-09-09T23:40:08","guid":{"rendered":"https:\/\/www.europesays.com\/es\/104380\/"},"modified":"2025-09-09T23:40:08","modified_gmt":"2025-09-09T23:40:08","slug":"multitudinario-encierro-en-laguna-de-duero-para-despedir-las-fiestas","status":"publish","type":"post","link":"https:\/\/www.europesays.com\/es\/104380\/","title":{"rendered":"Multitudinario encierro en Laguna de Duero para despedir las fiestas"},"content":{"rendered":"<p>Laguna despidi\u00f3 este martes las fiestas en honor a la Virgen del Villar con un encierro multitudinario que super\u00f3 todas las previsiones. Calles y plaza  &#8230; de toros se llenaron de p\u00fablico para presenciar el \u00faltimo festejo taurino de las celebraciones.<\/p>\n<p class=\"v-p\">A las 20:30 horas, cuatro novillos partieron desde la plaza de toros recorriendo unas calles abarrotadas de espectadores y corredores. En una carrera r\u00e1pida y limpia, los astados completaron el recorrido para despu\u00e9s regresar sobre sus pasos, protagonizando otra vistosa carrera que fue aprovechada por los numerosos aficionados desplazados para ponerse delante de las reses.<\/p>\n<p><a href=\"http:\/\/www.elnortedecastilla.es\/valladolid\/provincia\/joven-resulta-herido-asta-toro-encierro-portillo-20250909202257-nt.html#vtm_modulosEngag=mod-rel:valladolid:noticia:1:cmp:1-not\" class=\"v-a-link\" aria-label=\"Imagen\" rel=\"nofollow noopener\" target=\"_blank\"><\/p>\n<p><img decoding=\"async\" loading=\"lazy\" src=\"https:\/\/www.europesays.com\/es\/wp-content\/uploads\/2025\/09\/portillo-U2201823311296zaF--366x256@El Norte.jpg\" class=\"v-a-img\" width=\"258\" height=\"180\" alt=\"\" data-voc-vtm-id=\"in-text-traffic\"\/><\/p>\n<p><\/a><\/p>\n<p class=\"v-p\">De regreso a la plaza, se soltaron siete novillos que volvieron a salir a la calle, ofreciendo hasta cuatro pasadas m\u00e1s para el disfrute de los asistentes.<\/p>\n<p class=\"v-p\">Con este encierro se puso el broche final a unas fiestas que tambi\u00e9n incluyeron una novillada con picadores del hierro de Camino de Santiago. Los novilleros Mariscal Ruiz, Pedro Andr\u00e9s y F\u00e9lix San Rom\u00e1n ofrecieron una gran tarde de toreo, destacando especialmente Pedro Andr\u00e9s, que sali\u00f3 por la puerta grande tras cortar dos orejas.<\/p>\n","protected":false},"excerpt":{"rendered":"Laguna despidi\u00f3 este martes las fiestas en honor a la Virgen del Villar con un encierro multitudinario que&hellip;\n","protected":false},"author":2,"featured_media":104381,"comment_status":"","ping_status":"","sticky":false,"template":"","format":"standard","meta":{"footnotes":""},"categories":[277],"tags":[373,168,4880,9740,1309,25,24,43,36379,5211,23,167,374],"class_list":{"0":"post-104380","1":"post","2":"type-post","3":"status-publish","4":"format-standard","5":"has-post-thumbnail","7":"category-toreo","8":"tag-bullfighting","9":"tag-deportes","10":"tag-despedir","11":"tag-duero","12":"tag-encierro","13":"tag-es","14":"tag-espana","15":"tag-fiestas","16":"tag-laguna","17":"tag-multitudinario","18":"tag-spain","19":"tag-sports","20":"tag-toreo"},"share_on_mastodon":{"url":"","error":""},"_links":{"self":[{"href":"https:\/\/www.europesays.com\/es\/wp-json\/wp\/v2\/posts\/104380","targetHints":{"allow":["GET"]}}],"collection":[{"href":"https:\/\/www.europesays.com\/es\/wp-json\/wp\/v2\/posts"}],"about":[{"href":"https:\/\/www.europesays.com\/es\/wp-json\/wp\/v2\/types\/post"}],"author":[{"embeddable":true,"href":"https:\/\/www.europesays.com\/es\/wp-json\/wp\/v2\/users\/2"}],"replies":[{"embeddable":true,"href":"https:\/\/www.europesays.com\/es\/wp-json\/wp\/v2\/comments?post=104380"}],"version-history":[{"count":0,"href":"https:\/\/www.europesays.com\/es\/wp-json\/wp\/v2\/posts\/104380\/revisions"}],"wp:featuredmedia":[{"embeddable":true,"href":"https:\/\/www.europesays.com\/es\/wp-json\/wp\/v2\/media\/104381"}],"wp:attachment":[{"href":"https:\/\/www.europesays.com\/es\/wp-json\/wp\/v2\/media?parent=104380"}],"wp:term":[{"taxonomy":"category","embeddable":true,"href":"https:\/\/www.europesays.com\/es\/wp-json\/wp\/v2\/categories?post=104380"},{"taxonomy":"post_tag","embeddable":true,"href":"https:\/\/www.europesays.com\/es\/wp-json\/wp\/v2\/tags?post=104380"}],"curies":[{"name":"wp","href":"https:\/\/api.w.org\/{rel}","templated":true}]}}