{"id":104439,"date":"2025-09-10T00:19:08","date_gmt":"2025-09-10T00:19:08","guid":{"rendered":"https:\/\/www.europesays.com\/es\/104439\/"},"modified":"2025-09-10T00:19:08","modified_gmt":"2025-09-10T00:19:08","slug":"la-revuelta-marilo-montero-uso-la-revuelta-para-cargar-contra-rtve-y-apoyar-los-toros-con-reaccion-de-broncano-estas-en-1945","status":"publish","type":"post","link":"https:\/\/www.europesays.com\/es\/104439\/","title":{"rendered":"La Revuelta: Maril\u00f3 Montero us\u00f3 &#8216;La Revuelta&#8217; para cargar contra RTVE y apoyar los toros, con reacci\u00f3n de Broncano: \u00abEst\u00e1s en 1945\u00bb"},"content":{"rendered":"<p class=\"article-text\">\n        Este martes, 9 de septiembre, <strong>Maril\u00f3 Montero <\/strong>acudi\u00f3 como invitada a <strong>La Revuelta <\/strong>y protagoniz\u00f3 una de las entrevistas m\u00e1s tensas con <strong>David Broncano<\/strong> y, desde luego, la m\u00e1s abucheada por el p\u00fablico del programa.\n    <\/p>\n<p>    <a href=\"https:\/\/www.eldiario.es\/noticias\/revuelta-volvio-rtve-cambios-colaboradores-tiempo-publico-entrevistas-adelantando-invitados_1_12587533.html\" data-mrf-recirculation=\"saber-mas\" data-dl-event=\"saber-mas\" rel=\"nofollow noopener\" target=\"_blank\"><\/p>\n<p class=\"know-more__title\">&#8216;La Revuelta&#8217; volvi\u00f3 a RTVE con cambios: sin colaboradores ni tiempo al p\u00fablico, dos entrevistas, y adelantando invitados<\/p>\n<p>            <img decoding=\"async\" class=\"lazy\" loading=\"lazy\" data-src=\"https:\/\/static.eldiario.es\/clip\/74a2b388-fbd2-4b50-b9fa-f92ceb062c2e_16-9-aspect-ratio_default_0.jpg\" src=\"data:image\/svg+xml,%3Csvg xmlns=\" http:=\"\" viewbox=\"0 0 880 495\" alt=\"'La Revuelta' volvi\u00f3 a RTVE con cambios: sin colaboradores ni tiempo al p\u00fablico, dos entrevistas, y adelantando invitados\"\/><\/p>\n<p>                        <\/a><\/p>\n<p class=\"article-text\">\n        Aunque la periodista acud\u00eda a promocionar <strong>MasterChef Celebrity 10<\/strong> &#8211; talent en el que <a href=\"https:\/\/www.eldiario.es\/vertele\/noticias\/masterchef-celebrity-10-vivio-liderazgo-excepcional-marilo-montero-expulso-famoso-revelacion_1_12570882.html\" data-mrf-recirculation=\"links-noticia\" class=\"link\" rel=\"nofollow noopener\" target=\"_blank\">est\u00e1 concursando<\/a>-, casi ni habl\u00f3 de ello, porque prefiri\u00f3 analizar la parrilla de TVE para <strong>criticar la ideolog\u00eda de sus presentadores y defender el regreso de los toros<\/strong> a la cadena p\u00fablica.\n    <\/p>\n<p class=\"article-text\">\n        De hecho, el debate entre la invitada, Broncano y el p\u00fablico fue tan acalorado que ni llegaron a sentarse en el sof\u00e1 para charlar tranquilamente.<strong> \u201cIgual me siento y me pegas una estocada en el cuello\u201d<\/strong>, acab\u00f3 bromeando el presentador para dar un toque de humor al momento.\n    <\/p>\n<p>    Maril\u00f3 Montero: \u201cLos toros son contenidos culturas, es un arte\u201d<\/p>\n<p class=\"article-text\">\n        Todo empez\u00f3 cuando el presentador coment\u00f3 que <strong>Ana Rosa Quintana<\/strong> alguna vez hab\u00eda criticado su programa porque Pedro S\u00e1nchez les hab\u00eda \u201cpuesto una alfombra roja en TVE y no deber\u00eda mezclar televisi\u00f3n con pol\u00edtica\u201d. Unas palabras que <strong>Montero suscribi\u00f3: \u201cCasi s\u00ed\u201d, dijo. <\/strong>\n    <\/p>\n<p class=\"article-text\">\n        Para argumentar su opini\u00f3n propuso a Broncano \u201canalizar\u201d la parrilla de TVE: \u201c<strong>Por la ma\u00f1ana, ideolog\u00eda de presentadores de izquierdas. Por la tarde, m\u00e1s izquierda y por la noche, m\u00e1s izquierda.<\/strong> Hay derecho que cada uno contrate a quien quiera, y que d\u00e9 buenos resultados, pero como hablamos del hecho de que Ana Rosa se hab\u00eda quejado, no pasa nada, se puede decir. Yo soy una mujer de paz\u201d, se\u00f1al\u00f3.\n    <\/p>\n<blockquote class=\"twitter-tweet\" data-lang=\"es\"><p><a href=\"https:\/\/twitter.com\/X\/status\/1965517064786837705?ref_src=twsrc%5Etfw\" rel=\"nofollow noopener\" target=\"_blank\"><\/p><\/blockquote>\n<p class=\"article-text\">\n        Grison interrumpi\u00f3 se\u00f1alando que precisamente \u201cPepe, de MasterChef no es de Podemos\u201d, lo que caus\u00f3 la risa del p\u00fablico. Y Broncano a\u00f1adi\u00f3: \u201cTodo el mundo tiene una ideolog\u00eda, yo soy de izquierdas progresista, pero eso no me deber\u00eda impedir hacer ning\u00fan trabajo.<strong> La representaci\u00f3n del pa\u00eds no depende del presentador, pero lo que se hace en el programa s\u00ed y creo que aqu\u00ed hacemos una representaci\u00f3n amplia y diversa de lo que es la sociedad<\/strong>\u201d.\n    <\/p>\n<p class=\"article-text\">\n        Tras el aplauso del p\u00fablico, Maril\u00f3 volvi\u00f3 a se\u00f1alar que el problema no era tanto el programa, sino toda la parrilla de una TVE que, adem\u00e1s ha quitado la tauromaquia. Un tema que provoc\u00f3 los abucheos del p\u00fablico: \u201c<strong>Si quieres abrimos la brecha de los toros, que es un arte, y es algo que podr\u00eda estar en una cadena p\u00fablica<\/strong>\u201d, empez\u00f3 defendiendo.\n    <\/p>\n<blockquote class=\"twitter-tweet\" data-lang=\"es\"><p><a href=\"https:\/\/twitter.com\/X\/status\/1965523104614285499?ref_src=twsrc%5Etfw\" rel=\"nofollow noopener\" target=\"_blank\"><\/p><\/blockquote>\n<p class=\"article-text\">\n        Para continuar: \u201cSon contenidos culturales que se quitan de la emisi\u00f3n por partidos pol\u00edticos que no les gusta la tauromaquia\u201d, insisti\u00f3 ella. Se\u00f1al\u00f3 tambi\u00e9n que <strong>\u201cCanal Sur no es sospechosa ideol\u00f3gicamente y que Telemadrid hace lo que tiene que hacer\u201d.<\/strong>\n    <\/p>\n<p class=\"article-text\">\n        Palabras que algunas personas del p\u00fablico quisieron rebatir tomando el micro, criticando que Ana Rosa hable de la mujer de S\u00e1nchez y no de su marido, a\u00f1adiendo que La Revuelta apuesta por apoyar temas como el de la vivienda, la investigaci\u00f3n, y que no son solo preocupaciones de la izquierda.\n    <\/p>\n<p>    Broncano, a Maril\u00f3: \u201cHas emprendido un camino rid\u00edculo\u201d<\/p>\n<p class=\"article-text\">\n        Pero la invitada continu\u00f3 insistiendo en el tema de la tauromaquia: \u201cA muchas mujeres no les dejaron torear durante muchos a\u00f1os y es un debate que sigue vivo en Espa\u00f1a\u201d. A lo que Broncano respondi\u00f3 que<strong> parec\u00eda que estuviera \u201cen 1945\u201d.<\/strong>\n    <\/p>\n<blockquote class=\"twitter-tweet\" data-lang=\"es\"><p><a href=\"https:\/\/twitter.com\/X\/status\/1965523859303804948?ref_src=twsrc%5Etfw\" rel=\"nofollow noopener\" target=\"_blank\"><\/p><\/blockquote>\n<p class=\"article-text\">\n        Ante la tirantez creada entre todos los presentes, el presentador intent\u00f3 cambiar de tema: \u201cCuando estaba el PP condicionaba los contenidos televisivos a saco. <strong>Y yo soy muy antitaurino, muy convencido, y si os gusta, os gusta, pero al animal se le est\u00e1 maltratando s\u00ed o s\u00ed.<\/strong> Me sorprende que de todas las posibles cosas tu principal caballo de batalla sean los toros\u201d.\n    <\/p>\n<p class=\"article-text\">\n        A lo que Maril\u00f3 volvi\u00f3 a defender que son arte, y contenido cultural digno de una televisi\u00f3n p\u00fablica. \u201cAbandona este barco, has emprendido este camino rid\u00edculo\u201d, aconsej\u00f3 el presentador ante los continuos abucheos.\n    <\/p>\n<p>    <a href=\"https:\/\/www.eldiario.es\/vertele\/audiencias-tv\/lunes-8-septiembre-2025-la-revuelta-vuelve-fuerza-queda-cuatro-decimas-el-hormiguero-primer-duelo-curso_1_12587964.html\" data-mrf-recirculation=\"saber-mas-abajo\" data-dl-event=\"saber-mas-abajo\" rel=\"nofollow noopener\" target=\"_blank\"><\/p>\n<p class=\"know-more__title\">&#8216;La Revuelta&#8217; vuelve con fuerza y se queda a 4 d\u00e9cimas de &#8216;El Hormiguero&#8217; (17.2%) en su primer duelo del curso<\/p>\n<p>            <img decoding=\"async\" class=\"lazy\" loading=\"lazy\" data-src=\"https:\/\/static.eldiario.es\/clip\/aaf9221e-fd4b-4906-9b40-6a2543f85779_16-9-aspect-ratio_default_0.jpg\" src=\"data:image\/svg+xml,%3Csvg xmlns=\" http:=\"\" viewbox=\"0 0 880 495\" alt=\"'La Revuelta' vuelve con fuerza y se queda a 4 d\u00e9cimas de 'El Hormiguero' (17.2%) en su primer duelo del curso\"\/><\/p>\n<p>                        <\/a><\/p>\n<p class=\"article-text\">\n        Y finaliz\u00f3 pregunt\u00e1ndole si hab\u00eda encontrado en el programa un espacio de debate: <strong>\u201cS\u00ed, incluso teniendo a todos en contra<\/strong>\u201d, zanj\u00f3 orgullosa Maril\u00f3 Montero.\n    <\/p>\n<p>                                    <script async src=\"https:\/\/platform.twitter.com\/widgets.js\" charset=\"utf-8\"><\/script><\/p>\n","protected":false},"excerpt":{"rendered":"Este martes, 9 de septiembre, Maril\u00f3 Montero acudi\u00f3 como invitada a La Revuelta y protagoniz\u00f3 una de las&hellip;\n","protected":false},"author":2,"featured_media":104440,"comment_status":"","ping_status":"","sticky":false,"template":"","format":"standard","meta":{"footnotes":""},"categories":[91],"tags":[36387,7290,13289,27258,146,147,25,24,36325,2466,9173,528,518,23,444],"class_list":{"0":"post-104439","1":"post","2":"type-post","3":"status-publish","4":"format-standard","5":"has-post-thumbnail","7":"category-entretenimiento","8":"tag-36387","9":"tag-apoyar","10":"tag-broncano","11":"tag-cargar","12":"tag-entertainment","13":"tag-entretenimiento","14":"tag-es","15":"tag-espana","16":"tag-marilo","17":"tag-montero","18":"tag-reaccion","19":"tag-revuelta","20":"tag-rtve","21":"tag-spain","22":"tag-toros"},"share_on_mastodon":{"url":"","error":""},"_links":{"self":[{"href":"https:\/\/www.europesays.com\/es\/wp-json\/wp\/v2\/posts\/104439","targetHints":{"allow":["GET"]}}],"collection":[{"href":"https:\/\/www.europesays.com\/es\/wp-json\/wp\/v2\/posts"}],"about":[{"href":"https:\/\/www.europesays.com\/es\/wp-json\/wp\/v2\/types\/post"}],"author":[{"embeddable":true,"href":"https:\/\/www.europesays.com\/es\/wp-json\/wp\/v2\/users\/2"}],"replies":[{"embeddable":true,"href":"https:\/\/www.europesays.com\/es\/wp-json\/wp\/v2\/comments?post=104439"}],"version-history":[{"count":0,"href":"https:\/\/www.europesays.com\/es\/wp-json\/wp\/v2\/posts\/104439\/revisions"}],"wp:featuredmedia":[{"embeddable":true,"href":"https:\/\/www.europesays.com\/es\/wp-json\/wp\/v2\/media\/104440"}],"wp:attachment":[{"href":"https:\/\/www.europesays.com\/es\/wp-json\/wp\/v2\/media?parent=104439"}],"wp:term":[{"taxonomy":"category","embeddable":true,"href":"https:\/\/www.europesays.com\/es\/wp-json\/wp\/v2\/categories?post=104439"},{"taxonomy":"post_tag","embeddable":true,"href":"https:\/\/www.europesays.com\/es\/wp-json\/wp\/v2\/tags?post=104439"}],"curies":[{"name":"wp","href":"https:\/\/api.w.org\/{rel}","templated":true}]}}