{"id":104511,"date":"2025-09-10T01:09:09","date_gmt":"2025-09-10T01:09:09","guid":{"rendered":"https:\/\/www.europesays.com\/es\/104511\/"},"modified":"2025-09-10T01:09:09","modified_gmt":"2025-09-10T01:09:09","slug":"el-gobierno-prohibira-fumar-y-vapear-a-los-menores-con-multas-para-sus-padres","status":"publish","type":"post","link":"https:\/\/www.europesays.com\/es\/104511\/","title":{"rendered":"El Gobierno prohibir\u00e1 fumar y vapear a los menores, con multas para sus padres"},"content":{"rendered":"<p><img decoding=\"async\" class=\"voc-author__img\" src=\"https:\/\/www.europesays.com\/es\/wp-content\/uploads\/2025\/08\/autor-1616-foto-10.jpeg\" alt=\"Elena Calvo\"\/><\/p>\n<p>09\/09\/2025<br \/>\n<br \/><strong><br \/>\nActualizado a las 22:00h.<br \/>\n<\/strong><\/p>\n<p class=\"voc-p\" style=\"\">Actualmente, la legislaci\u00f3n espa\u00f1ola proh\u00edbe la venta o entrega de tabaco o de productos que lo imiten a menores de edad, pero no veta como tal el consumo a esas edades. De hecho, no es extra\u00f1o ver a adolescentes vapeando en las inmediaciones de institutos o parques. Pero ese gesto podr\u00e1 conllevar multas econ\u00f3micas para los j\u00f3venes \u2014o m\u00e1s bien para sus padres\u2014 si <a href=\"https:\/\/www.abc.es\/sociedad\/gobierno-aprueba-nueva-ley-antitabaco-podra-fumar-20250909124634-nt.html\" target=\"_self\" data-voc-vtm-id=\"in-text-traffic\" title=\"la nueva ley antitabaco\" rel=\"nofollow noopener\">la nueva ley antitabaco<\/a> sale adelante. El Consejo de Ministros ha dado luz verde este martes al anteproyecto del Ministerio de Sanidad, que adem\u00e1s de vetar el tabaco y todos sus derivados, como los cigarrillos electr\u00f3nicos, para todos aquellos que tengan menos de 18 a\u00f1os proh\u00edbe fumar en lugares al aire libre como terrazas de bares y restaurantes, conciertos o campus universitarios, entre otros. <\/p>\n<p class=\"voc-p\" style=\"\">A<a href=\"https:\/\/www.abc.es\/sociedad\/sanidad-elimina-empaquetado-generico-ley-antitabaco-falta-20250905100934-nt.html\" target=\"_self\" data-voc-vtm-id=\"in-text-traffic\" title=\" esta ley\" rel=\"nofollow noopener\"> esta ley<\/a>, sin embargo, a\u00fan le queda mucho recorrido hasta convertirse en una realidad. Lo que ha hecho este martes el Consejo de Ministros es aprobar el anteproyecto, que ahora saldr\u00e1 a audiencia p\u00fablica para que sociedades cient\u00edficas, comunidades aut\u00f3nomas o la industria env\u00eden sus alegaciones. Una vez finalizado ese plazo, Sanidad deber\u00eda modificar el texto con las alegaciones que considere y cuando tenga el definitivo volver a llevarlo a Consejo de Ministros. Cuando reciba el visto bueno del Gobierno por segunda vez, la norma llegar\u00e1 al Congreso y Senado donde, para salir adelante necesitar\u00e1 mayor\u00eda. Por tanto todav\u00eda quedan varios meses, si no m\u00e1s, para que la norma, si encuentra los apoyos necesarios, se materialice.<\/p>\n<p class=\"voc-p\" style=\"\">De momento, el PP ya ha advertido que la norma carece de ambici\u00f3n y de memoria econ\u00f3mica, se\u00f1alan fuentes populares, que insisten en la necesidad de que cuente con una financiaci\u00f3n. El partido asegura que est\u00e1 a favor de la evidencia cient\u00edfica y de implementar medidas contra el tabaquismo, pero cree que la norma planteada por el Gobierno no es la manera adecuada de hacerlo. \u00abEl Ejecutivo se queda corto y solo busca generar un titular en los medios para hacer pol\u00edtica con la salud de todos\u00bb, dicen las mismas fuentes, que lamentan adem\u00e1s que se ponga en la hosteler\u00eda \u00abla responsabilidad\u00bb de acabar con el tabaquismo \u00absin ofrecerles ning\u00fan tipo de ayuda\u00bb. <\/p>\n<p>\nMultas para los padres\n<\/p>\n<p class=\"voc-p\" style=\"\">Por primera vez, la norma establece la prohibici\u00f3n de que los menores de edad fumen. El veto, adem\u00e1s, se extiende a los cigarrillos electr\u00f3nicos (contengan o no nicotina), los compuestos a base de hierbas como las shishas, los dispositivos para el consumo de productos calentados y las bolsitas de nicotina.<\/p>\n<p class=\"voc-p\" style=\"\">La ley establece multas por incumplirla. En el caso de los menores que sean sorprendidos fumando o vapeando la infracci\u00f3n se considerar\u00e1 leve, conllevando este tipo de faltas castigos de entre 100 y 600 euros. Sin embargo, la actual legislaci\u00f3n determina que cuando las personas que cometan el incumplimiento sean menores de edad el importe a pagar ser\u00e1 el m\u00ednimo de esa horquilla, por lo que se entiende que la cantidad a abonar ser\u00e1 de 100 euros. Adem\u00e1s, el anteproyecto de Sanidad fija ser\u00e1n los padres del menor los que deber\u00e1n responder subsidiariamente.<\/p>\n<p>\nNi en terrazas ni en conciertos\n<\/p>\n<p class=\"voc-p\" style=\"\">La nueva ley ampliar\u00e1 los lugares en los que se veten tanto el tabaco convencional como el resto de productos, salvo las bolsas de nicotina. Se prohibir\u00e1 as\u00ed fumar o vapear en las terrazas de bares y restaurantes. Tambi\u00e9n en los veh\u00edculos de trabajo, como furgonetas de reparto. Hasta ahora, en los centros universitarios y de formaci\u00f3n para adultos se permit\u00eda el tabaco en las zonas al aire libre, pero el nuevo texto lo restringe tambi\u00e9n en el exterior, de manera que la privaci\u00f3n afectar\u00e1 tambi\u00e9n a los campus universitarios. <\/p>\n<p class=\"voc-p\" style=\"\">Si la ley sale adelante se prohibir\u00e1 fumar en el exterior de instalaciones deportivas, piscinas de uso colectivo y recintos donde se desarrollen espect\u00e1culos p\u00fablicos. Tambi\u00e9n en las zonas al aire libre de salas de fiesta o establecimientos de juego, as\u00ed como en estaciones de autobuses, andenes y marquesinas. <\/p>\n<p class=\"voc-p\" style=\"\">El texto del anteproyecto tambi\u00e9n ampl\u00eda la prohibici\u00f3n del tabaco y productos similares a las salas de teatro, cine, conciertos y espect\u00e1culos p\u00fablicos que se celebren al aire libre. Entrar\u00edan aqu\u00ed tanto los festivales de m\u00fasica como las actuaciones de orquestas en fiestas populares, por ejemplo, aunque fuentes del Ministerio de Sanidad insisten en que los detalles se definir\u00e1n durante la tramitaci\u00f3n de la normativa. Todas las zonas deber\u00e1n estar correctamente se\u00f1aladas.<\/p>\n<p>\nA m\u00e1s de 15 metros del parque infantil\n<\/p>\n<p class=\"voc-p\" style=\"\">El texto se\u00f1ala otros espacios que considera \u00abentornos de protecci\u00f3n reforzada\u00bb y en los que no se podr\u00e1 fumar ni vapear en un per\u00edmetro de 15 metros desde sus accesos, como los parques infantiles. Tambi\u00e9n se deber\u00e1 respetar esta distancia en edificios p\u00fablicos, centros sanitarios p\u00fablicos y privados, centros sociales, centros educativos, museos, bibliotecas y otros centros culturales y centros deportivos, tanto p\u00fablicos como de naturaleza privada. <\/p>\n<p>\nAdi\u00f3s a los v\u00e1per de un solo uso\n<\/p>\n<p class=\"voc-p\" style=\"\">La nueva ley antitabaco prohibir\u00e1 la venta y suministro de los cigarrillos electr\u00f3nicos de un solo uso, muy populares entre los j\u00f3venes, sobre todo en entornos festivos. Sanidad alude esta restricci\u00f3n tambi\u00e9n a motivos medioambientales. \u00abEs un producto especialmente grave o da\u00f1ino con el medio ambiente\u00bb, ha defendido este martes la ministra M\u00f3nica Garc\u00eda en la rueda de prensa posterior al Consejo de Ministros, que se ha referido del mismo modo a que estos productos \u00abenganchan\u00bb a los m\u00e1s j\u00f3venes al tabaquismo por ser \u00abbaratos, con sabores dulces o envoltorios llamativos\u00bb. <\/p>\n<p class=\"voc-p\" style=\"\">En el caso de que la norma salga adelante y se apruebe, estos productos podr\u00e1n seguir comercializ\u00e1ndose durante los doce meses posteriores a su entrada en vigor.<\/p>\n<p>\nSin patrocinios en festivales\n<\/p>\n<p class=\"voc-p\" style=\"\">La norma fija la prohibici\u00f3n de todo tipo de publicidad de tabaco y productos derivados, tanto directa como indirecta. Las empresas del sector, incluidas las de los v\u00e1per, tampoco podr\u00e1n patrocinar actividades, eventos o contenidos ni aparecer en publicaciones, festivales, actividades culturales o deportivas, tanto presenciales como digitales.<\/p>\n<p>\nLas cajetillas no ser\u00e1n todas iguales\n<\/p>\n<p class=\"voc-p\" style=\"\">Pero dos de las grandes medidas que Sanidad quer\u00eda incluir no est\u00e1n finalmente en el texto. La primera es la subida de precios, que aunque el departamento de M\u00f3nica Garc\u00eda lo incluy\u00f3 en las primeras versiones de su plan de prevenci\u00f3n del tabaquismo -la hoja de ruta que marcaba la legislaci\u00f3n de los pr\u00f3ximos a\u00f1os en la materia- decay\u00f3 en la que fue aprobada por el Gobierno. Ahora, en esta ley, el ministerio quer\u00eda incluir tambi\u00e9n el empaquetado gen\u00e9rico para que todas las cajetillas fueran iguales, sin dise\u00f1os especiales, pero lo retir\u00f3 <a href=\"https:\/\/www.abc.es\/sociedad\/sanidad-pierde-batalla-gobierno-aprobara-ley-antitabaco-20250906041642-nt.html\" target=\"_self\" data-voc-vtm-id=\"in-text-traffic\" title=\"por discrepancias en el Ejecutivo\" rel=\"nofollow noopener\">por discrepancias en el Ejecutivo<\/a>. Aun as\u00ed, insiste Sanidad en que quiere volver a incluirla durante la tramitaci\u00f3n de la norma. <\/p>\n<p>Reportar un error<\/p>\n","protected":false},"excerpt":{"rendered":"09\/09\/2025 Actualizado a las 22:00h. Actualmente, la legislaci\u00f3n espa\u00f1ola proh\u00edbe la venta o entrega de tabaco o de&hellip;\n","protected":false},"author":2,"featured_media":104512,"comment_status":"","ping_status":"","sticky":false,"template":"","format":"standard","meta":{"footnotes":""},"categories":[8],"tags":[17,18,25,24,13,14,4211,582,11,19,20,1567,8671,9,10,15,16,3621,36402,23,12,21,22,28865],"class_list":{"0":"post-104511","1":"post","2":"type-post","3":"status-publish","4":"format-standard","5":"has-post-thumbnail","7":"category-espana","8":"tag-breaking-news","9":"tag-breakingnews","10":"tag-es","11":"tag-espana","12":"tag-featured-news","13":"tag-featurednews","14":"tag-fumar","15":"tag-gobierno","16":"tag-headlines","17":"tag-latest-news","18":"tag-latestnews","19":"tag-menores","20":"tag-multas","21":"tag-news","22":"tag-noticias","23":"tag-noticias-destacadas","24":"tag-noticiasdestacadas","25":"tag-padres","26":"tag-prohibira","27":"tag-spain","28":"tag-titulares","29":"tag-ultimas-noticias","30":"tag-ultimasnoticias","31":"tag-vapear"},"share_on_mastodon":{"url":"","error":""},"_links":{"self":[{"href":"https:\/\/www.europesays.com\/es\/wp-json\/wp\/v2\/posts\/104511","targetHints":{"allow":["GET"]}}],"collection":[{"href":"https:\/\/www.europesays.com\/es\/wp-json\/wp\/v2\/posts"}],"about":[{"href":"https:\/\/www.europesays.com\/es\/wp-json\/wp\/v2\/types\/post"}],"author":[{"embeddable":true,"href":"https:\/\/www.europesays.com\/es\/wp-json\/wp\/v2\/users\/2"}],"replies":[{"embeddable":true,"href":"https:\/\/www.europesays.com\/es\/wp-json\/wp\/v2\/comments?post=104511"}],"version-history":[{"count":0,"href":"https:\/\/www.europesays.com\/es\/wp-json\/wp\/v2\/posts\/104511\/revisions"}],"wp:featuredmedia":[{"embeddable":true,"href":"https:\/\/www.europesays.com\/es\/wp-json\/wp\/v2\/media\/104512"}],"wp:attachment":[{"href":"https:\/\/www.europesays.com\/es\/wp-json\/wp\/v2\/media?parent=104511"}],"wp:term":[{"taxonomy":"category","embeddable":true,"href":"https:\/\/www.europesays.com\/es\/wp-json\/wp\/v2\/categories?post=104511"},{"taxonomy":"post_tag","embeddable":true,"href":"https:\/\/www.europesays.com\/es\/wp-json\/wp\/v2\/tags?post=104511"}],"curies":[{"name":"wp","href":"https:\/\/api.w.org\/{rel}","templated":true}]}}