{"id":104521,"date":"2025-09-10T01:16:17","date_gmt":"2025-09-10T01:16:17","guid":{"rendered":"https:\/\/www.europesays.com\/es\/104521\/"},"modified":"2025-09-10T01:16:17","modified_gmt":"2025-09-10T01:16:17","slug":"tienen-alma-los-ciclistas-el-comun","status":"publish","type":"post","link":"https:\/\/www.europesays.com\/es\/104521\/","title":{"rendered":"\u00bfTienen alma los ciclistas? &#8211; El Com\u00fan"},"content":{"rendered":"<p>            <a href=\"https:\/\/i0.wp.com\/elcomun.es\/wp-content\/uploads\/2021\/02\/lidia-falcon.jpg?fit=700%2C300&amp;ssl=1\" data-caption=\"\" rel=\"nofollow noopener\" target=\"_blank\"><img loading=\"lazy\" decoding=\"async\" width=\"696\" height=\"298\" class=\"entry-thumb td-modal-image\" src=\"https:\/\/www.europesays.com\/es\/wp-content\/uploads\/2025\/09\/lidia-falcon.jpg\"   alt=\"\" title=\"lidia-falcon\"\/><\/a>            <\/p>\n<p><strong>Lidia Falc\u00f3n<\/strong><\/p>\n<p>Mientras veo en la pantalla del televisor el rostro de un ni\u00f1o de Gaza de pocos a\u00f1os devastado por la falta de alimento, con los ojos desorbitados casi sali\u00e9ndosele de los p\u00e1rpados, las mejillas exang\u00fces, los dientes por encima de los labios por falta de carne que se los esconda, oigo las cr\u00edticas \u00e1cidas y rabiosas de periodistas contra los activistas que han interrumpido la vuelta ciclista a Espa\u00f1a en Bilbao.<\/p>\n<p>Con violencia, repite enfadado y muy pagado de s\u00ed mismo alguno de los organizadores o directivos de la competici\u00f3n ciclista. Otro de los intervinientes en el debate interrumpe para decir con \u00e9nfasis.\u201d \u201c\u00a1Y son los ex etarras de siempre!\u201d a\u00f1ade, afirmaci\u00f3n que escandaliza a sus interlocutores en vez de recibirla con agrado. Menos mal, pienso, que esos brutos que nos atormentaron durante medio siglo han hecho algo bien.<\/p>\n<p>Este di\u00e1logo est\u00e1 comentado en el peri\u00f3dico que informa de que la Vuelta ciclista a Espa\u00f1a en su etapa por el Pa\u00eds Vasco ha sido interrumpida por un grupo nutrido de activistas que se abalanzaron sobre los que participaban en representaci\u00f3n de Israel. Hab\u00eda tambi\u00e9n bastantes espectadores que comenzaron a apoyar la conducta de los asaltantes. Oigo los comentarios de los locutores\u00a0 e informadores de deporte y c\u00f3mo se lamentan de que haya tenido que cancelarse la carrera. Algunos patriotas se indignan de que este episodio se haya producido en Euskadi impidi\u00e9ndoles disfrutar del final de la etapa, porque posiblemente se le supon\u00eda ganador al equipo vasco.\u00a0<\/p>\n<p>Lamentablemente no pude intervenir porque no me hab\u00edan invitado a la tertulia y por tanto escribo estas l\u00edneas para que se sepa qu\u00e9 hubiese querido decir. La primera pregunta est\u00e1 dirigida al resto de ciclistas participantes que de diversos pa\u00edses se vinieron a Espa\u00f1a a competir para ganar la Vuelta \u00a0y estaban disgustados por la irrupci\u00f3n de los \u201cex etarras\u201d. \u00bfNinguno de los ciclistas se uni\u00f3 a la protesta de los activistas? Los espa\u00f1oles, y todos los de otras nacionalidades subidos a sus bicis, \u00bfcontemplaron indiferentes a los que increpaban al pelot\u00f3n gritando consignas a favor de Palestina, contra la admisi\u00f3n del equipo de Israel en la Vuelta a Espa\u00f1a, condenando el genocidio de Gaza que est\u00e1 perpetrando el gobierno criminal de Netanyahu, y exigiendo que se expulsara a los participantes israel\u00edes como m\u00ednima acci\u00f3n de protesta \u00a0contra las acciones criminales de Tel-Aviv.?<\/p>\n<p>Espa\u00f1a no \u00a0ha roto relaciones diplom\u00e1ticas con Tel-Aviv, no se han interrumpido las operaciones econ\u00f3micas con Israel, ni a\u00fan siquiera la venta de armamento al gobierno que est\u00e1 causando el Holocausto del siglo XXI, y ni siquiera se ha excluido a sus ciclistas de la participaci\u00f3n en esta carrera que da la vuelta a \u00a0nuestro pa\u00eds, aplaudidos por algunos de los espectadores que pierden su tiempo y estropean sus v\u00e9rtebras lumbares observando en pie, largas horas, el magistral uso de las piernas de los ciclistas.\u00a0<\/p>\n<p>\u00bfY qu\u00e9 han hecho el resto de los participantes? \u00bfHan mostrado alg\u00fan disgusto por compartir con los israel\u00edes la emoci\u00f3n y la gloria del deporte? \u00bfSe han dado de baja para solidarse con los activistas que han tenido que pegarse con la polic\u00eda, no s\u00e9 si alguno ha sido detenido?\u00a0 \u00bfY los espectadores zombis que contemplan la gesta desde el margen de la carretera, admirados de la habilidad de sus h\u00e9roes ciclistas?<\/p>\n<p>Y sin embargo, en medio de esa farsa, algunos han tenido el valor de decir basta. En Bilbao, en Cantabria, en Asturias, en Galicia, ciudadanos an\u00f3nimos se han arrojado al asfalto para parar la carrera, para romper el guion, para que la indiferencia no contin\u00fae intacta. Han detenido etapas enteras, han ondeado banderas palestinas, se han encadenado a los guardarrailes, han gritado que no puede haber normalidad mientras se comete un genocidio, un holocausto televisado en directo. Han recibido golpes, detenciones, insultos, desprecio y se exponen a multas que los pueden llevar a la insolvencia, pero lo que han hecho es devolver un soplo de dignidad a este pa\u00eds acostumbrado a arrodillarse ante el poderoso. Y esa dignidad debe multiplicarse, debe prender como fuego en un rastrojo seco un d\u00eda ventoso de verano, debe convertirse en el ejemplo que todos sigamos.<\/p>\n<p>Porque lo que est\u00e1 en juego no es una carrera ciclista, es nuestra propia conciencia. \u00bfD\u00f3nde est\u00e1n los ciclistas que, con contratos millonarios y egos de acero, callan mientras comparten pelot\u00f3n con los embajadores del exterminio? Ninguno renuncia, ninguno protesta, ninguno se atreve a plantarse. \u00bfEs que no tienen alma? \u00bfEs que solo saben agachar la cabeza y pedalear, como m\u00e1quinas sin memoria, como engranajes obedientes de un espect\u00e1culo podrido? \u00bfQu\u00e9 diferencia hay entre ellos y los espectadores que aplauden sin pesta\u00f1ear mientras en Gaza se entierra a miles de ni\u00f1os?<\/p>\n<p>Y, \u00bfqu\u00e9 hacemos los dem\u00e1s? \u00bfLos que como yo nos enteramos de esta expresi\u00f3n de protesta por la pantalla? \u00bfC\u00f3mo no estamos all\u00ed, en la misma carretera, grit\u00e1ndoles a los ciclistas? \u00bfC\u00f3mo no hemos difundido la consigna de ir con sacos de arena a llenar el asfalto para que no puedan continuar su pedaleo glorioso?<\/p>\n<p>\u00bfCu\u00e1ndo los ciclistas perdieron el alma? \u00bfEsos deportistas creen que su \u00fanica misi\u00f3n en la vida es darle vueltas con los pies a\u00a0 los pedales para llegar a la meta antes que los dem\u00e1s? \u00bfNo pensaron nunca en lo que supone que admitamos en nuestra Vuelta y veamos correr en nuestras carreteras y pueblos y ciudades a los representantes de un Estado exterminador de hombres, mujeres y ni\u00f1os, a los que bombardea con evidente satisfacci\u00f3n, incluso cuando est\u00e1n amontonados y temblando de hambre en los puntos de reparto de alimentos?<\/p>\n<p>\u00a0 \u00a0Y todos, todos nosotros que somos capaces de ver, en directo, c\u00f3mo se bombardean las ciudades y los pueblos de Gaza, en los que la mayor\u00eda de v\u00edctimas son ni\u00f1os, sin que salgamos de casa inmediatamente, a miles, a impecrar a los ciclistas y a los organizadores y a los financiadores de la Vuelta, y a los alcaldes de los pueblos que deciden el recorrido y al gobierno del Pa\u00eds Vasco que presumir\u00e1 de lucir en su patria a esos chicarrones de varias nacionalidades, de pantorrillas desarrolladas, para hacer patria, patria vasca, \u00bfd\u00f3nde hemos perdido el alma?<\/p>\n<p>\u00bfY c\u00f3mo no vamos a felicitar a los ex etarras que se han atrevido a enfrentarse al pelot\u00f3n y a los guardias y a los periodistas y a\u00a0 los pol\u00edticos que siempre est\u00e1n para defender a las peores personas, para mostrarse, al menos una vez en su vida, como verdaderos luchadores por la mejora de nuestra sociedad? Y que por un d\u00eda se han redimido un poco de tantos cr\u00edmenes y desafueros como cometieron en el siglo pasado.<\/p>\n<p>\u00bfSer\u00e1 cierto que la sociedad espa\u00f1ola contempla indiferente el holocausto de Gaza y Cisjordania y el exterminio de los palestinos que est\u00e1 cometiendo el gobierno y el ej\u00e9rcito israel\u00ed? \u00bfSer\u00e1 cierto que todos nosotros, los hombres y las mujeres espa\u00f1olas, las madres, los padres, los abuelos, los trabajadores, los ejecutivos y los obreros, las feministas y los estudiantes, hemos perdido el alma?<\/p>\n<p>Madrid, 7 de septiembre 2025. \u00a0\u00a0\u00a0<\/p>\n","protected":false},"excerpt":{"rendered":"Lidia Falc\u00f3n Mientras veo en la pantalla del televisor el rostro de un ni\u00f1o de Gaza de pocos&hellip;\n","protected":false},"author":2,"featured_media":104522,"comment_status":"","ping_status":"","sticky":false,"template":"","format":"standard","meta":{"footnotes":""},"categories":[273],"tags":[313,312,168,25,24,23,167],"class_list":{"0":"post-104521","1":"post","2":"type-post","3":"status-publish","4":"format-standard","5":"has-post-thumbnail","7":"category-ciclismo","8":"tag-ciclismo","9":"tag-cycling","10":"tag-deportes","11":"tag-es","12":"tag-espana","13":"tag-spain","14":"tag-sports"},"share_on_mastodon":{"url":"","error":""},"_links":{"self":[{"href":"https:\/\/www.europesays.com\/es\/wp-json\/wp\/v2\/posts\/104521","targetHints":{"allow":["GET"]}}],"collection":[{"href":"https:\/\/www.europesays.com\/es\/wp-json\/wp\/v2\/posts"}],"about":[{"href":"https:\/\/www.europesays.com\/es\/wp-json\/wp\/v2\/types\/post"}],"author":[{"embeddable":true,"href":"https:\/\/www.europesays.com\/es\/wp-json\/wp\/v2\/users\/2"}],"replies":[{"embeddable":true,"href":"https:\/\/www.europesays.com\/es\/wp-json\/wp\/v2\/comments?post=104521"}],"version-history":[{"count":0,"href":"https:\/\/www.europesays.com\/es\/wp-json\/wp\/v2\/posts\/104521\/revisions"}],"wp:featuredmedia":[{"embeddable":true,"href":"https:\/\/www.europesays.com\/es\/wp-json\/wp\/v2\/media\/104522"}],"wp:attachment":[{"href":"https:\/\/www.europesays.com\/es\/wp-json\/wp\/v2\/media?parent=104521"}],"wp:term":[{"taxonomy":"category","embeddable":true,"href":"https:\/\/www.europesays.com\/es\/wp-json\/wp\/v2\/categories?post=104521"},{"taxonomy":"post_tag","embeddable":true,"href":"https:\/\/www.europesays.com\/es\/wp-json\/wp\/v2\/tags?post=104521"}],"curies":[{"name":"wp","href":"https:\/\/api.w.org\/{rel}","templated":true}]}}