{"id":104542,"date":"2025-09-10T01:30:07","date_gmt":"2025-09-10T01:30:07","guid":{"rendered":"https:\/\/www.europesays.com\/es\/104542\/"},"modified":"2025-09-10T01:30:07","modified_gmt":"2025-09-10T01:30:07","slug":"el-sabadell-trabaja-contra-reloj-con-sus-asesores-por-el-informe-sobre-la-opa","status":"publish","type":"post","link":"https:\/\/www.europesays.com\/es\/104542\/","title":{"rendered":"El Sabadell trabaja contra reloj con sus asesores por el informe sobre la opa"},"content":{"rendered":"<p style=\"\"><a href=\"https:\/\/www.abc.es\/economia\/ultima-bala-sabadell-opa-bbva-informe-motivado-20250906040609-nt.html\" target=\"_self\" data-voc-vtm-id=\"in-text-traffic\" title=\"Banco Sabadell\" rel=\"nofollow noopener\">Banco Sabadell<\/a> ya trabaja en el informe que tendr\u00e1 que emitir el consejo de administraci\u00f3n con su opini\u00f3n y recomendaci\u00f3n sobre <a href=\"https:\/\/www.abc.es\/economia\/guia-completa-opa-bbva-sabadell-precio-calendario-20250908105931-nt.html\" target=\"_self\" data-voc-vtm-id=\"in-text-traffic\" title=\"la opa de BBVA\" rel=\"nofollow noopener\">la opa de BBVA<\/a>. Un documento oficial que deber\u00e1 reflejar <strong>la posici\u00f3n del m\u00e1ximo \u00f3rgano de gobierno de la entidad catalana<\/strong>,  &#8230; aunque es de sobra conocido desde el inicio de la operaci\u00f3n que sus principales directivos -el presidente Josep Oliu y el consejero delegado C\u00e9sar Gonz\u00e1lez-Bueno- est\u00e1n en contra de ser fagocitados por el banco vasco. <\/p>\n<p class=\"voc-p\" style=\"\">Seg\u00fan la ley de opas, el consejo de administraci\u00f3n del Sabadell tendr\u00e1 que emitir \u00abun informe detallado y motivado sobre la oferta p\u00fablica de adquisici\u00f3n, que deber\u00e1 contener sus observaciones a favor o en contra, y manifestar expresamente si existe alg\u00fan acuerdo entre la sociedad afectada y el oferente, sus administradores o socios, o entre cualquiera de estos y los miembros del \u00f3rgano de administraci\u00f3n de aqu\u00e9lla, as\u00ed como la opini\u00f3n de \u00e9stos respecto de la oferta, y la intenci\u00f3n de aceptar o no la oferta por aquellos que sean titulares directos o indirectos de valores afectados\u00bb.<\/p>\n<p class=\"voc-p\" style=\"\">La normativa da un plazo ajustado para que el consejo de la entidad opada se pronuncie: diez d\u00edas naturales desde que se abre el <a href=\"https:\/\/www.abc.es\/economia\/bbva-rechaza-mejorar-precio-opa-evitar-comprometerse-20250905143850-nt.html\" target=\"_self\" data-voc-vtm-id=\"in-text-traffic\" title=\"periodo de aceptaci\u00f3n\" rel=\"nofollow noopener\">periodo de aceptaci\u00f3n<\/a>, que es el momento en el que los accionistas deben decidir si acuden o no a la opa. Ese periodo de aceptaci\u00f3n se extiende desde el 8 de septiembre al <strong>7 de octubre<\/strong>, con lo que el informe del consejo de administraci\u00f3n deber\u00e1 hacerse p\u00fablico antes del 19 de septiembre. <\/p>\n<p class=\"voc-p\" style=\"\">Con ese plazo muy presente, el banco ya se encuentra trabajando en los detalles que servir\u00e1n al \u00f3rgano para deliberar sobre la operaci\u00f3n. <strong>Morgan Stanley y Goldman Sachs<\/strong>, dos de sus asesores principales, lideran el an\u00e1lisis financiero que servir\u00e1 de base al consejo para tomar una decisi\u00f3n. En ese an\u00e1lisis, incluir\u00e1n la valoraci\u00f3n real de la entidad financiera, es decir, cu\u00e1nto vale realmente el Sabadell m\u00e1s all\u00e1 de lo que dice la cotizaci\u00f3n en Bolsa. <\/p>\n<p class=\"voc-p\" style=\"\">Fuentes financieras se\u00f1alan que lo esperado es que ese an\u00e1lisis financiero recoja cu\u00e1l es el valor actual del banco y cu\u00e1l puede ser su valor a futuro, teniendo en cuenta las proyecciones realizadas por el propio banco. Asimismo, los asesores utilizar\u00e1n varios m\u00e9todos de valoraci\u00f3n para establecer cu\u00e1l es el valor del Sabadell en este momento. Aparte, ambos asesores tambi\u00e9n emitir\u00e1n lo que se llama su <strong>&#8216;fairness opinion&#8217;<\/strong>, que en definitiva es la opini\u00f3n que tiene el asesor sobre la operaci\u00f3n desde el punto de vista financiero. Por una parte est\u00e1 el an\u00e1lisis y por otra la opini\u00f3n. Para dar apoyo legal al consejo de administraci\u00f3n contar\u00e1n con su asesor jur\u00eddico de cabecera, Ur\u00eda Men\u00e9ndez.<\/p>\n<p class=\"voc-p\" style=\"\">M\u00e1s all\u00e1 de eso, el Sabadell ha contratado los servicios de otro asesor, Evercore, como avanz\u00f3 &#8216;El Pa\u00eds&#8217;, que trabajar\u00e1 exclusivamente para los consejeros independientes. Evercore tambi\u00e9n dar\u00e1 a estos su &#8216;fariness opinion&#8217; para que los independientes tomen su decisi\u00f3n con ese asesoramiento.<\/p>\n<p>\nLa oferta\n<\/p>\n<p class=\"voc-p\" style=\"\">As\u00ed las cosas, C\u00e9sar Gonz\u00e1lez-Bueno, el CEO, emplaz\u00f3 a todos los interesados a esperar a este informe oficial del consejo para conocer a fondo su posici\u00f3n. Lo hizo en la conferencia anual de Barclays. Sin embargo, s\u00ed que avanz\u00f3 algunas pinceladas de su pensamiento, en l\u00ednea con lo que ha venido diciendo los \u00faltimos meses. <\/p>\n<p class=\"voc-p\" style=\"\">El ejecutivo se\u00f1al\u00f3 que cree que la <a href=\"https:\/\/www.abc.es\/economia\/bbva-rehace-calculos-opa-sabadell-solo-lograria-20250905121829-nt.html\" target=\"_self\" data-voc-vtm-id=\"in-text-traffic\" title=\"oferta de BBVA\" rel=\"nofollow noopener\">oferta de BBVA<\/a> no ser\u00e1 la \u00faltima ya que estima que es insuficiente para que triunfe. Lo que ha venido a decir es que considera que el banco vasco acabar\u00e1 mejorando el precio de la opa, algo a lo que BBVA se ha negado desde el principio. <\/p>\n<p class=\"voc-p\" style=\"\">Al cierre de la cotizaci\u00f3n de ayer, al ser una propuesta principalmente en acciones, la oferta de BBVA supone una prima negativa del -9,2%. Esto significa que, a d\u00eda de hoy, el accionista del Sabadell que acuda a la oferta perder\u00eda dinero respecto a lo que tiene actualmente. De ah\u00ed que el CEO vaticine que el banco vasco acabar\u00e1 poniendo m\u00e1s dinero sobre la mesa si quiere intentar convencer a los accionistas de la entidad catalana.<\/p>\n","protected":false},"excerpt":{"rendered":"Banco Sabadell ya trabaja en el informe que tendr\u00e1 que emitir el consejo de administraci\u00f3n con su opini\u00f3n&hellip;\n","protected":false},"author":2,"featured_media":104543,"comment_status":"","ping_status":"","sticky":false,"template":"","format":"standard","meta":{"footnotes":""},"categories":[80],"tags":[11501,82,11218,95,94,25,24,8803,3284,1457,57,23,2646],"class_list":{"0":"post-104542","1":"post","2":"type-post","3":"status-publish","4":"format-standard","5":"has-post-thumbnail","7":"category-economia","8":"tag-asesores","9":"tag-business","10":"tag-contrarreloj","11":"tag-economia","12":"tag-economy","13":"tag-es","14":"tag-espana","15":"tag-informe","16":"tag-opa","17":"tag-sabadell","18":"tag-sobre","19":"tag-spain","20":"tag-trabaja"},"share_on_mastodon":{"url":"","error":""},"_links":{"self":[{"href":"https:\/\/www.europesays.com\/es\/wp-json\/wp\/v2\/posts\/104542","targetHints":{"allow":["GET"]}}],"collection":[{"href":"https:\/\/www.europesays.com\/es\/wp-json\/wp\/v2\/posts"}],"about":[{"href":"https:\/\/www.europesays.com\/es\/wp-json\/wp\/v2\/types\/post"}],"author":[{"embeddable":true,"href":"https:\/\/www.europesays.com\/es\/wp-json\/wp\/v2\/users\/2"}],"replies":[{"embeddable":true,"href":"https:\/\/www.europesays.com\/es\/wp-json\/wp\/v2\/comments?post=104542"}],"version-history":[{"count":0,"href":"https:\/\/www.europesays.com\/es\/wp-json\/wp\/v2\/posts\/104542\/revisions"}],"wp:featuredmedia":[{"embeddable":true,"href":"https:\/\/www.europesays.com\/es\/wp-json\/wp\/v2\/media\/104543"}],"wp:attachment":[{"href":"https:\/\/www.europesays.com\/es\/wp-json\/wp\/v2\/media?parent=104542"}],"wp:term":[{"taxonomy":"category","embeddable":true,"href":"https:\/\/www.europesays.com\/es\/wp-json\/wp\/v2\/categories?post=104542"},{"taxonomy":"post_tag","embeddable":true,"href":"https:\/\/www.europesays.com\/es\/wp-json\/wp\/v2\/tags?post=104542"}],"curies":[{"name":"wp","href":"https:\/\/api.w.org\/{rel}","templated":true}]}}