{"id":104593,"date":"2025-09-10T02:11:11","date_gmt":"2025-09-10T02:11:11","guid":{"rendered":"https:\/\/www.europesays.com\/es\/104593\/"},"modified":"2025-09-10T02:11:11","modified_gmt":"2025-09-10T02:11:11","slug":"pierce-brosnan-abre-la-puerta-a-un-regreso-como-007-un-bond-de-setenta-y-tantos-saben-donde-encontrarme","status":"publish","type":"post","link":"https:\/\/www.europesays.com\/es\/104593\/","title":{"rendered":"Pierce Brosnan abre la puerta a un regreso como 007 : \u201c\u00bfUn Bond de setenta y tantos? Saben d\u00f3nde encontrarme\u201d"},"content":{"rendered":"<p>Pierce Brosnan lidera el elenco de &#8216;El Club de Asesinatos de los Jueves&#8217;, adaptaci\u00f3n de la exitosa novela de Richard Osman (Netflix)<\/p>\n<p class=\"paragraph\"><a href=\"https:\/\/www.infobae.com\/tag\/pierce-brosnan\/\" target=\"_blank\" rel=\"noreferrer nofollow noopener\" title=\"https:\/\/www.infobae.com\/tag\/pierce-brosnan\/\"><b>Pierce Brosnan<\/b><\/a>, reconocido internacionalmente por su papel como <a href=\"https:\/\/www.infobae.com\/espana\/cultura\/2025\/06\/30\/uno-de-los-actores-favoritos-para-representar-al-proximo-007-explica-por-que-el-papel-de-james-bond-es-la-pesadilla-de-cualquier-actor\/\" target=\"_blank\" rel=\"noreferrer nofollow noopener\" title=\"https:\/\/www.infobae.com\/espana\/cultura\/2025\/06\/30\/uno-de-los-actores-favoritos-para-representar-al-proximo-007-explica-por-que-el-papel-de-james-bond-es-la-pesadilla-de-cualquier-actor\/\"><b>James Bond<\/b><\/a>, asumi\u00f3 un nuevo desaf\u00edo interpretando a Ron Ritchie, un exl\u00edder sindical, en la adaptaci\u00f3n cinematogr\u00e1fica de El Club de Asesinatos de los Jueves. <\/p>\n<p class=\"paragraph\">En una entrevista con The Independent, el actor irland\u00e9s de 72 a\u00f1os reflexion\u00f3 sobre su legado como <b>007<\/b>, su entusiasmo por este proyecto y su disposici\u00f3n a regresar al ic\u00f3nico personaje. <b>\u201c\u00bfUn Bond de setenta y tantos? Saben d\u00f3nde encontrarme\u201d<\/b>, afirm\u00f3 Brosnan.<\/p>\n<p class=\"paragraph\">La pel\u00edcula, inspirada en la exitosa novela de <b>Richard Osman<\/b>, re\u00fane a un elenco destacado:<b> Helen Mirren, Ben Kingsley, Celia Imrie <\/b>y el propio Brosnan, quienes dan vida a un grupo de jubilados que resuelven cr\u00edmenes en una lujosa residencia de ancianos. <\/p>\n<p class=\"paragraph\">El fen\u00f3meno literario de Osman, que vendi\u00f3 millones de ejemplares desde su publicaci\u00f3n en 2020, llega ahora a la gran pantalla bajo la direcci\u00f3n de <b>Chris Columbus<\/b>, con escenarios que trasladan la acci\u00f3n a entornos rurales brit\u00e1nicos.<\/p>\n<p class=\"paragraph\">Durante la conversaci\u00f3n con The Independent, abord\u00f3 <b>la posibilidad de volver a interpretar a James Bond<\/b>, un papel que asumi\u00f3 en 1995 con GoldenEye y que revitaliz\u00f3 la franquicia tras a\u00f1os de incertidumbre. <\/p>\n<p><img alt=\"El actor irland\u00e9s interpret\u00f3 al\" class=\"global-image\" decoding=\"async\" fetchpriority=\"low\" height=\"1413\" loading=\"lazy\" src=\"https:\/\/www.europesays.com\/es\/wp-content\/uploads\/2025\/09\/63GRCVV4NDIU6FXEWAJSMJ4GTU.jpg\" width=\"2048\"\/>El actor irland\u00e9s interpret\u00f3 al esp\u00eda brit\u00e1nico en cuatro pel\u00edculas antes de ser reemplazado por Daniel Craig (REUTERS)<\/p>\n<p class=\"paragraph\">\u201cTienes que ser duro como unas botas viejas para interpretar el papel, porque<b> no todo el mundo estar\u00e1 contento contigo<\/b>\u201d, coment\u00f3 el actor, quien protagoniz\u00f3 cuatro pel\u00edculas de la saga antes de ser reemplazado por <b>Daniel Craig<\/b>. Brosnan elogi\u00f3 a su sucesor: <b>\u201cDaniel fue un James Bond magn\u00edfico, brillante, monumental\u201d<\/b>.<\/p>\n<p class=\"paragraph\">El actor tambi\u00e9n comparti\u00f3 sus pensamientos sobre el paso del tiempo y la evoluci\u00f3n de su carrera. <b>\u201cMe he convertido en un jubilado\u201d<\/b>, reconoci\u00f3 con humor, subrayando que la madurez le permiti\u00f3 disfrutar de nuevas oportunidades en la industria. <\/p>\n<p class=\"paragraph\"><b>\u201cUno crece con la edad, y eso es un regalo en s\u00ed mismo. Es maravilloso a los 72 a\u00f1os haber tenido una carrera y a\u00fan encontrar trabajo\u201d<\/b>, expres\u00f3 a The Independent.<\/p>\n<p class=\"paragraph\">Brosnan describi\u00f3 el rodaje de El Club de Asesinatos de los Jueves como un <b>\u201cverano glorioso\u201d<\/b> y destac\u00f3 la afinidad que siente con su personaje, Ron, a quien considera un luchador por las causas sociales.<\/p>\n<p><img alt=\"Brosnan destaca el valor de\" class=\"global-image\" decoding=\"async\" fetchpriority=\"low\" height=\"3871\" loading=\"lazy\" src=\"https:\/\/www.europesays.com\/es\/wp-content\/uploads\/2025\/09\/RN54WUNCC4NBHXA6ZRBGJRHQ5I.jpg\" width=\"5812\"\/>Brosnan destaca el valor de envejecer en la industria y la importancia de nuevas oportunidades a los 72 a\u00f1os (REUTERS)<\/p>\n<p class=\"paragraph\">\u201c\u00c9l ha salido a las trincheras luchando por la causa.<b> <\/b>Como actor, yo he hecho lo mismo en el mundo del activismo ambiental. <b>S\u00e9 lo que es enfrentarse a la autoridad, protestar, ser parte del esfuerzo por cuidar al pr\u00f3jimo, al medio ambiente<\/b>, ya sean oc\u00e9anos o \u00e1rboles centenarios\u201d, se\u00f1al\u00f3.<\/p>\n<p class=\"paragraph\">Tambi\u00e9n defendi\u00f3 la esencia de la historia de Osman frente a las cr\u00edticas por su tono ligero: \u201cEs entretenimiento, y quieres deslumbrarte. Quieres transportar a la gente, y <b>quieres que se vayan con una maravillosa sensaci\u00f3n de \u2018Quiero estar ah\u00ed cuando sea viejo. Quiero envejecer as\u00ed\u2019<\/b>\u201d.<\/p>\n<p class=\"paragraph\">Brosnan aprovech\u00f3 para manifestar su preocupaci\u00f3n por la falta de activismo en las generaciones m\u00e1s j\u00f3venes. <b>\u201cEsta generaci\u00f3n no protesta lo suficiente. Parece haber perdido la voz para denunciar lo que sucede, ya sea en pol\u00edtica, en el medio ambiente o en la vida\u201d<\/b>, declar\u00f3 a The Independent. <\/p>\n<p><img alt=\"Brosnan critic\u00f3 la falta de\" class=\"global-image\" decoding=\"async\" fetchpriority=\"low\" height=\"2717\" loading=\"lazy\" src=\"https:\/\/www.europesays.com\/es\/wp-content\/uploads\/2025\/09\/F2OHAWR6BPMFEUL5Z6BE4YYHUQ.jpg\" width=\"4044\"\/>Brosnan critic\u00f3 la falta de activismo en las nuevas generaciones y defiende la importancia de alzar la voz (REUTERS)<\/p>\n<p class=\"paragraph\">El actor se\u00f1al\u00f3 que, aunque las restricciones actuales dificultan la protesta, sigue creyendo en la importancia de alzar la voz frente a las injusticias. <b>\u201cAun as\u00ed, creo que si mantenemos viva la esperanza y la fe, el p\u00e9ndulo volver\u00e1 a un equilibrio de dignidad y compasi\u00f3n mutua\u201d<\/b>, a\u00f1adi\u00f3.<\/p>\n<p class=\"paragraph\">La infancia de Brosnan estuvo marcada por la adversidad. Nacido en Drogheda, Irlanda, creci\u00f3 con sus abuelos tras la partida de su padre y la emigraci\u00f3n de su madre a Inglaterra. <\/p>\n<p class=\"paragraph\">M\u00e1s tarde, se traslad\u00f3 a Londres, donde enfrent\u00f3 el acoso escolar y abandon\u00f3 la escuela a los 15 a\u00f1os. <b>\u201cDej\u00e9 la escuela sinti\u00e9ndome bastante in\u00fatil y sin alcanzar el nivel acad\u00e9mico\u201d<\/b>, record\u00f3.<\/p>\n<p class=\"paragraph\"><b>La actuaci\u00f3n se convirti\u00f3 en su v\u00eda de escape<\/b> y, tras una etapa en el teatro regional y papeles secundarios en cine y televisi\u00f3n, logr\u00f3 reconocimiento internacional con la serie Remington Steele. Su salto a Hollywood y, posteriormente, a la franquicia Bond, consolid\u00f3 su estatus como estrella global.<\/p>\n<p><img alt=\"Seg\u00fan Brosnan, el rodaje de\" class=\"global-image\" decoding=\"async\" fetchpriority=\"low\" height=\"720\" loading=\"lazy\" src=\"https:\/\/www.europesays.com\/es\/wp-content\/uploads\/2025\/09\/TN63JHCDK5ENDCUEA7I7N2VENU.png\" width=\"1280\"\/>Seg\u00fan Brosnan, el rodaje de la pel\u00edcula podr\u00eda dar inicio a una nueva franquicia cinematogr\u00e1fica basada en la obra de Osman (Netflix)<\/p>\n<p class=\"paragraph\">A lo largo de su carrera, Brosnan demostr\u00f3 versatilidad, participando en producciones tan diversas como The Thomas Crown Affair, The Matador, The Ghost, Mamma Mia y, m\u00e1s recientemente, MobLand. <\/p>\n<p class=\"paragraph\">Sobre su participaci\u00f3n en esta \u00faltima, relat\u00f3 a The Independent <b>c\u00f3mo tuvo que improvisar un acento de Kerry en apenas 20 minutos<\/b>, una experiencia que le conect\u00f3 con sus ra\u00edces irlandesas y con la figura de su padre, a quien nunca conoci\u00f3.<\/p>\n<p class=\"paragraph\">Brosnan se uni\u00f3 a El Club de Asesinatos de los Jueves de la mano de Columbus, con quien trabaj\u00f3 en La se\u00f1ora Doubtfire y Percy Jackson. Record\u00f3 su primer encuentro con Robin Williams y <b>destac\u00f3 que la adaptaci\u00f3n de la novela de Osman podr\u00eda iniciar una nueva franquicia cinematogr\u00e1fica<\/b>.<\/p>\n<p class=\"paragraph\">A pesar de los desaf\u00edos y las transformaciones de la industria, Brosnan mantiene una visi\u00f3n optimista sobre el futuro. Considera que, mientras la esperanza y la fe permanezcan, la sociedad podr\u00e1 aspirar a recuperar el equilibrio y la compasi\u00f3n.<\/p>\n","protected":false},"excerpt":{"rendered":"Pierce Brosnan lidera el elenco de &#8216;El Club de Asesinatos de los Jueves&#8217;, adaptaci\u00f3n de la exitosa novela&hellip;\n","protected":false},"author":2,"featured_media":104594,"comment_status":"","ping_status":"","sticky":false,"template":"","format":"standard","meta":{"footnotes":""},"categories":[169],"tags":[177,146,8117,147,25,24,406,176,175,23],"class_list":{"0":"post-104593","1":"post","2":"type-post","3":"status-publish","4":"format-standard","5":"has-post-thumbnail","7":"category-cine","8":"tag-cine","9":"tag-entertainment","10":"tag-entertainment-and-lifestyle","11":"tag-entretenimiento","12":"tag-es","13":"tag-espana","14":"tag-europe","15":"tag-film","16":"tag-movies","17":"tag-spain"},"share_on_mastodon":{"url":"","error":""},"_links":{"self":[{"href":"https:\/\/www.europesays.com\/es\/wp-json\/wp\/v2\/posts\/104593","targetHints":{"allow":["GET"]}}],"collection":[{"href":"https:\/\/www.europesays.com\/es\/wp-json\/wp\/v2\/posts"}],"about":[{"href":"https:\/\/www.europesays.com\/es\/wp-json\/wp\/v2\/types\/post"}],"author":[{"embeddable":true,"href":"https:\/\/www.europesays.com\/es\/wp-json\/wp\/v2\/users\/2"}],"replies":[{"embeddable":true,"href":"https:\/\/www.europesays.com\/es\/wp-json\/wp\/v2\/comments?post=104593"}],"version-history":[{"count":0,"href":"https:\/\/www.europesays.com\/es\/wp-json\/wp\/v2\/posts\/104593\/revisions"}],"wp:featuredmedia":[{"embeddable":true,"href":"https:\/\/www.europesays.com\/es\/wp-json\/wp\/v2\/media\/104594"}],"wp:attachment":[{"href":"https:\/\/www.europesays.com\/es\/wp-json\/wp\/v2\/media?parent=104593"}],"wp:term":[{"taxonomy":"category","embeddable":true,"href":"https:\/\/www.europesays.com\/es\/wp-json\/wp\/v2\/categories?post=104593"},{"taxonomy":"post_tag","embeddable":true,"href":"https:\/\/www.europesays.com\/es\/wp-json\/wp\/v2\/tags?post=104593"}],"curies":[{"name":"wp","href":"https:\/\/api.w.org\/{rel}","templated":true}]}}