{"id":104616,"date":"2025-09-10T02:30:16","date_gmt":"2025-09-10T02:30:16","guid":{"rendered":"https:\/\/www.europesays.com\/es\/104616\/"},"modified":"2025-09-10T02:30:16","modified_gmt":"2025-09-10T02:30:16","slug":"es-la-primera-inscripcion-romana-de-espana","status":"publish","type":"post","link":"https:\/\/www.europesays.com\/es\/104616\/","title":{"rendered":"Es la primera inscripci\u00f3n romana de Espa\u00f1a"},"content":{"rendered":"<p class=\"description\"><b>\u00a1Oferta especial!<\/b> Suscr\u00edbete por solo 1\u20ac al mes a la revista Viajes National Geographic. <b>Solo a los primeros 500<\/b><\/p>\n<p><a href=\"https:\/\/tienda.rba.es\/revistas\/landing-mayo-2025-digital-vng-esp-24mhttps:\/\/tienda.rba.es\/revistas\/landing-oferta-septiembre-ngmvrba_source=viajes.nationalgeographic&amp;rba_medium=referral&amp;rba_campaign=oferta-especial-2025&amp;rba_term=viajesnationalgeographic&amp;rba_content=fns\" target=\"_blank\" class=\"more-link\" data-ga4_event=\"custom_event\" data-ga4_event_name=\"click_cta\" data-ga4_link_url=\"https:\/\/tienda.rba.es\/revistas\/landing-mayo-2025-digital-vng-esp-24mhttps:\/\/tienda.rba.es\/revistas\/landing-oferta-septiembre-ngmvrba_source=viajes.nationalgeographic&amp;rba_medium=referral&amp;rba_campaign=oferta-especial-2025&amp;rba_term=viajesnationalgeographic&amp;rba_content=fns\" data-ga4_content_type=\"lead\" data-ga4_element=\"article_phrase\" rel=\"nofollow noopener\">APROVECHA<\/a><\/p>\n<p>All\u00ed donde la pen\u00ednsula empieza a estrecharse para mirar hacia \u00c1frica, antes de llegar a mar abierto, <strong>el Parque Natural de Los Alcornocales se extiende a lo largo de m\u00e1s de 173.000 hect\u00e1reas entre las provincias de C\u00e1diz y M\u00e1laga<\/strong>, recogiendo en su extensa superficie una galaxia de pueblos que reflejan la esencia de su paisaje rural. De apariencia blanca y tejados anaranjados, aupado entre colinas y rodeado de la sierra gaditana \u2013con ciertos parecidos a su vecina <a href=\"https:\/\/viajes.nationalgeographic.com.es\/a\/que-ver-jerez-frontera_14560\" rel=\"nofollow noopener\" target=\"_blank\">Jerez de la Frontera<\/a>\u2013 existe <strong>una peque\u00f1a localidad que conserva la mezcla equilibrada del car\u00e1cter medieval y andalus\u00ed<\/strong>, fruto de su rico pasado hist\u00f3rico. Parte de este extenso pasado se vuelve tangible gracias a los restos existentes de la antigua ciudad romana de Lascuta y la joya hist\u00f3rica que se encontr\u00f3 en 1867, que por su gran valor y unicidad, <strong>viaj\u00f3 hasta Par\u00eds para exponerse al p\u00fablico en el Museo del Louvre<\/strong>.<\/p>\n<p>\u00a0<\/p>\n<p>&#13;&#13;<\/p>\n<p>Cargando v\u00eddeo: Pueblos c\u00e1diz<\/p>\n<p>Cruce hist\u00f3rico<img loading=\"lazy\" decoding=\"async\"   src=\"https:\/\/www.europesays.com\/es\/wp-content\/uploads\/2025\/09\/adobestock_3eb6a531_1388320999_250909130036_1200x675.webp.webp\" alt=\"AdobeStock\" class=\"lazyload\" width=\"1200\" height=\"675\" data-aspectratio=\"1200\/675\"\/><br \/>\n&#13;Foto: Adobe Stock<\/p>\n<p>Sus casas blancas y tejados anaranjados caracterizan su figura, regentada por los vestigios de su antiguo castillo y su iglesia.\u00a0<\/p>\n<p>Cerca del coraz\u00f3n de <strong>Alcal\u00e1 de los Gazules<\/strong> se alza el cerro amesetado de la Mesa del Esparragal. En ese enclave, seg\u00fan estudios arqueol\u00f3gicos, <strong>se encontr\u00f3 el Bronce de Lascuta, la primera inscripci\u00f3n romana de Espa\u00f1a<\/strong>, en la que se pod\u00eda leer el edicto que daba la libertad a los siervos de la vecina ciudad de Hasta, y que hoy\u00a0<strong>se expone en el museo parisino<\/strong>. Sin embargo, la localidad tambi\u00e9n quiso mantener cerca este pedazo de su historia, as\u00ed que <strong>decidi\u00f3 exponer r\u00e9plicas de su tesoro<\/strong> en el sal\u00f3n de plenos del Ayuntamiento y en el Museo Arqueol\u00f3gico de Jerez de la Frontera.<\/p>\n<p><a href=\"https:\/\/viajes.nationalgeographic.com.es\/a\/primera-construccion-declarada-monumento-nacional-espana_23380\" class=\"rel\" rel=\"nofollow noopener\" target=\"_blank\">&#13;&#13;<img loading=\"lazy\" decoding=\"async\" src=\"https:\/\/www.europesays.com\/es\/wp-content\/uploads\/2025\/09\/catedral-de-leon_b6398eec_250908124354_550x807.webp.webp\" alt=\"catedral de leon\" class=\"imagenRelacionado lazyload\" width=\"550\" height=\"807\" data-aspectratio=\"550\/807\"\/>&#13;&#13;<\/p>\n<p class=\"relatedTitle\">Seguir viajando<\/p>\n<p class=\"supertitle\">Maravillas arquitect\u00f3nicas<\/p>\n<p class=\"title\">El primer Monumento Nacional de Espa\u00f1a fue desmontado piedra a piedra <\/p>\n<p class=\"subtitle\">El t\u00edtulo de Bien de Inter\u00e9s Cultural hizo posible su rehabilitaci\u00f3n, un acontecimiento \u00fanico que traspas\u00f3 las fronteras europeas y permiti\u00f3 seguir disfrutando de esta joya del g\u00f3tico.<\/p>\n<p><a href=\"https:\/\/viajes.nationalgeographic.com.es\/a\/primera-construccion-declarada-monumento-nacional-espana_23380\" class=\"readarticle\" rel=\"nofollow noopener\" target=\"_blank\">Leer art\u00edculo<\/a><\/p>\n<p><\/a><\/p>\n<p>\u00a0<\/p>\n<p>M\u00e1s all\u00e1 de esta reliquia que hace palpable su pasado, <strong>recorrer sus callejuelas tambi\u00e9n es todo un viaje por su historia<\/strong>, donde el blanco de las fachadas y la fisonom\u00eda de sus calles empinadas reflejan otra de sus etapas. Con la llegada de los musulmanes, la localidad alcanz\u00f3 una gran relevancia como fortaleza fronteriza, de donde deriva su nombre -Al-Qalat, \u201cel castillo\u201d-, que tambi\u00e9n se alza como uno de sus m\u00e1s grandes emblemas. Tras la Reconquista pas\u00f3 a formar parte del Reino de Castilla, conservando su papel estrat\u00e9gico frente a las fronteras nazar\u00edes. <strong>Desde entonces, murallas, torres y callejuelas han mantenido viva la memoria de una villa marcada por la historia.<\/strong><\/p>\n<p>\u00a0<\/p>\n<p>\u00bfQuieres viajar por los pueblos m\u00e1s monumentales de Espa\u00f1a? <strong><a href=\"https:\/\/participa.nationalgeographic.com.es\/quiz\/1654292_1125\/pueblos-monumentales.html\" target=\"_blank\" rel=\"nofollow noopener\">\u00a1Descarga gratis nuestro eBook<\/a><\/strong> y descubre cu\u00e1les son!\u00a0<\/p>\n<p>\u00a0<\/p>\n<p>Riqueza de patrimonio arquitect\u00f3nico<img loading=\"lazy\" decoding=\"async\"   src=\"https:\/\/www.europesays.com\/es\/wp-content\/uploads\/2025\/09\/alcala-de-los-gazules-cadiz_7ff06563_250909124852_1200x800.webp.webp\" alt=\"Alcal\u00e1 de los Gazules, C\u00e1diz\" class=\"lazyload\" width=\"1200\" height=\"800\" data-aspectratio=\"1200\/800\"\/><br \/>\n&#13;Foto: Shutterstock<\/p>\n<p>La Iglesia Mayor Parroquial de San Jorge se alza como guardiana de la memoria colectiva.<\/p>\n<p>El hecho de compartir culturas ha contribuido a que su rostro se vea salpicado de un sinf\u00edn de enclaves variados repartidos por su territorio, que sus vecinos muestran con orgullo y que, sin lugar a dudas, <strong>merecen una parada para ser admirados en cuanto uno pone un pie en la localidad<\/strong>. Entre sus imprescindibles -m\u00e1s all\u00e1 del yacimiento romano de la Mesa del Esparragal- <strong>destaca el castillo<\/strong>, del que a d\u00eda de hoy solo se conserva el torre\u00f3n. Todav\u00eda en el centro del pueblo, <strong>la Iglesia Mayor Parroquial de San Jorge se alza como guardiana de la memoria colectiva<\/strong>. Su figura mezcla huellas g\u00f3ticas, renacentistas y barrocas, algo que ha llevado a <strong>la localidad a ser declarada Conjunto Hist\u00f3rico<\/strong>.<\/p>\n<p>Entre rutas<img loading=\"lazy\" decoding=\"async\"   src=\"https:\/\/www.europesays.com\/es\/wp-content\/uploads\/2025\/09\/alcala-de-los-gazules-cadiz_8ecfdac7_1821758642_250909124927_1200x800.webp.webp\" alt=\"Alcal\u00e1 de los Gazules, C\u00e1diz\" class=\"lazyload\" width=\"1200\" height=\"800\" data-aspectratio=\"1200\/800\"\/><br \/>\n&#13;Foto: Shutterstock<\/p>\n<p>La Fuente de la Salada es otro de los imprescindibles a visitar en la localidad.<\/p>\n<p>Sin dejar de caminar, situada en la calle de Nuestra Se\u00f1ora de los Santos, se encuentra <strong>la Fuente de la Salada<\/strong>, de origen romano, que se construy\u00f3 para aprovechar el agua de un manantial fortuito que apareci\u00f3 en la roca. A las afueras y <strong>cruzando el r\u00edo Barbate se alza el actual puente,<\/strong> datado del a\u00f1o 1815, que custodia los restos del antiguo puente romano de tres ojos que a\u00fan se mantienen en sus cercan\u00edas, dejando en claro que Alcal\u00e1 de los Gazules siempre ha sido un enclave entre rutas. Esto no es solo un dicho hist\u00f3rico, sino que actualmente tambi\u00e9n se refleja:\u00a0<strong>forma parte tanto de <a href=\"https:\/\/viajes.nationalgeographic.com.es\/a\/pueblos-blancos-cadiz_20604\" rel=\"nofollow noopener\" target=\"_blank\">la Ruta de los Pueblos Blancos de C\u00e1diz<\/a>\u00a0como de la Ruta del Toro<\/strong>, un itinerario tur\u00edstico-cultural que conecta diversos pueblos y parajes relacionados con la ganader\u00eda brava y la cultura del toro de lidia.<\/p>\n<p>\u00a0<\/p>\n<p dir=\"ltr\"><a href=\"https:\/\/www.whatsapp.com\/channel\/0029Va858M88vd1KkudYW539\" rel=\"nofollow noopener\" target=\"_blank\"><strong>\u00a1Viajes National Geographic, directo en tu Whatsapp! S\u00edguenos para descubrir lugares fascinantes, destinos sorprendentes y sabores impresionantes.<\/strong><\/a><\/p>\n","protected":false},"excerpt":{"rendered":"\u00a1Oferta especial! Suscr\u00edbete por solo 1\u20ac al mes a la revista Viajes National Geographic. Solo a los primeros&hellip;\n","protected":false},"author":2,"featured_media":104617,"comment_status":"","ping_status":"","sticky":false,"template":"","format":"standard","meta":{"footnotes":""},"categories":[173],"tags":[229,233,231,230,119,232,234,146,147,25,24,1408,448,1407,1409,23,226],"class_list":{"0":"post-104616","1":"post","2":"type-post","3":"status-publish","4":"format-standard","5":"has-post-thumbnail","7":"category-arte-y-diseno","8":"tag-arte","9":"tag-arte-y-diseno","10":"tag-arts","11":"tag-arts-and-design","12":"tag-ciencia","13":"tag-design","14":"tag-diseno","15":"tag-entertainment","16":"tag-entretenimiento","17":"tag-es","18":"tag-espana","19":"tag-geographic","20":"tag-historia","21":"tag-national","22":"tag-naturaleza","23":"tag-spain","24":"tag-viajes"},"share_on_mastodon":{"url":"","error":""},"_links":{"self":[{"href":"https:\/\/www.europesays.com\/es\/wp-json\/wp\/v2\/posts\/104616","targetHints":{"allow":["GET"]}}],"collection":[{"href":"https:\/\/www.europesays.com\/es\/wp-json\/wp\/v2\/posts"}],"about":[{"href":"https:\/\/www.europesays.com\/es\/wp-json\/wp\/v2\/types\/post"}],"author":[{"embeddable":true,"href":"https:\/\/www.europesays.com\/es\/wp-json\/wp\/v2\/users\/2"}],"replies":[{"embeddable":true,"href":"https:\/\/www.europesays.com\/es\/wp-json\/wp\/v2\/comments?post=104616"}],"version-history":[{"count":0,"href":"https:\/\/www.europesays.com\/es\/wp-json\/wp\/v2\/posts\/104616\/revisions"}],"wp:featuredmedia":[{"embeddable":true,"href":"https:\/\/www.europesays.com\/es\/wp-json\/wp\/v2\/media\/104617"}],"wp:attachment":[{"href":"https:\/\/www.europesays.com\/es\/wp-json\/wp\/v2\/media?parent=104616"}],"wp:term":[{"taxonomy":"category","embeddable":true,"href":"https:\/\/www.europesays.com\/es\/wp-json\/wp\/v2\/categories?post=104616"},{"taxonomy":"post_tag","embeddable":true,"href":"https:\/\/www.europesays.com\/es\/wp-json\/wp\/v2\/tags?post=104616"}],"curies":[{"name":"wp","href":"https:\/\/api.w.org\/{rel}","templated":true}]}}